{"id":103035,"date":"2025-09-09T09:17:09","date_gmt":"2025-09-09T09:17:09","guid":{"rendered":"https:\/\/www.europesays.com\/es\/103035\/"},"modified":"2025-09-09T09:17:09","modified_gmt":"2025-09-09T09:17:09","slug":"el-agustinos-cumple-y-vence-al-elda-cee-34-39","status":"publish","type":"post","link":"https:\/\/www.europesays.com\/es\/103035\/","title":{"rendered":"El Agustinos cumple y vence al Elda CEE (34-39)"},"content":{"rendered":"<p>Tiempo de lectura:  2 minutos <\/p>\n<p>Triunfo visitante en un choque dominado por estos ante un Elda que sin \u00e9xito pele\u00f3 hasta el final.<\/p>\n<p>La segunda edici\u00f3n del trofeo fiestas mayores de Elda cerraba la pretemporada para Elda CEE y Agustinos Alicante antes de arrancar la temporada. El encuentro cay\u00f3 de lado visitante tras llevar a remolque a los locales quien nunca dieron su brazo a torcer. Ligero dominio de arranque propuso el Agustinos quien domin\u00f3 en ataque los primeros parciales ante un Elda a remolque que aguant\u00f3 bien el envite hasta los compases finales de un primer tiempo donde los visitantes, apretaron los dientes para romper el marcador y situar al descanso el 18-23, cinco goles arriba para el cuadro de Carrillo.<\/p>\n<p>En la segunda mitad se equilibr\u00f3 la batalla donde el Elda CEE intent\u00f3 ajustar el marcador, primero encontrando porter\u00eda de Mendieta si bien sosteniendo Agustinos un ritmo de anotaci\u00f3n que a\u00fan les llevar\u00eda a ir por delante en el marcador. Se produc\u00edan intercambio de goles en r\u00e1pidas transiciones de ataque donde ofensivamente superaban unos y otros las defensas ajenas. No era capaz Elda de darle caza a los de Alejandro Carrillo y Agustinos manej\u00f3 el ritmo en el tramo final para ir poco a poco cerrando el partido a su favor con el 34-39 y por consiguiente alzando el Trofeo Fiestas Patronales de Elda.<\/p>\n<p>Ficha t\u00e9cnica:<\/p>\n<p>Elda CEE Balonmano (34): Jose Vicent y Dani Vazquez (ps), Marcos, Miguel Angel, S\u00e1ez, Mart\u00ednez, Yeray, Galiano, Liavonau, Carrasco, German Bastan, Cano, Sogorb, Albero, Alca\u00f1iz y Ortu\u00f1o. Entrenador: Gede\u00f3n Guardiola.<\/p>\n<p>Alicante Agustinos Fundaci\u00f3n (39): Poyato y Mendieta (ps), Quiles, Reinante, David Jim\u00e9nez, Ponce de Le\u00f3n, Bod\u00ed, Boix, Maho Soso, Alberto Gonz\u00e1lez, Juande Linares, Alvaro, Faust Talens, Soler y Dario. Entrenador: Alejandro Carrillo.<\/p>\n<p>Parciales: 3-5, 8-10, 10-11, 13-14, 14-17, 18-23 -descanso- 34-39 -final-<\/p>\n<p>Arbitros: Arqu\u00e9s Candela y Cabrero Montero.<\/p>\n<p>Incidencias: Pabell\u00f3n Rafael Tapia Valdes.<\/p>\n","protected":false},"excerpt":{"rendered":"Tiempo de lectura: 2 minutos Triunfo visitante en un choque dominado por estos ante un Elda que sin&hellip;\n","protected":false},"author":2,"featured_media":103036,"comment_status":"","ping_status":"","sticky":false,"template":"","format":"standard","meta":{"footnotes":""},"categories":[278],"tags":[376,168,22185,25,24,375,23,167],"class_list":{"0":"post-103035","1":"post","2":"type-post","3":"status-publish","4":"format-standard","5":"has-post-thumbnail","7":"category-balonmano","8":"tag-balonmano","9":"tag-deportes","10":"tag-elda","11":"tag-es","12":"tag-espana","13":"tag-handball","14":"tag-spain","15":"tag-sports"},"share_on_mastodon":{"url":"","error":""},"_links":{"self":[{"href":"https:\/\/www.europesays.com\/es\/wp-json\/wp\/v2\/posts\/103035","targetHints":{"allow":["GET"]}}],"collection":[{"href":"https:\/\/www.europesays.com\/es\/wp-json\/wp\/v2\/posts"}],"about":[{"href":"https:\/\/www.europesays.com\/es\/wp-json\/wp\/v2\/types\/post"}],"author":[{"embeddable":true,"href":"https:\/\/www.europesays.com\/es\/wp-json\/wp\/v2\/users\/2"}],"replies":[{"embeddable":true,"href":"https:\/\/www.europesays.com\/es\/wp-json\/wp\/v2\/comments?post=103035"}],"version-history":[{"count":0,"href":"https:\/\/www.europesays.com\/es\/wp-json\/wp\/v2\/posts\/103035\/revisions"}],"wp:featuredmedia":[{"embeddable":true,"href":"https:\/\/www.europesays.com\/es\/wp-json\/wp\/v2\/media\/103036"}],"wp:attachment":[{"href":"https:\/\/www.europesays.com\/es\/wp-json\/wp\/v2\/media?parent=103035"}],"wp:term":[{"taxonomy":"category","embeddable":true,"href":"https:\/\/www.europesays.com\/es\/wp-json\/wp\/v2\/categories?post=103035"},{"taxonomy":"post_tag","embeddable":true,"href":"https:\/\/www.europesays.com\/es\/wp-json\/wp\/v2\/tags?post=103035"}],"curies":[{"name":"wp","href":"https:\/\/api.w.org\/{rel}","templated":true}]}}