{"id":103039,"date":"2025-09-09T09:22:07","date_gmt":"2025-09-09T09:22:07","guid":{"rendered":"https:\/\/www.europesays.com\/es\/103039\/"},"modified":"2025-09-09T09:22:07","modified_gmt":"2025-09-09T09:22:07","slug":"crono-de-valladolid-y-la-montana-madrilena-claves-para-la-batalla-entre-vingegaard-y-almeida-en-la-vuelta","status":"publish","type":"post","link":"https:\/\/www.europesays.com\/es\/103039\/","title":{"rendered":"Crono de Valladolid y la monta\u00f1a madrile\u00f1a, claves para la batalla entre Vingegaard y Almeida en la Vuelta"},"content":{"rendered":"<p>El <strong>ciclista dan\u00e9s Jonas Vingegaard<\/strong> (Visma-Lease a Bike) y el <strong>portugu\u00e9s Jo\u00e3o Almeida<\/strong> (UAE Team Emirates XRG) se <strong>jugar\u00e1n la victoria<\/strong> en esta <strong>tercera y \u00faltima semana<\/strong> de la <strong>Vuelta Ciclista a Espa\u00f1a,<\/strong> en la que se presentan como decisivas la etapa de este s\u00e1bado en la <strong>Sierra de Guadarrama <\/strong>(Madrid) y la <strong>contrarreloj individual<\/strong> del jueves en <strong>Valladolid<\/strong>.<\/p>\n<p>Esta <strong>tercera semana<\/strong> arrancar\u00e1 este martes 9 de septiembre en <strong>Galicia <\/strong>con una etapa de media monta\u00f1a y que acabar\u00e1 en el <strong>Castro de Herville<\/strong>, con algo m\u00e1s de ocho kil\u00f3metros al 5,2 por ciento de desnivel. La ciudad de Mos volver\u00e1 a ser clave como lo fue hace cuatro a\u00f1os, cuando el esloveno Primoz Roglic sentenci\u00f3 pr\u00e1cticamente la carrera y en la que el colombiano Miguel \u00c1ngel L\u00f3pez se retir\u00f3 despu\u00e9s de no haber podido entrar en la escapada. <\/p>\n<p>En la <strong>etapa del mi\u00e9rcoles<\/strong> se cubrir\u00e1 el pen\u00faltimo final en alto de la prueba, con la subida al Alto de Morredero en Castilla y Le\u00f3n, que contar\u00e1 con una in\u00e9dita y dur\u00edsima vertiente con 8,8 kil\u00f3metros al 9,7 por ciento, pudi\u00e9ndose producir grandes cambios en la clasificaci\u00f3n general. <\/p>\n<p>El <strong>jueves <\/strong>llegar\u00e1 la <strong>\u00fanica contrarreloj individual<\/strong> de esta Vuelta Ciclista a Espa\u00f1a 2025 y que tendr\u00e1 lugar en Valladolid. Con un recorrido de 27,2 kil\u00f3metros pr\u00e1cticamente planos, Vingegaard intentar\u00e1 marcar la diferencia sobre Almeida y aumentar su diferencia de cara a las \u00faltimas tres etapas. <\/p>\n<p>Al d\u00eda siguiente de esta importante contrarreloj individual, habr\u00e1 una <strong>etapa llana<\/strong> por la provincia de Salamanca como antesala de la \u00faltima jornada de alta monta\u00f1a, que tendr\u00e1 lugar en la Sierra de Guadarrama y que podr\u00eda ser decisiva para decidir el campe\u00f3n de esta edici\u00f3n. <\/p>\n<p>Se tratar\u00e1 de una <strong>jornada sinuosa<\/strong> y sin pr\u00e1cticamente un kil\u00f3metro llano con cuatro ascensiones antes de la subida final a la Bola del Mundo, extensi\u00f3n del Puerto de Navacerrada. Esta ascensi\u00f3n se estren\u00f3 en la carrera en el 2010 con la victoria de Ezequiel Mosquera y dos a\u00f1os despu\u00e9s repiti\u00f3 confirmando la segunda clasificaci\u00f3n general para Alberto Contador. <\/p>\n<p>En este escenario Vingegaard intentar\u00e1 certificar su triunfo en la clasificaci\u00f3n general, antes de la \u00faltima etapa de poco m\u00e1s de 100 kil\u00f3metros que se har\u00e1 por las calles de Madrid y que terminar\u00e1 coronando al nuevo campe\u00f3n de la Vuelta Ciclista a Espa\u00f1a. 48 <strong>SEGUNDOS ENTRE VINGEGAARD Y ALMEIDA <\/strong>\n<\/p>\n<p>Respecto a la <strong>clasificaci\u00f3n general<\/strong>, el l\u00edder es el dan\u00e9s <strong>Jonas Vingegaard<\/strong> del equipo Visma-Lease a Bike, quien tiene una <strong>ventaja de 48 segundos<\/strong> respecto al portugu\u00e9s <strong>Joao Almeida<\/strong> del UAE Team Emirates y de 2 minutos y 38 segundos respecto al ingl\u00e9s Thomas <strong>Pidcock<\/strong> del Q36.5 Pro Cycling Team. <\/p>\n<p>El de Hillerslev (Dinamarca) parte como gran favorito para llevarse la carrera, aunque ya ha asegurado que no llega a esta \u00faltima semana con la ventaja que le hubiese gustado. La contrarreloj individual en Valladolid y la etapa de este s\u00e1bado en la Sierra de Guadarrama, se presentan como decisivas para que el dan\u00e9s pueda lograr su primer triunfo en la Vuelta Ciclista a Espa\u00f1a. <\/p>\n<p>Mientras que el <strong>primer espa\u00f1ol es el Abel Balderstone<\/strong> del (Caja Rural-Seguros RGA) a m\u00e1s de 19 minutos de Vingegaard. El de Ullastrell (Barcelona) est\u00e1 justo por delante de su compa\u00f1ero de equipo Jaume Guarde\u00f1o, con el catal\u00e1n Marc Soler (UAE Team Emirates XR) cerrando el Top 20 antes de que d\u00e9 inicio la \u00faltima semana de La Vuelta.\u00a0<\/p>\n","protected":false},"excerpt":{"rendered":"El ciclista dan\u00e9s Jonas Vingegaard (Visma-Lease a Bike) y el portugu\u00e9s Jo\u00e3o Almeida (UAE Team Emirates XRG) se&hellip;\n","protected":false},"author":2,"featured_media":103040,"comment_status":"","ping_status":"","sticky":false,"template":"","format":"standard","meta":{"footnotes":""},"categories":[273],"tags":[313,6365,10099,312,168,25,24,36121,5329,23,167,1607],"class_list":{"0":"post-103039","1":"post","2":"type-post","3":"status-publish","4":"format-standard","5":"has-post-thumbnail","7":"category-ciclismo","8":"tag-ciclismo","9":"tag-claves","10":"tag-crono","11":"tag-cycling","12":"tag-deportes","13":"tag-es","14":"tag-espana","15":"tag-madrilena","16":"tag-montana","17":"tag-spain","18":"tag-sports","19":"tag-valladolid"},"share_on_mastodon":{"url":"","error":""},"_links":{"self":[{"href":"https:\/\/www.europesays.com\/es\/wp-json\/wp\/v2\/posts\/103039","targetHints":{"allow":["GET"]}}],"collection":[{"href":"https:\/\/www.europesays.com\/es\/wp-json\/wp\/v2\/posts"}],"about":[{"href":"https:\/\/www.europesays.com\/es\/wp-json\/wp\/v2\/types\/post"}],"author":[{"embeddable":true,"href":"https:\/\/www.europesays.com\/es\/wp-json\/wp\/v2\/users\/2"}],"replies":[{"embeddable":true,"href":"https:\/\/www.europesays.com\/es\/wp-json\/wp\/v2\/comments?post=103039"}],"version-history":[{"count":0,"href":"https:\/\/www.europesays.com\/es\/wp-json\/wp\/v2\/posts\/103039\/revisions"}],"wp:featuredmedia":[{"embeddable":true,"href":"https:\/\/www.europesays.com\/es\/wp-json\/wp\/v2\/media\/103040"}],"wp:attachment":[{"href":"https:\/\/www.europesays.com\/es\/wp-json\/wp\/v2\/media?parent=103039"}],"wp:term":[{"taxonomy":"category","embeddable":true,"href":"https:\/\/www.europesays.com\/es\/wp-json\/wp\/v2\/categories?post=103039"},{"taxonomy":"post_tag","embeddable":true,"href":"https:\/\/www.europesays.com\/es\/wp-json\/wp\/v2\/tags?post=103039"}],"curies":[{"name":"wp","href":"https:\/\/api.w.org\/{rel}","templated":true}]}}