{"id":103049,"date":"2025-09-09T09:28:05","date_gmt":"2025-09-09T09:28:05","guid":{"rendered":"https:\/\/www.europesays.com\/es\/103049\/"},"modified":"2025-09-09T09:28:05","modified_gmt":"2025-09-09T09:28:05","slug":"el-festival-del-cuento-de-los-silos-alcanza-su-30-aniversario","status":"publish","type":"post","link":"https:\/\/www.europesays.com\/es\/103049\/","title":{"rendered":"El Festival del Cuento de Los Silos alcanza su 30 aniversario"},"content":{"rendered":"\n<p> El Festival del Cuento de Los Silos llega a su 30 aniversario en esta edici\u00f3n y para ello la organizaci\u00f3n ha programado varios actos previos, entre ellos la presentaci\u00f3n de un libro y un documental <img fetchpriority=\"high\" decoding=\"async\" width=\"1024\" height=\"682\" data-lazy-type=\"image\" src=\"https:\/\/www.europesays.com\/es\/wp-content\/uploads\/2025\/09\/Cuentos-Los-Silos-1024x682.webp.webp\" alt=\"Festival Internacional del Cuento de Los Silos. Imagen cedida por la organizaci\u00f3n\" class=\"lazy lazy-hidden wp-image-571826\"  \/><\/p>\n<p>Festival Internacional del Cuento de Los Silos. Imagen cedida por la organizaci\u00f3n <\/p>\n<p>El <strong>Festival Internacional del Cuento de Los Silos<\/strong> celebrar\u00e1 su XXX edici\u00f3n con varios actos previos al desarrollo de su edici\u00f3n en diciembre. De esta manera, el festival presentar\u00e1 el libro <strong>\u2018Silos de cuentos\u2019<\/strong>, una recopilaci\u00f3n de textos de varios autores que han pasado por el festival de la palabra silense a lo largo y ancho de estas tres d\u00e9cadas. Adem\u00e1s, se podr\u00e1 visionar el documental <strong>\u2018Retrospectiva del 30 aniversario\u2019 <\/strong>y se entregar\u00e1 la \u00faltima edici\u00f3n de la revista Mnem\u00f3syne.<\/p>\n<p>Seg\u00fan informa un comunicado, los actos se celebrar\u00e1n los pr\u00f3ximos <strong>11 y 12 de septiembre<\/strong>. El jueves 11 ser\u00e1 en la sala P\u00e9rez Enr\u00edquez del antiguo convento de San Sebasti\u00e1n de Los Silos a las 20.00 horas. El viernes 12 de septiembre, tambi\u00e9n a las 20.00 horas, se desarrollar\u00e1 el acto aniversario en el Espacio Fundaci\u00f3n CajaCanarias de Santa Cruz de Tenerife.<\/p>\n<p>   <a href=\"https:\/\/whatsapp.com\/channel\/0029Va8SLphIyPtOoag1Or0S\" rel=\"nofollow noopener\" target=\"_blank\"> <img class=\"lazy lazy-hidden\" decoding=\"async\" data-lazy-type=\"image\" src=\"https:\/\/www.europesays.com\/es\/wp-content\/uploads\/2025\/08\/banner-whatsapp-rtvc-29.gif\" alt=\"M\u00e1s Actualidad en el canal de Whatsapp de RTVC\" title=\"M\u00e1s Actualidad en el canal de Whatsapp de RTVC\" style=\"max-width: 100%;margin-bottom: 0px; height: auto; display: block;\"\/><\/p>\n<p><\/a>    30 a\u00f1os de cuentos en Los Silos <\/p>\n<p>En este <strong>30 aniversario <\/strong>los cuentos ocupar\u00e1n los espacios mucho antes de la fecha de celebraci\u00f3n del festival. Los actos del mes de septiembre son solo el arranque de esta efem\u00e9ride tan especial para este festival ya que durante el mes de noviembre se iniciar\u00e1n las visitas escolares y tambi\u00e9n se inaugurar\u00e1 la <strong>exposici\u00f3n \u2018Homenaje a los 30 a\u00f1os del festival\u2019<\/strong> en la sala P\u00e9rez Enr\u00edquez del antiguo convento de San Sebasti\u00e1n de Los Silos.<\/p>\n<p>Adem\u00e1s, esta treinta edici\u00f3n rendir\u00e1 <strong>homenaje a Tom\u00e1s de Iriarte<\/strong>, uno de los exponentes m\u00e1s importantes de la f\u00e1bula en Canarias. Se trata de un doble tributo que tendr\u00e1 lugar el s\u00e1bado 22 y domingo 23 de noviembre en una casa del siglo XVIII en el n\u00facleo de Las Cruces. Se disfrutar\u00e1 de un espect\u00e1culo representado por integrantes del gripo Teatrosilos.<\/p>\n","protected":false},"excerpt":{"rendered":"El Festival del Cuento de Los Silos llega a su 30 aniversario en esta edici\u00f3n y para ello&hellip;\n","protected":false},"author":2,"featured_media":103050,"comment_status":"","ping_status":"","sticky":false,"template":"","format":"standard","meta":{"footnotes":""},"categories":[172],"tags":[224,209,146,147,25,24,36123,225,36124,36125,23],"class_list":{"0":"post-103049","1":"post","2":"type-post","3":"status-publish","4":"format-standard","5":"has-post-thumbnail","7":"category-libros","8":"tag-books","9":"tag-cultura","10":"tag-entertainment","11":"tag-entretenimiento","12":"tag-es","13":"tag-espana","14":"tag-festival-internacional-del-cuento-de-los-silos","15":"tag-libros","16":"tag-los-silos","17":"tag-narracion-oral","18":"tag-spain"},"share_on_mastodon":{"url":"","error":""},"_links":{"self":[{"href":"https:\/\/www.europesays.com\/es\/wp-json\/wp\/v2\/posts\/103049","targetHints":{"allow":["GET"]}}],"collection":[{"href":"https:\/\/www.europesays.com\/es\/wp-json\/wp\/v2\/posts"}],"about":[{"href":"https:\/\/www.europesays.com\/es\/wp-json\/wp\/v2\/types\/post"}],"author":[{"embeddable":true,"href":"https:\/\/www.europesays.com\/es\/wp-json\/wp\/v2\/users\/2"}],"replies":[{"embeddable":true,"href":"https:\/\/www.europesays.com\/es\/wp-json\/wp\/v2\/comments?post=103049"}],"version-history":[{"count":0,"href":"https:\/\/www.europesays.com\/es\/wp-json\/wp\/v2\/posts\/103049\/revisions"}],"wp:featuredmedia":[{"embeddable":true,"href":"https:\/\/www.europesays.com\/es\/wp-json\/wp\/v2\/media\/103050"}],"wp:attachment":[{"href":"https:\/\/www.europesays.com\/es\/wp-json\/wp\/v2\/media?parent=103049"}],"wp:term":[{"taxonomy":"category","embeddable":true,"href":"https:\/\/www.europesays.com\/es\/wp-json\/wp\/v2\/categories?post=103049"},{"taxonomy":"post_tag","embeddable":true,"href":"https:\/\/www.europesays.com\/es\/wp-json\/wp\/v2\/tags?post=103049"}],"curies":[{"name":"wp","href":"https:\/\/api.w.org\/{rel}","templated":true}]}}