{"id":103051,"date":"2025-09-09T09:29:04","date_gmt":"2025-09-09T09:29:04","guid":{"rendered":"https:\/\/www.europesays.com\/es\/103051\/"},"modified":"2025-09-09T09:29:04","modified_gmt":"2025-09-09T09:29:04","slug":"el-personaje-clave-de-la-promesa-responsable-del-exito-de-la-telenovela","status":"publish","type":"post","link":"https:\/\/www.europesays.com\/es\/103051\/","title":{"rendered":"El personaje clave de &#8216;La Promesa&#8217;, responsable del \u00e9xito de la telenovela"},"content":{"rendered":"<p data-journey-content=\"true\" data-node-id=\"3\" class=\"css-i9p093 emevuu60\">Son muchas las razones por las que &#8216;<a href=\"https:\/\/www.diezminutos.es\/telenovela-la-promesa\/\" target=\"_blank\" data-vars-ga-outbound-link=\"https:\/\/www.diezminutos.es\/telenovela-la-promesa\/\" data-vars-ga-ux-element=\"Hyperlink\" data-vars-ga-call-to-action=\"La Promesa\" data-node-id=\"3.1\" data-mrf-link=\"https:\/\/www.diezminutos.es\/telenovela-la-promesa\/\" class=\"body-link css-177bzfx emevuu60\" rel=\"nofollow noopener\">La Promesa<\/a>&#8216;, la <strong data-node-id=\"3.3\">telenovela de <a href=\"https:\/\/www.diezminutos.es\/teleprograma\/series-tv\/g60356852\/mejores-series-epoca-netflix\/\" target=\"_blank\" data-vars-ga-outbound-link=\"https:\/\/www.diezminutos.es\/teleprograma\/series-tv\/g60356852\/mejores-series-epoca-netflix\/\" data-vars-ga-ux-element=\"Hyperlink\" data-vars-ga-call-to-action=\"serie de \u00e9poca\" data-node-id=\"3.3.1\" data-mrf-link=\"https:\/\/www.diezminutos.es\/teleprograma\/series-tv\/g60356852\/mejores-series-epoca-netflix\/\" class=\"body-link css-177bzfx emevuu60\" rel=\"nofollow noopener\">\u00e9poca<\/a> de La 1 de TVE<\/strong> se ha convertido en todo un \u00e9xito desde que se estren\u00f3 hace algo m\u00e1s de dos a\u00f1os. Ni siquiera <a href=\"https:\/\/www.diezminutos.es\/telenovela\/espanolas\/a66009114\/la-promesa-horario-capitulos-del-8-al-12-de-septiembre-tve\/\" target=\"_blank\" data-vars-ga-outbound-link=\"https:\/\/www.diezminutos.es\/telenovela\/espanolas\/a66009114\/la-promesa-horario-capitulos-del-8-al-12-de-septiembre-tve\/\" data-vars-ga-ux-element=\"Hyperlink\" data-vars-ga-call-to-action=\"sus cambios de horario\" data-node-id=\"3.5\" class=\"body-link css-177bzfx emevuu60\" rel=\"nofollow noopener\">sus cambios de horario<\/a> afectan a sus seguidores. Sus atractivas <strong data-node-id=\"3.7\">tramas<\/strong>, incluso despu\u00e9s de <a href=\"https:\/\/www.diezminutos.es\/telenovela\/espanolas\/a64239439\/la-promesa-capitulos-avance-detalle-muerte-jana-inocencia-cruz\/\" target=\"_blank\" data-vars-ga-ux-element=\"Hyperlink\" data-node-id=\"3.9\" data-mrf-link=\"https:\/\/www.diezminutos.es\/telenovela\/espanolas\/a64559391\/la-promesa-jana-muerte-motivo-desvelado-capitulo\/\" data-vars-ga-outbound-link=\"https:\/\/www.diezminutos.es\/telenovela\/espanolas\/a64239439\/la-promesa-capitulos-avance-detalle-muerte-jana-inocencia-cruz\/\" data-vars-ga-call-to-action=\"la muerte de Jana\" class=\"body-link css-177bzfx emevuu60\" rel=\"nofollow noopener\">la muerte de Jana<\/a>, el <a href=\"https:\/\/www.diezminutos.es\/telenovela\/espanolas\/a64911676\/la-promesa-avance-eugenia-disparo-secuestro-bebe-torreon\/\" target=\"_blank\" data-vars-ga-outbound-link=\"https:\/\/www.diezminutos.es\/telenovela\/espanolas\/a64911676\/la-promesa-avance-eugenia-disparo-secuestro-bebe-torreon\/\" data-vars-ga-ux-element=\"Hyperlink\" data-vars-ga-call-to-action=\"suicidio de Eugenia\" data-node-id=\"3.11\" data-mrf-link=\"https:\/\/www.diezminutos.es\/telenovela\/espanolas\/a64911676\/la-promesa-avance-eugenia-disparo-secuestro-bebe-torreon\/\" class=\"body-link css-177bzfx emevuu60\" rel=\"nofollow noopener\">suicidio de Eugenia<\/a> y <a href=\"https:\/\/www.diezminutos.es\/telenovela\/espanolas\/a65198248\/la-promesa-despedida-romulo-serie-tve\/\" target=\"_blank\" data-vars-ga-outbound-link=\"https:\/\/www.diezminutos.es\/telenovela\/espanolas\/a65198248\/la-promesa-despedida-romulo-serie-tve\/\" data-vars-ga-ux-element=\"Hyperlink\" data-vars-ga-call-to-action=\"la marcha de R\u00f3mulo\" data-node-id=\"3.13\" data-mrf-link=\"https:\/\/www.diezminutos.es\/telenovela\/espanolas\/a65198248\/la-promesa-despedida-romulo-serie-tve\/\" class=\"body-link css-177bzfx emevuu60\" rel=\"nofollow noopener\">la marcha de R\u00f3mulo<\/a>; sus escenarios, <strong data-node-id=\"3.15\">exteriores<\/strong>, con el <strong data-node-id=\"3.17\"><a href=\"https:\/\/www.diezminutos.es\/telenovela\/espanolas\/a44208419\/la-promesa-palacio-escenario-boda-tamara-falco\/\" target=\"_blank\" data-vars-ga-outbound-link=\"https:\/\/www.diezminutos.es\/telenovela\/espanolas\/a44208419\/la-promesa-palacio-escenario-boda-tamara-falco\/\" data-vars-ga-ux-element=\"Hyperlink\" data-vars-ga-call-to-action=\"palacio del Rinc\u00f3n\" data-node-id=\"3.17.0\" data-mrf-link=\"https:\/\/www.diezminutos.es\/telenovela\/espanolas\/a44208419\/la-promesa-palacio-escenario-boda-tamara-falco\/\" class=\"body-link css-177bzfx emevuu60\" rel=\"nofollow noopener\">palacio del Rinc\u00f3n<\/a><\/strong> de fondo, pero sobre todo sus personajes, entre los que est\u00e1n los buenos, como la desaparecida <strong data-node-id=\"3.19\">Jana <\/strong>(<a href=\"https:\/\/www.diezminutos.es\/telenovela\/espanolas\/a64237837\/la-promesa-ana-garces-final-adios-lagrimas-mensaje-fans\/\" target=\"_blank\" data-vars-ga-outbound-link=\"https:\/\/www.diezminutos.es\/telenovela\/espanolas\/a64237837\/la-promesa-ana-garces-final-adios-lagrimas-mensaje-fans\/\" data-vars-ga-ux-element=\"Hyperlink\" data-vars-ga-call-to-action=\"Ana Garc\u00e9s\" data-node-id=\"3.21\" data-mrf-link=\"https:\/\/www.diezminutos.es\/telenovela\/espanolas\/a64237837\/la-promesa-ana-garces-final-adios-lagrimas-mensaje-fans\/\" class=\"body-link css-177bzfx emevuu60\" rel=\"nofollow noopener\">Ana Garc\u00e9s<\/a>) o su amiga <strong data-node-id=\"3.23\">Mar\u00eda Fern\u00e1ndez<\/strong> (<a href=\"https:\/\/www.diezminutos.es\/telenovela\/espanolas\/a43927672\/sara-molina-la-promesa-vida\/\" target=\"_blank\" data-vars-ga-outbound-link=\"https:\/\/www.diezminutos.es\/telenovela\/espanolas\/a43927672\/sara-molina-la-promesa-vida\/\" data-vars-ga-ux-element=\"Hyperlink\" data-vars-ga-call-to-action=\"Sara Oliva\" data-node-id=\"3.25\" data-mrf-link=\"https:\/\/www.diezminutos.es\/telenovela\/espanolas\/a43927672\/sara-molina-la-promesa-vida\/\" class=\"body-link css-177bzfx emevuu60\" rel=\"nofollow noopener\">Sara Oliva<\/a>), y los malvados, como <strong data-node-id=\"3.27\">Cruz <\/strong>(<a href=\"https:\/\/www.diezminutos.es\/telenovela\/espanolas\/g43972839\/eva-martin-marquesa-lujan-la-promesa-series\/\" target=\"_blank\" data-vars-ga-outbound-link=\"https:\/\/www.diezminutos.es\/telenovela\/espanolas\/g43972839\/eva-martin-marquesa-lujan-la-promesa-series\/\" data-vars-ga-ux-element=\"Hyperlink\" data-vars-ga-call-to-action=\"Eva Mart\u00edn\" data-node-id=\"3.29\" data-mrf-link=\"https:\/\/www.diezminutos.es\/telenovela\/espanolas\/g43972839\/eva-martin-marquesa-lujan-la-promesa-series\/\" class=\"body-link css-177bzfx emevuu60\" rel=\"nofollow noopener\">Eva Mart\u00edn<\/a>) o <strong data-node-id=\"3.31\">Leocadia <\/strong>(<a href=\"https:\/\/www.diezminutos.es\/famosos-corazon\/famosos-espanoles\/a65169326\/isabel-serrano-entrevista-leocadia-la-promesa\/\" target=\"_blank\" data-vars-ga-outbound-link=\"https:\/\/www.diezminutos.es\/famosos-corazon\/famosos-espanoles\/a65169326\/isabel-serrano-entrevista-leocadia-la-promesa\/\" data-vars-ga-ux-element=\"Hyperlink\" data-vars-ga-call-to-action=\"Isabel Serrano\" data-node-id=\"3.33\" data-mrf-link=\"https:\/\/www.diezminutos.es\/famosos-corazon\/famosos-espanoles\/a65169326\/isabel-serrano-entrevista-leocadia-la-promesa\/\" class=\"body-link css-177bzfx emevuu60\" rel=\"nofollow noopener\">Isabel Serrano<\/a>).<\/p>\n<p data-journey-content=\"true\" data-node-id=\"6\" class=\"css-i9p093 emevuu60\">Estos son solo algunos, pero no podemos dejar de mencionar a otro, que es una de las <a href=\"https:\/\/www.diezminutos.es\/telenovela\/espanolas\/a65939232\/la-promesa-rtve-triunfa-pese-cambios-horario\/\" target=\"_blank\" data-vars-ga-outbound-link=\"https:\/\/www.diezminutos.es\/telenovela\/espanolas\/a65939232\/la-promesa-rtve-triunfa-pese-cambios-horario\/\" data-vars-ga-ux-element=\"Hyperlink\" data-vars-ga-call-to-action=\"claves del \u00e9xito\" data-node-id=\"6.1\" class=\"body-link css-177bzfx emevuu60\" rel=\"nofollow noopener\">claves del \u00e9xito<\/a> de esta ficci\u00f3n ganadora del <a href=\"https:\/\/www.diezminutos.es\/telenovela\/espanolas\/a63016791\/la-promesa-premio-emmy-internacional-2024-mejor-telenovela\/\" target=\"_blank\" data-vars-ga-outbound-link=\"https:\/\/www.diezminutos.es\/telenovela\/espanolas\/a63016791\/la-promesa-premio-emmy-internacional-2024-mejor-telenovela\/\" data-vars-ga-ux-element=\"Hyperlink\" data-vars-ga-call-to-action=\"primer Emmy Internacional para Espa\u00f1a\" data-node-id=\"6.3\" data-mrf-link=\"https:\/\/www.diezminutos.es\/telenovela\/espanolas\/a63016791\/la-promesa-premio-emmy-internacional-2024-mejor-telenovela\/\" class=\"body-link css-177bzfx emevuu60\" rel=\"nofollow noopener\">primer Emmy Internacional<\/a> como <strong data-node-id=\"6.5\">Mejor Telenovela<\/strong>. Se trata de <strong data-node-id=\"6.7\">Manuel, <\/strong>interpretado por <a href=\"https:\/\/www.diezminutos.es\/famosos-corazon\/famosos-espanoles\/a44923677\/arturo-sancho-vida-actor-serie-la-promesa-gran-hermano\/\" target=\"_blank\" data-vars-ga-outbound-link=\"https:\/\/www.diezminutos.es\/famosos-corazon\/famosos-espanoles\/a44923677\/arturo-sancho-vida-actor-serie-la-promesa-gran-hermano\/\" data-vars-ga-ux-element=\"Hyperlink\" data-vars-ga-call-to-action=\"Arturo Garc\u00eda Sancho\" data-node-id=\"6.9\" data-mrf-link=\"https:\/\/www.diezminutos.es\/famosos-corazon\/famosos-espanoles\/a44923677\/arturo-sancho-vida-actor-serie-la-promesa-gran-hermano\/\" class=\"body-link css-177bzfx emevuu60\" rel=\"nofollow noopener\">Arturo Garc\u00eda Sancho<\/a>, un joven que dio el salto a la primera l\u00ednea de la interpretaci\u00f3n en nuestro pa\u00eds tras su paso por <strong data-node-id=\"6.11\">Gran Hermano.<\/strong><\/p>\n<p><img draggable=\"true\" alt=\"la promesa manuel y jana\" title=\"la promesa manuel y jana\" loading=\"lazy\" width=\"1772\" height=\"1181\" decoding=\"async\" data-nimg=\"1\" style=\"color:transparent;width:100%;height:auto;\"   src=\"https:\/\/www.europesays.com\/es\/wp-content\/uploads\/2025\/09\/promesa-3-646dcc6155ec8.jpg\" class=\"css-0 e1g79fud0\"\/><\/p>\n<p>Miguel Age<\/p>\n<p><strong data-node-id=\"9.0\"><strong data-node-id=\"9.0.0\"><strong data-node-id=\"9.0.0.0\">Qui\u00e9n es Manuel de Luj\u00e1n, un personaje clave en &#8216;La Promesa&#8217;<\/strong><\/strong><br data-node-id=\"9.0.1\"\/><\/strong><\/p>\n<p data-journey-content=\"true\" data-node-id=\"11\" class=\"css-i9p093 emevuu60\"><strong data-node-id=\"11.0\">Manuel <\/strong>es el centro en torno <strong data-node-id=\"11.2\">al que gira toda la historia de &#8216;La Promesa&#8217;<\/strong>. Es hijo de los <strong data-node-id=\"11.4\">marqueses de Luj\u00e1n<\/strong>, Cruz y <strong data-node-id=\"11.6\"><a href=\"https:\/\/www.diezminutos.es\/telenovela\/espanolas\/a65651824\/secretos-marques-de-lujan-manuel-regueiro-la-promesa-rtve\/\" target=\"_blank\" data-vars-ga-outbound-link=\"https:\/\/www.diezminutos.es\/telenovela\/espanolas\/a65651824\/secretos-marques-de-lujan-manuel-regueiro-la-promesa-rtve\/\" data-vars-ga-ux-element=\"Hyperlink\" data-vars-ga-call-to-action=\"Alonso\" data-node-id=\"11.6.0\" class=\"body-link css-177bzfx emevuu60\" rel=\"nofollow noopener\">Alonso<\/a><\/strong>, y <strong data-node-id=\"11.8\">heredero del marquesado<\/strong> desde que falleci\u00f3 su hermano mayor, <a href=\"https:\/\/www.diezminutos.es\/telenovela\/espanolas\/a42471315\/la-promesa-rtve-resumen-capitulos-1-y-2\/\" target=\"_blank\" data-vars-ga-outbound-link=\"https:\/\/www.diezminutos.es\/telenovela\/espanolas\/a42471315\/la-promesa-rtve-resumen-capitulos-1-y-2\/\" data-vars-ga-ux-element=\"Hyperlink\" data-vars-ga-call-to-action=\"Tom\u00e1s\" data-node-id=\"11.10\" class=\"body-link css-177bzfx emevuu60\" rel=\"nofollow noopener\">Tom\u00e1s<\/a>. <strong data-node-id=\"11.12\">Rompi\u00f3 moldes<\/strong> enamor\u00e1ndose de una criada y cas\u00e1ndose con ella, con tan mala fortuna que alguien <strong data-node-id=\"11.14\">acab\u00f3 con la vida de la muchacha<\/strong> justo cuando empezaban a ser felices y <strong data-node-id=\"11.16\">esperaban una criatura<\/strong>.<\/p>\n<p data-journey-content=\"true\" data-node-id=\"15\" class=\"css-i9p093 emevuu60\">Pero lejos de perder fuerza, el personaje de Manuel sigue al pie del ca\u00f1\u00f3n en las tramas de <a href=\"https:\/\/www.diezminutos.es\/telenovela\/espanolas\/a65184739\/la-promesa-leocadia-personaje-mas-malvado-telenovelas\/\" target=\"_blank\" data-vars-ga-outbound-link=\"https:\/\/www.diezminutos.es\/telenovela\/espanolas\/a65184739\/la-promesa-leocadia-personaje-mas-malvado-telenovelas\/\" data-vars-ga-ux-element=\"Hyperlink\" data-vars-ga-call-to-action=\"&#039;La Promesa&#039;\" data-node-id=\"15.1\" class=\"body-link css-177bzfx emevuu60\" rel=\"nofollow noopener\">&#8216;La Promesa&#8217;<\/a>. Tras el<strong data-node-id=\"15.3\"> duro duelo que tuvo que pasar<\/strong>, el joven, uno de los personajes m\u00e1s amables y justos de la historia, se ha volcado en dar salida a su sue\u00f1o, crear su propio aeroplano, pese a que la<strong data-node-id=\"15.5\"> maquiav\u00e9lica Leocadia<\/strong> podr\u00eda ponerle palos en las ruedas. Adem\u00e1s, su futuro sentimental tambi\u00e9n podr\u00eda cambiar, con la <strong data-node-id=\"15.7\">llegada de <a href=\"https:\/\/www.diezminutos.es\/telenovela\/espanolas\/a65152530\/la-promesa-reparto-enora-manuel-sara-font-actriz\/\" target=\"_blank\" data-vars-ga-outbound-link=\"https:\/\/www.diezminutos.es\/telenovela\/espanolas\/a65152530\/la-promesa-reparto-enora-manuel-sara-font-actriz\/\" data-vars-ga-ux-element=\"Hyperlink\" data-vars-ga-call-to-action=\"serie de La 1 ha recibido a Enora\" data-node-id=\"15.7.1\" data-mrf-link=\"https:\/\/www.diezminutos.es\/telenovela\/espanolas\/a65152530\/la-promesa-reparto-enora-manuel-sara-font-actriz\/\" class=\"body-link css-177bzfx emevuu60\" rel=\"nofollow noopener\">Enora<\/a><\/strong>, que viene a <a href=\"https:\/\/www.diezminutos.es\/telenovela\/espanolas\/a65168992\/la-promesa-reparto-enora-fichaje-manuel-pareja\/\" target=\"_blank\" data-vars-ga-outbound-link=\"https:\/\/www.diezminutos.es\/telenovela\/espanolas\/a65168992\/la-promesa-reparto-enora-fichaje-manuel-pareja\/\" data-vars-ga-ux-element=\"Hyperlink\" data-vars-ga-call-to-action=\"conquistar el coraz\u00f3n de Manuel\" data-node-id=\"15.9\" data-mrf-link=\"https:\/\/www.diezminutos.es\/telenovela\/espanolas\/a65168992\/la-promesa-reparto-enora-fichaje-manuel-pareja\/\" class=\"body-link css-177bzfx emevuu60\" rel=\"nofollow noopener\">conquistar su coraz\u00f3n<\/a>. <\/p>\n<p><img draggable=\"true\" alt=\"la promesa manuel\" title=\"la promesa manuel\" loading=\"lazy\" width=\"1772\" height=\"1181\" decoding=\"async\" data-nimg=\"1\" style=\"color:transparent;width:100%;height:auto;\"   src=\"https:\/\/www.europesays.com\/es\/wp-content\/uploads\/2025\/09\/promesa-1-6548c744508fe.jpg\" class=\"css-0 e1g79fud0\"\/><\/p>\n<p>Miguel Age<\/p>\n<p data-journey-content=\"true\" data-node-id=\"18\" class=\"css-i9p093 emevuu60\">Por \u00faltimo, <strong data-node-id=\"18.1\">Manuel es una pieza clave <\/strong>en las relaciones familiares. No solo<strong data-node-id=\"18.3\"> planta cara, cuando corresponde, a su padre<\/strong>, el marqu\u00e9s, sino que mantiene una m\u00e1s que cordial relaci\u00f3n con su <strong data-node-id=\"18.5\">hermana<\/strong>, <a href=\"https:\/\/www.diezminutos.es\/telenovela\/espanolas\/a65098212\/la-promesa-avance-capitulo-620-viernes-20-junio-tve\/\" target=\"_blank\" data-vars-ga-outbound-link=\"https:\/\/www.diezminutos.es\/telenovela\/espanolas\/a65098212\/la-promesa-avance-capitulo-620-viernes-20-junio-tve\/\" data-vars-ga-ux-element=\"Hyperlink\" data-vars-ga-call-to-action=\"Catalina\" data-node-id=\"18.7\" class=\"body-link css-177bzfx emevuu60\" rel=\"nofollow noopener\">Catalina<\/a>, y con su <strong data-node-id=\"18.9\">prima<\/strong>, <a href=\"https:\/\/www.diezminutos.es\/telenovela\/espanolas\/a65809111\/la-promesa-avance-capitulo-658-jueves-21-agosto-2025-tve\/\" target=\"_blank\" data-vars-ga-outbound-link=\"https:\/\/www.diezminutos.es\/telenovela\/espanolas\/a65809111\/la-promesa-avance-capitulo-658-jueves-21-agosto-2025-tve\/\" data-vars-ga-ux-element=\"Hyperlink\" data-vars-ga-call-to-action=\"Martina\" data-node-id=\"18.11\" class=\"body-link css-177bzfx emevuu60\" rel=\"nofollow noopener\">Martina<\/a>, y tambi\u00e9n <strong data-node-id=\"18.13\">las hace entrar en raz\u00f3n m\u00e1s de una vez<\/strong>. Y, haciendo alarde de su car\u00e1cter justo y luchador, intenta que su hermanastro <strong data-node-id=\"18.15\"><a href=\"https:\/\/www.diezminutos.es\/telenovela\/espanolas\/a65217521\/la-promesa-curro-personaje-que-mas-sufre\/\" target=\"_blank\" data-vars-ga-outbound-link=\"https:\/\/www.diezminutos.es\/telenovela\/espanolas\/a65217521\/la-promesa-curro-personaje-que-mas-sufre\/\" data-vars-ga-ux-element=\"Hyperlink\" data-vars-ga-call-to-action=\"Curro \" data-node-id=\"18.15.0\" class=\"body-link css-177bzfx emevuu60\" rel=\"nofollow noopener\">Curro <\/a><\/strong>no pierda del todo su papel en el palacio, pese a haber sido <strong data-node-id=\"18.17\">relegado al servicio tras descubrirse que es hijo bastardo del marqu\u00e9s de Luj\u00e1n.<\/strong><\/p>\n<p data-journey-content=\"true\" data-node-id=\"20\" class=\"css-i9p093 emevuu60\">&#8216;La Promesa&#8217; contin\u00faa <a href=\"https:\/\/www.diezminutos.es\/telenovela\/espanolas\/a64751507\/la-promesa-hoy-13-mayo-audiencias-capitulo-592\/\" target=\"_blank\" data-vars-ga-outbound-link=\"https:\/\/www.diezminutos.es\/telenovela\/espanolas\/a64751507\/la-promesa-hoy-13-mayo-audiencias-capitulo-592\/\" data-vars-ga-ux-element=\"Hyperlink\" data-vars-ga-call-to-action=\"marcar r\u00e9cords de audiencia\" data-node-id=\"20.1\" data-mrf-link=\"https:\/\/www.diezminutos.es\/telenovela\/espanolas\/a64751507\/la-promesa-hoy-13-mayo-audiencias-capitulo-592\/\" class=\"body-link css-177bzfx emevuu60\" rel=\"nofollow noopener\">marcando r\u00e9cords de audiencia<\/a> pese a los numerosos <a href=\"https:\/\/www.diezminutos.es\/telenovela\/espanolas\/a65966289\/la-promesa-rtve-cambio-horario-miercoles-3-septiembre-vuelta\/\" target=\"_blank\" data-vars-ga-outbound-link=\"https:\/\/www.diezminutos.es\/telenovela\/espanolas\/a65966289\/la-promesa-rtve-cambio-horario-miercoles-3-septiembre-vuelta\/\" data-vars-ga-ux-element=\"Hyperlink\" data-vars-ga-call-to-action=\"cambios de horario a los que se ve sometida\" data-node-id=\"20.3\" class=\"body-link css-177bzfx emevuu60\" rel=\"nofollow noopener\">cambios de horario a los que se ve sometida<\/a>.  <\/p>\n<p><img src=\"https:\/\/www.europesays.com\/es\/wp-content\/uploads\/2025\/09\/1757410144_929_ded5e1ed-0131-401e-b7e8-7a68de80543b_1684752816.file\" alt=\"Headshot of Vilma Degorgue Alegre\" title=\"Headshot of Vilma Degorgue Alegre\" width=\"100%\" height=\"100%\" decoding=\"async\" loading=\"lazy\" class=\"css-o0wq4v ev8dhu53\"\/><\/p>\n<p>Vilma Degorgue es una experimentada periodista, con 30 a\u00f1os de recorrido profesional. Entre otras cosas, est\u00e1 especializada en contenidos de televisi\u00f3n, principalmente ficci\u00f3n y, m\u00e1s concretamente, en series turcas y latinoamericanas. Lleva desde el a\u00f1o 2000 entrevistando a actores y actrices mexicanos, colombianos, argentinos, chilenos, etc, y hasta 2020 estuvo viajando a diversos pa\u00edses de Am\u00e9rica Latina y Estados Unidos (Miami, Venezuela, M\u00e9xico, Colombia, Chile, Argentina, Per\u00fa) para cubrir grabaciones de series\/telenovelas que despu\u00e9s se emit\u00edan en Espa\u00f1a, y para entrevistar a los actores que formaban parte de ellas. \u00a0\u00a0\u00a0<\/p>\n<p>Desde que irrumpieron las telenovelas turcas, se ha especializado en estos productos, entrevistando a los actores que trabajan en ellas y estando al tanto de cualquier novedad en relaci\u00f3n a las ficciones y los int\u00e9rpretes de ese pa\u00eds. \u00a0\u00a0<\/p>\n<p>Nacida en Barcelona, se licenci\u00f3 en Periodismo, en 1993, en la Universidad Aut\u00f3noma de la ciudad condal, cursando dos Erasmus, uno en Francia (Grenoble) y otro en Gran Breta\u00f1a (Cardiff). Comenz\u00f3 su carrera en su ciudad natal, trabajando en Europa Press Catalunya, pero al a\u00f1o se traslad\u00f3 a Madrid, y desde 1995 trabaja en la capital de Espa\u00f1a. Ha pasado por agencias (Europa Press, Euroimagen), televisi\u00f3n (Antena3, Telecinco, RTVE y Telemadrid), revistas (Teleindiscreta, Telenovela, colaboraciones en Lecturas y Semana) y ha sido coordinadora del Portal del Consumidor de la Comunidad de Madrid. Estos a\u00f1os de experiencia, y gracias a tres idiomas que habla (franc\u00e9s, ingl\u00e9s y alem\u00e1n, adem\u00e1s de su catal\u00e1n natal) le han permitido viajar por todo el mundo para entrevistar a personajes de la vida p\u00fablica y realizar reportajes casi todos relacionados con el mundo art\u00edstico y social. \u00a0\u00a0\u00a0<\/p>\n<p>Desde el a\u00f1o 2000 est\u00e1 vinculada, entre otras empresas, a la revista Telenovela (que ahora forma parte de Diez Minutos) y, desde su paso por el Portal del Consumidor de la Comunidad de Madrid (2006-2016), se ha especializado en prensa e informaci\u00f3n digital, gracias a cursos y experiencia en webs y portales de informaci\u00f3n en internet. En los \u00faltimos a\u00f1os, ha creado dos peri\u00f3dicos digitales, <a href=\"https:\/\/elmiradordemadrid.es\/\" target=\"_blank\" rel=\"nofollow noopener\">www.elmiradordemadrid.es<\/a> y <a href=\"https:\/\/elmiradordebenidorm.es\/\" target=\"_blank\" rel=\"nofollow noopener\">www.elmiradordebenidorm.es<\/a>, que son de su propiedad y gestiona junto con otros colaboradores. \u00a0\u00a0<\/p>\n","protected":false},"excerpt":{"rendered":"Son muchas las razones por las que &#8216;La Promesa&#8216;, la telenovela de \u00e9poca de La 1 de TVE&hellip;\n","protected":false},"author":2,"featured_media":103052,"comment_status":"","ping_status":"","sticky":false,"template":"","format":"standard","meta":{"footnotes":""},"categories":[171],"tags":[253,146,147,25,24,23,214],"class_list":{"0":"post-103051","1":"post","2":"type-post","3":"status-publish","4":"format-standard","5":"has-post-thumbnail","7":"category-tv","8":"tag-discover","9":"tag-entertainment","10":"tag-entretenimiento","11":"tag-es","12":"tag-espana","13":"tag-spain","14":"tag-tv"},"share_on_mastodon":{"url":"","error":""},"_links":{"self":[{"href":"https:\/\/www.europesays.com\/es\/wp-json\/wp\/v2\/posts\/103051","targetHints":{"allow":["GET"]}}],"collection":[{"href":"https:\/\/www.europesays.com\/es\/wp-json\/wp\/v2\/posts"}],"about":[{"href":"https:\/\/www.europesays.com\/es\/wp-json\/wp\/v2\/types\/post"}],"author":[{"embeddable":true,"href":"https:\/\/www.europesays.com\/es\/wp-json\/wp\/v2\/users\/2"}],"replies":[{"embeddable":true,"href":"https:\/\/www.europesays.com\/es\/wp-json\/wp\/v2\/comments?post=103051"}],"version-history":[{"count":0,"href":"https:\/\/www.europesays.com\/es\/wp-json\/wp\/v2\/posts\/103051\/revisions"}],"wp:featuredmedia":[{"embeddable":true,"href":"https:\/\/www.europesays.com\/es\/wp-json\/wp\/v2\/media\/103052"}],"wp:attachment":[{"href":"https:\/\/www.europesays.com\/es\/wp-json\/wp\/v2\/media?parent=103051"}],"wp:term":[{"taxonomy":"category","embeddable":true,"href":"https:\/\/www.europesays.com\/es\/wp-json\/wp\/v2\/categories?post=103051"},{"taxonomy":"post_tag","embeddable":true,"href":"https:\/\/www.europesays.com\/es\/wp-json\/wp\/v2\/tags?post=103051"}],"curies":[{"name":"wp","href":"https:\/\/api.w.org\/{rel}","templated":true}]}}