{"id":103057,"date":"2025-09-09T09:32:18","date_gmt":"2025-09-09T09:32:18","guid":{"rendered":"https:\/\/www.europesays.com\/es\/103057\/"},"modified":"2025-09-09T09:32:18","modified_gmt":"2025-09-09T09:32:18","slug":"nuno-despedido-del-nottingham-forest-marinakis-la-locura-personificada","status":"publish","type":"post","link":"https:\/\/www.europesays.com\/es\/103057\/","title":{"rendered":"\u00a1Nuno, despedido del Nottingham Forest! Marinakis, la locura personificada"},"content":{"rendered":"<p class=\"ft-text\"><strong>Cuando el due\u00f1o de un club se atreve a cuestionar al entrenador<\/strong> (como si \u00e9l lo pudiera hacer mejor) e incluso a bajar al c\u00e9sped a protestar con aires de grandeza como si fuera un jugador m\u00e1s, podemos afirmar que algo se ha roto en el club. Esto fue exactamente lo que ocurri\u00f3 en el <strong>Nottingham Forest<\/strong> cuando <strong>Evangelos<\/strong>\u00a0<strong>Marinakis<\/strong>, exc\u00e9ntrico propietario griego del club, <a class=\"ft-link ft-link--decoration\" href=\"https:\/\/www.sport.es\/es\/noticias\/premier-league\/nottingham-forest-deshincha-propietario-deja-117276725\" rel=\"nofollow noopener\" target=\"_blank\">salt\u00f3 a recriminarle a Nuno Esp\u00edrito Santo un empate en casa<\/a> ante el Leicester la pasada temporada. Aunque el t\u00e9cnico portugu\u00e9s termin\u00f3 por clasificar a los &#8216;Tricky Trees&#8217; a Europa League (con mucho m\u00e9rito), <strong>la herida ya era incurable<\/strong>.<\/p>\n<p class=\"ft-text\"><strong>A Marinakis le ha bastado una derrota ante el West Ham (0-3)<\/strong> despu\u00e9s de ganar la primera jornada ante el Brentford (3-1) y empatar a domicilio ante el Palace (1-1) <strong>para echar a Nuno<\/strong>. Tres jornadas de las cuales solo una se puede considerar un resbal\u00f3n. Pero <strong>el verdadero motivo de su adi\u00f3s no es deportivo<\/strong>, ni mucho menos.<\/p>\n<p>EL MOTIVO DEL DESPIDO<\/p>\n<p class=\"ft-text\">En una rueda de prensa un 22 de agosto, Nuno describi\u00f3 un cambio en su relaci\u00f3n con el due\u00f1o: \u00abSiempre he tenido una\u00a0muy\u00a0buena\u00a0relaci\u00f3n\u00a0con el propietario. <strong>La temporada pasada fuimos muy,\u00a0muy\u00a0cercanos, habl\u00e1bamos casi a diario. Esta temporada, no tan bien<\/strong>. Siempre he cre\u00eddo que el di\u00e1logo y lo que dices, o tus opiniones, siempre son v\u00e1lidas, porque mi preocupaci\u00f3n es la plantilla y la temporada que tenemos por delante.\u00a0<strong>Nuestra<\/strong>\u00a0<strong>relaci\u00f3n<\/strong>\u00a0<strong>ha<\/strong>\u00a0<strong>cambiado, no es tan estrecha, no es a diario, no es buena<\/strong>. Todos en el club deber\u00edan estar unidos, pero\u00a0no\u00a0es\u00a0la\u00a0realidad\u00bb, afirm\u00f3.<\/p>\n<p class=\"ft-text\">Y sobre las 1:15 de la madrugada en Espa\u00f1a (buena hora para publicar un comunicado de tales magnitudes), el Nottingham Forest anunciaba que <strong>\u00abtras las recientes circunstancias, Nuno Esp\u00edrito Santo ha sido relevado hoy de sus funciones como entrenador jefe\u00bb<\/strong>. Importante el \u00abtras las recientes circunstancias\u00bb, es evidente a lo que se refiere.<\/p>\n<blockquote class=\"twitter-tweet\">\n<p lang=\"en\" dir=\"ltr\">Nottingham Forest Football Club confirms that, following recent circumstances, Nuno Esp\u00edrito Santo has today been relieved of his duties as Head Coach.<\/p>\n<p>The Club thanks Nuno for his contribution during a very successful era at The City Ground, in particular his role in the\u2026 <a href=\"https:\/\/t.co\/catCyeaeR4\" rel=\"nofollow\">pic.twitter.com\/catCyeaeR4<\/a><\/p>\n<p>\u2014 Nottingham Forest (@NFFC) <a href=\"https:\/\/twitter.com\/NFFC\/status\/1965192185084526629?ref_src=twsrc%5Etfw\" rel=\"nofollow noopener\" target=\"_blank\">September 8, 2025<\/a><\/p><\/blockquote>\n<p class=\"ft-text\">\u00ab<strong>El Club agradece a Nuno su contribuci\u00f3n durante una \u00e9poca muy exitosa en The City Ground<\/strong>, en particular su papel en la temporada 2024\/25, que siempre ser\u00e1 recordada con cari\u00f1o en la historia del Club. Como alguien que jug\u00f3 un papel fundamental en nuestro \u00e9xito la temporada pasada, siempre ocupar\u00e1 un lugar especial en nuestra trayectoria\u00bb, sigue el comunicado.<\/p>\n<p><img decoding=\"async\" src=\"https:\/\/www.europesays.com\/es\/wp-content\/uploads\/2025\/09\/982001a2-93a9-4ec2-86f2-962a45ef3eed_alta-libre-aspect-ratio_default_0.jpg\" width=\"1200\" height=\"847\" alt=\"Nuno Espirito Santo, t\u00e9cnico del Nottingham Forest, en una foto de archivo el pasado d\u00eda 21 de abril\" class=\"ft-helper-img-rd\" loading=\"lazy\" hasdataaida=\"true\"\/><\/p>\n<p class=\"ft-helper-fontColor-quaternary ft-helper-fontSize-body-S ft-helper-spacer-t-xxs\">Nuno Espirito Santo, t\u00e9cnico del Nottingham Forest, en una foto de archivo el pasado d\u00eda 21 de abril  \/ NEIL HALL \/ EFE<\/p>\n<p class=\"ft-text\"><strong>Una decisi\u00f3n fulminante<\/strong> (e inexplicable para muchos aficionados, que han reaccionado se\u00f1alando a Marinakis como el verdadero culpable) que acaba con una etapa gloriosa para los &#8216;Tricky Trees&#8217;. Desde su llegada en diciembre de 2023, <strong>Nuno Esp\u00edrito Santo logr\u00f3 salvar al equipo del descenso pese a una deducci\u00f3n de cuatro puntos y firmar una 24\/25 legendaria<\/strong> rozando la Champions y siendo el equipo revelaci\u00f3n (jugar\u00e1n Europa League), alcanzando las semifinales de FA Cup y firmando la mejor clasificaci\u00f3n en los \u00faltimos 30 a\u00f1os.<\/p>\n<p>SU SUSTITUTO<\/p>\n<p class=\"ft-text\">El f\u00fatbol, cruel y sin memoria, castiga de nuevo a un entrenador como la copa de un pino. <strong>Nuno saldr\u00e1 por la puerta de atr\u00e1s, pero los fans del Nottingham Forest recordar\u00e1n siempre su etapa exitosa en el club<\/strong> y c\u00f3mo levant\u00f3 a un hist\u00f3rico para volver a sentirse grandes. Ahora es tiempo de especular con el sustituto en el banquillo, y ya han sonado los primeros nombres: desde Inglaterra se\u00f1alan como candidato a <strong>Ange Postecoglou<\/strong> (sin equipo tras su paso por el Tottenham) y a <strong>Jos\u00e9 Mourinho<\/strong>. Yo no me lo perder\u00eda si &#8216;The Special One&#8217; tiene que trabajar con Marinakis, la verdad.<\/p>\n<p><script async src=\"https:\/\/platform.twitter.com\/widgets.js\" charset=\"utf-8\"><\/script><\/p>\n","protected":false},"excerpt":{"rendered":"Cuando el due\u00f1o de un club se atreve a cuestionar al entrenador (como si \u00e9l lo pudiera hacer&hellip;\n","protected":false},"author":2,"featured_media":103058,"comment_status":"","ping_status":"","sticky":false,"template":"","format":"standard","meta":{"footnotes":""},"categories":[93],"tags":[168,25,24,36127,3176,36126,1240,23,167],"class_list":{"0":"post-103057","1":"post","2":"type-post","3":"status-publish","4":"format-standard","5":"has-post-thumbnail","7":"category-deportes","8":"tag-deportes","9":"tag-es","10":"tag-espana","11":"tag-marinakis","12":"tag-nottingham-forest","13":"tag-nuno","14":"tag-premier-league","15":"tag-spain","16":"tag-sports"},"share_on_mastodon":{"url":"","error":""},"_links":{"self":[{"href":"https:\/\/www.europesays.com\/es\/wp-json\/wp\/v2\/posts\/103057","targetHints":{"allow":["GET"]}}],"collection":[{"href":"https:\/\/www.europesays.com\/es\/wp-json\/wp\/v2\/posts"}],"about":[{"href":"https:\/\/www.europesays.com\/es\/wp-json\/wp\/v2\/types\/post"}],"author":[{"embeddable":true,"href":"https:\/\/www.europesays.com\/es\/wp-json\/wp\/v2\/users\/2"}],"replies":[{"embeddable":true,"href":"https:\/\/www.europesays.com\/es\/wp-json\/wp\/v2\/comments?post=103057"}],"version-history":[{"count":0,"href":"https:\/\/www.europesays.com\/es\/wp-json\/wp\/v2\/posts\/103057\/revisions"}],"wp:featuredmedia":[{"embeddable":true,"href":"https:\/\/www.europesays.com\/es\/wp-json\/wp\/v2\/media\/103058"}],"wp:attachment":[{"href":"https:\/\/www.europesays.com\/es\/wp-json\/wp\/v2\/media?parent=103057"}],"wp:term":[{"taxonomy":"category","embeddable":true,"href":"https:\/\/www.europesays.com\/es\/wp-json\/wp\/v2\/categories?post=103057"},{"taxonomy":"post_tag","embeddable":true,"href":"https:\/\/www.europesays.com\/es\/wp-json\/wp\/v2\/tags?post=103057"}],"curies":[{"name":"wp","href":"https:\/\/api.w.org\/{rel}","templated":true}]}}