{"id":103061,"date":"2025-09-09T09:34:13","date_gmt":"2025-09-09T09:34:13","guid":{"rendered":"https:\/\/www.europesays.com\/es\/103061\/"},"modified":"2025-09-09T09:34:13","modified_gmt":"2025-09-09T09:34:13","slug":"asi-fue-el-intimo-funeral-de-giorgio-armani-en-su-pueblo-con-62-personas-y-recibido-con-petalos-blancos-gente","status":"publish","type":"post","link":"https:\/\/www.europesays.com\/es\/103061\/","title":{"rendered":"As\u00ed fue el \u00edntimo funeral de Giorgio Armani: en su pueblo, con 62 personas y recibido con p\u00e9talos blancos | Gente"},"content":{"rendered":"<p>El dise\u00f1ador italiano <a href=\"https:\/\/cadenaser.com\/nacional\/2025\/09\/04\/muere-giorgio-armani-maestro-de-la-moda-mundial-cadena-ser\/\" target=\"_blank\" rel=\"noreferrer nofollow noopener\" title=\"https:\/\/cadenaser.com\/nacional\/2025\/09\/04\/muere-giorgio-armani-maestro-de-la-moda-mundial-cadena-ser\/\">Giorgio Armani, fallecido el pasado jueves con 91 a\u00f1os<\/a>, fue despedido este lunes con un funeral estrictamente privado en el pueblo de Rivalta (norte) antes de ser sepultado en el pante\u00f3n familiar. <\/p>\n<p>El f\u00e9retro lleg\u00f3 al pueblo lentamente a bordo de un coche y escoltado por seis personas en traje que fue recibido con p\u00e9talos de rosas blancas \u2014las favoritas del dise\u00f1ador\u2014 mientras las campanas de la localidad tocaban a muerto.<\/p>\n<p><img decoding=\"async\" src=\"https:\/\/www.europesays.com\/es\/wp-content\/uploads\/2025\/09\/W6BJ2W7WIVLRHNIG27HZQYCE5E.jpg\" alt=\"Un coche f\u00fanebre escoltado transport\u00f3 el ata\u00fad del dise\u00f1ador de moda italiano Giorgio Armani durante el funeral privado en la iglesia de San Martino, en el peque\u00f1o pueblo de Rivalta\" width=\"4\" height=\"3\"  loading=\"lazy\"\/><\/p>\n<p>Un coche f\u00fanebre escoltado transport\u00f3 el ata\u00fad del dise\u00f1ador de moda italiano Giorgio Armani durante el funeral privado en la iglesia de San Martino, en el peque\u00f1o pueblo de Rivalta \/ RAFFAELE RASTELLI<\/p>\n<p>Ampliar<img decoding=\"async\" src=\"https:\/\/www.europesays.com\/es\/wp-content\/uploads\/2025\/09\/1757410447_534_W6BJ2W7WIVLRHNIG27HZQYCE5E.jpg\" alt=\"Un coche f\u00fanebre escoltado transport\u00f3 el ata\u00fad del dise\u00f1ador de moda italiano Giorgio Armani durante el funeral privado en la iglesia de San Martino, en el peque\u00f1o pueblo de Rivalta\" width=\"4\" height=\"3\" loading=\"lazy\"\/><\/p>\n<p>Un coche f\u00fanebre escoltado transport\u00f3 el ata\u00fad del dise\u00f1ador de moda italiano Giorgio Armani durante el funeral privado en la iglesia de San Martino, en el peque\u00f1o pueblo de Rivalta \/ RAFFAELE RASTELLI<\/p>\n<p>Cerrar<\/p>\n<p>Despu\u00e9s se celebraron las exequias en la iglesia del pueblo de forma privada, solo ante 62 personas, entre su familia y algunos de sus allegados, tal y c\u00f3mo hab\u00eda dispuesto en vida.<\/p>\n<p><img decoding=\"async\" src=\"https:\/\/www.europesays.com\/es\/wp-content\/uploads\/2025\/09\/TKSKK7AGXVMODBZVRLZZPGQO4Q.jpg\" alt=\"Invitados en el funeral privado de Giorgio Armani en la iglesia de San Martino, en el peque\u00f1o pueblo de Rivalta\" width=\"650\" height=\"975\"  loading=\"lazy\"\/><\/p>\n<p>Invitados en el funeral privado de Giorgio Armani en la iglesia de San Martino, en el peque\u00f1o pueblo de Rivalta \/ RAFFAELE RASTELLI<\/p>\n<p>Ampliar<img decoding=\"async\" src=\"https:\/\/www.europesays.com\/es\/wp-content\/uploads\/2025\/09\/1757410449_739_TKSKK7AGXVMODBZVRLZZPGQO4Q.jpg\" alt=\"Invitados en el funeral privado de Giorgio Armani en la iglesia de San Martino, en el peque\u00f1o pueblo de Rivalta\" width=\"650\" height=\"975\" loading=\"lazy\"\/><\/p>\n<p>Invitados en el funeral privado de Giorgio Armani en la iglesia de San Martino, en el peque\u00f1o pueblo de Rivalta \/ RAFFAELE RASTELLI<\/p>\n<p>Cerrar<\/p>\n<p>A las puertas de la iglesia se deposit\u00f3 una corona de flores blancas con una banda en la que pod\u00eda leerse \u00abcon mucho afecto, sus empleados\u00bb, mientras que las tiendas de sus marcas en Mil\u00e1n permanecieron cerradas en se\u00f1al de luto.<\/p>\n<p><img decoding=\"async\" src=\"https:\/\/www.europesays.com\/es\/wp-content\/uploads\/2025\/09\/ZHKHYKSMGJNXDKFEXSPR2HKMPA.jpg\" alt=\"Las rosas blancas, las favoritas del dise\u00f1ador, no faltaron en el funeral\" width=\"4\" height=\"3\"  loading=\"lazy\"\/><\/p>\n<p>Las rosas blancas, las favoritas del dise\u00f1ador, no faltaron en el funeral \/ RAFFAELE RASTELLI<\/p>\n<p>Ampliar<img decoding=\"async\" src=\"https:\/\/www.europesays.com\/es\/wp-content\/uploads\/2025\/09\/1757410451_173_ZHKHYKSMGJNXDKFEXSPR2HKMPA.jpg\" alt=\"Las rosas blancas, las favoritas del dise\u00f1ador, no faltaron en el funeral\" width=\"4\" height=\"3\" loading=\"lazy\"\/><\/p>\n<p>Las rosas blancas, las favoritas del dise\u00f1ador, no faltaron en el funeral \/ RAFFAELE RASTELLI<\/p>\n<p>Cerrar<\/p>\n<p>Tras el funeral, oficiado por el p\u00e1rroco Giuseppe Busani, amigo del dise\u00f1ador, el f\u00e9retro fue trasladado a una funeraria del lugar para su cremaci\u00f3n. La urna con sus cenizas ser\u00e1 despu\u00e9s fue depositada en el pante\u00f3n de su familia, en el que reposan sus padres, Maria y Ugo, y su hermano Sergio.<\/p>\n<p>El maestro de la moda se hab\u00eda encargado hace unos a\u00f1os de restaurar este pante\u00f3n en el pueblo de su infancia, ya que \u00e9l naci\u00f3 en la cercana ciudad de Piacenza. <\/p>\n<p><img decoding=\"async\" src=\"https:\/\/www.europesays.com\/es\/wp-content\/uploads\/2025\/09\/3BIK7MW7PZIOJPFF3ASOGK5WBE.jpg\" alt=\"Todas las tiendas Armani de Mil\u00e1n cerraron toda la tarde como un gesto de respeto hacia su fundador\" width=\"4\" height=\"3\"  loading=\"lazy\"\/><\/p>\n<p>Todas las tiendas Armani de Mil\u00e1n cerraron toda la tarde como un gesto de respeto hacia su fundador \/ MATTEO CORNER<\/p>\n<p>Ampliar<img decoding=\"async\" src=\"https:\/\/www.europesays.com\/es\/wp-content\/uploads\/2025\/09\/1757410453_193_3BIK7MW7PZIOJPFF3ASOGK5WBE.jpg\" alt=\"Todas las tiendas Armani de Mil\u00e1n cerraron toda la tarde como un gesto de respeto hacia su fundador\" width=\"4\" height=\"3\" loading=\"lazy\"\/><\/p>\n<p>Todas las tiendas Armani de Mil\u00e1n cerraron toda la tarde como un gesto de respeto hacia su fundador \/ MATTEO CORNER<\/p>\n<p>Cerrar<\/p>\n<p>El funeral se ha celebrado tras dos d\u00edas de capilla ardiente por la que han pasado unas 16.000 personas a despedirle, en la ciudad desde la que extendi\u00f3 su imperio, Mil\u00e1n. Todas las tiendas Armani de la ciudad cerraron toda la tarde como un gesto de respeto hacia su fundador. <\/p>\n","protected":false},"excerpt":{"rendered":"El dise\u00f1ador italiano Giorgio Armani, fallecido el pasado jueves con 91 a\u00f1os, fue despedido este lunes con un&hellip;\n","protected":false},"author":2,"featured_media":103062,"comment_status":"","ping_status":"","sticky":false,"template":"","format":"standard","meta":{"footnotes":""},"categories":[91],"tags":[36130,146,147,25,24,9589,23],"class_list":{"0":"post-103061","1":"post","2":"type-post","3":"status-publish","4":"format-standard","5":"has-post-thumbnail","7":"category-entretenimiento","8":"tag-church","9":"tag-entertainment","10":"tag-entretenimiento","11":"tag-es","12":"tag-espana","13":"tag-funeral","14":"tag-spain"},"share_on_mastodon":{"url":"","error":""},"_links":{"self":[{"href":"https:\/\/www.europesays.com\/es\/wp-json\/wp\/v2\/posts\/103061","targetHints":{"allow":["GET"]}}],"collection":[{"href":"https:\/\/www.europesays.com\/es\/wp-json\/wp\/v2\/posts"}],"about":[{"href":"https:\/\/www.europesays.com\/es\/wp-json\/wp\/v2\/types\/post"}],"author":[{"embeddable":true,"href":"https:\/\/www.europesays.com\/es\/wp-json\/wp\/v2\/users\/2"}],"replies":[{"embeddable":true,"href":"https:\/\/www.europesays.com\/es\/wp-json\/wp\/v2\/comments?post=103061"}],"version-history":[{"count":0,"href":"https:\/\/www.europesays.com\/es\/wp-json\/wp\/v2\/posts\/103061\/revisions"}],"wp:featuredmedia":[{"embeddable":true,"href":"https:\/\/www.europesays.com\/es\/wp-json\/wp\/v2\/media\/103062"}],"wp:attachment":[{"href":"https:\/\/www.europesays.com\/es\/wp-json\/wp\/v2\/media?parent=103061"}],"wp:term":[{"taxonomy":"category","embeddable":true,"href":"https:\/\/www.europesays.com\/es\/wp-json\/wp\/v2\/categories?post=103061"},{"taxonomy":"post_tag","embeddable":true,"href":"https:\/\/www.europesays.com\/es\/wp-json\/wp\/v2\/tags?post=103061"}],"curies":[{"name":"wp","href":"https:\/\/api.w.org\/{rel}","templated":true}]}}