{"id":103063,"date":"2025-09-09T09:35:07","date_gmt":"2025-09-09T09:35:07","guid":{"rendered":"https:\/\/www.europesays.com\/es\/103063\/"},"modified":"2025-09-09T09:35:07","modified_gmt":"2025-09-09T09:35:07","slug":"sera-un-punto-clave-hoy-se-presentan-los-iphone-17-pro-y-el-mayor-filtrador-de-apple-tiene-claro-la-caracteristica-estrella","status":"publish","type":"post","link":"https:\/\/www.europesays.com\/es\/103063\/","title":{"rendered":"\u00abSer\u00e1 un punto clave\u00bb. Hoy se presentan los iPhone 17 Pro y el mayor filtrador de Apple tiene claro la caracter\u00edstica estrella"},"content":{"rendered":"<p>Apenas faltan horas para que los <a class=\"text-outboundlink\" href=\"https:\/\/www.applesfera.com\/nuevo\/nuevo-iphone-17-informacion\" data-vars-post-title=\"Nuevos iPhone 17 - Fecha de presentaci\u00f3n y todo lo que creemos saber sobre ellos\" data-vars-post-url=\"https:\/\/www.applesfera.com\/nuevo\/nuevo-iphone-17-informacion\" rel=\"nofollow noopener\" target=\"_blank\">iPhone 17<\/a> dejen de ser objeto de rumores y filtraciones para pasar a ser algo oficial y tangible. Pero antes de contarte todo de primera mano <a class=\"text-outboundlink\" href=\"https:\/\/www.applesfera.com\/eventos\/oficial-apple-confirma-apple-event-iphone-17-proximo-9-septiembre\" data-vars-post-title=\"Es oficial: El Apple Event del iPhone 17 el pr\u00f3ximo 9 de septiembre \u00a1Nos vamos al Apple Park! \" data-vars-post-url=\"https:\/\/www.applesfera.com\/eventos\/oficial-apple-confirma-apple-event-iphone-17-proximo-9-septiembre\" rel=\"nofollow noopener\" target=\"_blank\">desde el mism\u00edsimo Apple Park<\/a>, queremos repasar las que se anticipan ya como las <strong>mejores novedades<\/strong> de los modelos m\u00e1s avanzados.<\/p>\n<p>No se antojan cambios de dise\u00f1o radicales en los <strong>iPhone 17 Pro y iPhone 17 Pro Max <\/strong>como s\u00ed suceder\u00e1 en el in\u00e9dito <a class=\"text-outboundlink\" href=\"https:\/\/www.applesfera.com\/nuevo\/nuevo-iphone-17-air-informacion\" data-vars-post-title=\"iPhone 17 Air - Fecha de presentaci\u00f3n y todo lo que creemos saber sobre \u00e9l\" data-vars-post-url=\"https:\/\/www.applesfera.com\/nuevo\/nuevo-iphone-17-air-informacion\" rel=\"nofollow noopener\" target=\"_blank\">iPhone 17 Air<\/a> y su dise\u00f1o ultrafino respecto a los dem\u00e1s. S\u00ed <a class=\"text-outboundlink\" href=\"https:\/\/www.applesfera.com\/rumores\/gran-duda-rediseno-iphone-17-pro-filtrada-a-solo-unas-horas-su-presentacion\" data-vars-post-title=\"La gran duda del redise\u00f1o del iPhone 17 Pro, filtrada a solo unas horas de su presentaci\u00f3n \" data-vars-post-url=\"https:\/\/www.applesfera.com\/rumores\/gran-duda-rediseno-iphone-17-pro-filtrada-a-solo-unas-horas-su-presentacion\" rel=\"nofollow noopener\" target=\"_blank\">cambiar\u00e1n su parte trasera<\/a>, pero sus grandes mejoras estar\u00e1n en su interior. Literalmente. Al menos eso es lo que firma Mark Gurman, analista de Bloomberg y que durante a\u00f1os se ha encumbrado como el gran filtrador de productos y servicios de Apple.<\/p>\n<p>C\u00e1mara de vapor para aprobar la gran asignatura pendiente de Apple<\/p>\n<p>A principios de siglo, Sonia y Selena <a rel=\"noopener, noreferrer nofollow\" href=\"https:\/\/youtu.be\/H0k_nkYc8Rg?si=rPtg-Q9qt3EVSjtE&amp;t=38\" target=\"_blank\">cantaban<\/a> aquello de \u00abcuando llega el calor, los chicos se enamoran\u00bb. Y si esa letra se hubiese escrito hoy, no desentonar\u00eda cambiar esta estrofa por un \u00abcuando llega el calor, mi iPhone se calienta\u00bb. Porque s\u00ed, <strong>el excesivo calentamiento de los iPhone <\/strong>lleva a\u00f1os siendo un problema.<\/p>\n<p>Apple ha ido corrigi\u00e9ndolo con una mayor eficiencia de sus procesadores y ya en los <a class=\"text-outboundlink\" href=\"https:\/\/www.applesfera.com\/analisis\/apple-iphone-16-pro-analisis-caracteristicas-precio-especificaciones\" data-vars-post-title=\"iPhone 16 Pro y iPhone 16 Pro Max, an\u00e1lisis: atrincherado en la apuesta segura\" data-vars-post-url=\"https:\/\/www.applesfera.com\/analisis\/apple-iphone-16-pro-analisis-caracteristicas-precio-especificaciones\" rel=\"nofollow noopener\" target=\"_blank\">iPhone 16 Pro y 16 Pro Max<\/a> se ha mejorado mucho. Pero ya hemos comprobado este verano como <a class=\"text-outboundlink\" href=\"https:\/\/www.applesfera.com\/tutoriales\/iphone-necesita-enfriarse-para-poder-usarlo-cuatro-maneras-enfriar-tu-iphone-cuando-se-sobrecalienta\" data-vars-post-title=\"&quot;El iPhone necesita enfriarse para poder usarlo&quot;: cuatro maneras de enfriar tu iPhone cuando se sobrecalienta\" data-vars-post-url=\"https:\/\/www.applesfera.com\/tutoriales\/iphone-necesita-enfriarse-para-poder-usarlo-cuatro-maneras-enfriar-tu-iphone-cuando-se-sobrecalienta\" rel=\"nofollow noopener\" target=\"_blank\">se siguen calentando hasta el extremo<\/a>. Apple quiere solucionarlo con<strong> un \u00abnuevo\u00bb sistema de c\u00e1mara de vapor<\/strong>. Y entrecomillamos nuevo porque t\u00e9cnicamente no inventan nada, dado que ya hay m\u00f3viles de Android que hace a\u00f1os lo incorporan.<\/p>\n<p>    <a href=\"https:\/\/www.applesfera.com\/rumores\/se-filtran-baterias-iphone-17-mejor-noticia-esta-sim\" class=\"pivot-outboundlink\" data-vars-post-title=\"Se filtran las bater\u00edas de los iPhone 17. Pero la mejor noticia est\u00e1 en la SIM\" rel=\"nofollow noopener\" target=\"_blank\"><br \/>\n     <img loading=\"lazy\" decoding=\"async\" alt=\"Se filtran las bater\u00edas de los iPhone 17. Pero la mejor noticia est\u00e1 en la SIM\" width=\"375\" height=\"142\" src=\"https:\/\/i.blogs.es\/0861b9\/iphone-17\/375_142.webp\" onerror=\"this.src=\" https:=\"\"\/><br \/>\n    <\/a><\/p>\n<p>El sistema de c\u00e1mara de vapor no es m\u00e1s que un mecanismo de refrigeraci\u00f3n ubicado encima del procesador principal. A falta de conocer con detalle c\u00f3mo es el de Apple, podemos intuir que ser\u00e1 como en otros terminales. Es decir, que contar\u00e1 con un l\u00edquido sellado en una c\u00e1mara que, al calentarse, se evapora distribuyendo el calor por toda su superficie. Y eso, unido a la esperada eficiencia del chip A19 Pro, ayudar\u00eda a que <strong>el calor del interior se reduzca <\/strong>de forma considerable.<\/p>\n<p>Para Mark Gurman, esta novedad se anticipa como <a rel=\"noopener, noreferrer nofollow\" href=\"https:\/\/x.com\/markgurman\/status\/1965186742493061526?s=46\">\u00abun punto clave\u00bb<\/a> entre las novedades de los iPhone 17 Pro. Obviamente, habr\u00e1 que probarlo a fondo para comprobar hasta qu\u00e9 punto se nota el cambio. Sobre todo teniendo en cuenta que, m\u00e1s all\u00e1 del chip, hay elementos como la bater\u00eda o la pantalla que tambi\u00e9n aumentan considerablemente su temperatura en determinadas situaciones.<\/p>\n<p>La \u00abotra\u00bb c\u00e1mara traer\u00e1 tambi\u00e9n importantes cambios<\/p>\n<p>Al hablar de \u00abla c\u00e1mara del iPhone\u00bb tendremos ahora que especificar si nos referimos a la citada de vapor para evitar el calentamiento o si, como de costumbre, nos referimos a las c\u00e1maras fotogr\u00e1ficas y de v\u00eddeo. En estas \u00faltimas, Gurman y otros filtradores avanzan tambi\u00e9n <strong>cambios incluso para los selfies<\/strong>, dado que la frontal mejorar\u00e1 por fin su resoluci\u00f3n pasando de 12 a 24 megap\u00edxeles.<\/p>\n<p>                   <img class=\"centro_sinmarco\" height=\"900\" width=\"1200\" loading=\"lazy\" decoding=\"async\"  fetchpriority=\"high\"  src=\"https:\/\/i.blogs.es\/3ae018\/iphone-17-pro-max\/450_1000.webp\" alt=\"Iphone 17 Pro Max\" onerror=\"this.src=\" https:=\"\" false=\"\"\/><\/p>\n<p>En la triple c\u00e1mara trasera, se espera de nuevo un juego de 48 megap\u00edxeles tanto para el sensor principal como para el gran angular y el telefoto. Pero <a class=\"text-outboundlink\" href=\"https:\/\/www.applesfera.com\/rumores\/alla-megapixeles-camara-iphone-17-pro-prepara-su-mayor-revolucion-anos-estas-filtraciones-ultima-hora-confirman\" data-vars-post-title=\"M\u00e1s all\u00e1 de los megap\u00edxeles: la c\u00e1mara del iPhone 17 Pro prepara su mayor revoluci\u00f3n en a\u00f1os y estas filtraciones de \u00faltima hora lo confirman\" data-vars-post-url=\"https:\/\/www.applesfera.com\/rumores\/alla-megapixeles-camara-iphone-17-pro-prepara-su-mayor-revolucion-anos-estas-filtraciones-ultima-hora-confirman\" rel=\"nofollow noopener\" target=\"_blank\">los cambios van m\u00e1s all\u00e1 de los megap\u00edxeles<\/a> y se habla de un <strong>zoom \u00f3ptico de hasta 8x en el &#8216;Pro Max&#8217; (5x en el &#8216;Pro&#8217;) <\/strong>que bien podr\u00eda alcanzar los 80 aumentos con un zoom digital y un procesamiento por software.<\/p>\n<p>Tambi\u00e9n se espera que, por primera vez, podamos tener un <strong>sistema de apertura variable <\/strong>como en c\u00e1maras profesionales y que algunos fabricantes Android como Samsung ya llegaron a incluir en versiones como el <a class=\"text-outboundlink\" href=\"https:\/\/www.xataka.com\/analisis\/samsung-galaxy-s9-analisis-caracteristicas-precio-especificaciones\" data-vars-post-title=\"Samsung Galaxy S9+, an\u00e1lisis: la doble c\u00e1mara y la potencia a\u00f1adida refuerzan lo que ya funcionaba muy bien\" data-vars-post-url=\"https:\/\/www.xataka.com\/analisis\/samsung-galaxy-s9-analisis-caracteristicas-precio-especificaciones\" rel=\"nofollow noopener\" target=\"_blank\">Galaxy S9<\/a>. Eso s\u00ed, queda por ver c\u00f3mo se aplica y hasta qu\u00e9 punto ser\u00e1 el usuario el responsable de ajustarlo o si se hace autom\u00e1ticamente.<\/p>\n<p>    <a href=\"https:\/\/www.applesfera.com\/rumores\/ming-chi-kuo-rectifica-habra-airpods-pro-3-manana-problema-advertencia-que-ha-lanzado-modelo-2026\" class=\"pivot-outboundlink\" data-vars-post-title=\"Ming-Chi Kuo rectifica: habr\u00e1 AirPods Pro 3 ma\u00f1ana. El problema es la advertencia que \u00e9l mismo ha lanzado sobre el modelo de 2026 \" rel=\"nofollow noopener\" target=\"_blank\"><br \/>\n     <img loading=\"lazy\" decoding=\"async\" alt=\"Ming-Chi Kuo rectifica: habr\u00e1 AirPods Pro 3 ma\u00f1ana. El problema es la advertencia que \u00e9l mismo ha lanzado sobre el modelo de 2026 \" width=\"375\" height=\"142\" src=\"https:\/\/i.blogs.es\/6b8279\/pro-3\/375_142.webp\" onerror=\"this.src=\" https:=\"\"\/><br \/>\n    <\/a><\/p>\n<p>Hilado precisamente con eso \u00faltimo, hace unos meses <a class=\"text-outboundlink\" href=\"https:\/\/www.applesfera.com\/rumores\/pocas-veces-me-ha-emocionado-camara-como-iphone-17-pro-se-acaban-filtrar-sus-tres-grandes-novedades\" data-vars-post-title=\"Pocas veces me ha emocionado tanto una c\u00e1mara como la del iPhone 17 Pro. Se acaban de filtrar sus tres grandes novedades \" data-vars-post-url=\"https:\/\/www.applesfera.com\/rumores\/pocas-veces-me-ha-emocionado-camara-como-iphone-17-pro-se-acaban-filtrar-sus-tres-grandes-novedades\" rel=\"nofollow noopener\" target=\"_blank\">se filtr\u00f3<\/a> que con estos iPhone 17 Pro <strong>podr\u00eda<\/strong> <strong>debutar una nueva app de c\u00e1mara profesional <\/strong>similar a las que ya hay en la <a class=\"text-outboundlink\" href=\"https:\/\/www.applesfera.com\/nuevo\/que-app-store-que-aplicaciones-hay-como-se-guardan-compras\" data-vars-post-title=\"Qu\u00e9 es la App Store, qu\u00e9 aplicaciones hay y c\u00f3mo se guardan las compras\" data-vars-post-url=\"https:\/\/www.applesfera.com\/nuevo\/que-app-store-que-aplicaciones-hay-como-se-guardan-compras\" rel=\"nofollow noopener\" target=\"_blank\">App Store<\/a>. Orientada al p\u00fablico experto, permitir\u00eda ajustar manualmente todos los par\u00e1metros para exprimir al m\u00e1ximo el juego de c\u00e1maras.<\/p>\n<p>Aunque la mejor noticia de todas es que no queda nada para saber todo con detalle. Hoy, <strong>a partir de las 19.00 <\/strong>(hora peninsular espa\u00f1ola) se levanta el tel\u00f3n del evento que, aunque grabado con anterioridad, servir\u00e1 para conocer con todo lujo de detalles los nuevos iPhone 17 Pro y sus acompa\u00f1antes.<\/p>\n<p>En Applesfera | <a class=\"text-outboundlink\" href=\"https:\/\/www.applesfera.com\/tutoriales\/mejores-trucos-fotos-iphone\" data-vars-post-title=\"C\u00f3mo conseguir mejores fotograf\u00edas con tu iPhone cambiando estos seis ajustes\" data-vars-post-url=\"https:\/\/www.applesfera.com\/tutoriales\/mejores-trucos-fotos-iphone\" rel=\"nofollow noopener\" target=\"_blank\">C\u00f3mo conseguir mejores fotograf\u00edas con tu iPhone cambiando estos seis ajustes<\/a><\/p>\n<p>En Applesfera | <a class=\"text-outboundlink\" href=\"https:\/\/www.applesfera.com\/nuevo\/apple-watch-ultra-3-informacion\" data-vars-post-title=\"Nuevo Apple Watch Ultra 3 - Fecha de presentaci\u00f3n y todo lo que creemos saber sobre ellos\" data-vars-post-url=\"https:\/\/www.applesfera.com\/nuevo\/apple-watch-ultra-3-informacion\" rel=\"nofollow noopener\" target=\"_blank\">Nuevo Apple Watch Ultra 3 &#8211; Fecha de presentaci\u00f3n y todo lo que creemos saber sobre ellos<\/a><\/p>\n","protected":false},"excerpt":{"rendered":"Apenas faltan horas para que los iPhone 17 dejen de ser objeto de rumores y filtraciones para pasar&hellip;\n","protected":false},"author":2,"featured_media":103064,"comment_status":"","ping_status":"","sticky":false,"template":"","format":"standard","meta":{"footnotes":""},"categories":[81],"tags":[119,123,124,25,24,117,121,122,23,118,120],"class_list":{"0":"post-103063","1":"post","2":"type-post","3":"status-publish","4":"format-standard","5":"has-post-thumbnail","7":"category-ciencia-y-tecnologia","8":"tag-ciencia","9":"tag-ciencia-y-tecnologia","10":"tag-cienciaytecnologia","11":"tag-es","12":"tag-espana","13":"tag-science","14":"tag-science-and-technology","15":"tag-scienceandtechnology","16":"tag-spain","17":"tag-technology","18":"tag-tecnologia"},"share_on_mastodon":{"url":"","error":""},"_links":{"self":[{"href":"https:\/\/www.europesays.com\/es\/wp-json\/wp\/v2\/posts\/103063","targetHints":{"allow":["GET"]}}],"collection":[{"href":"https:\/\/www.europesays.com\/es\/wp-json\/wp\/v2\/posts"}],"about":[{"href":"https:\/\/www.europesays.com\/es\/wp-json\/wp\/v2\/types\/post"}],"author":[{"embeddable":true,"href":"https:\/\/www.europesays.com\/es\/wp-json\/wp\/v2\/users\/2"}],"replies":[{"embeddable":true,"href":"https:\/\/www.europesays.com\/es\/wp-json\/wp\/v2\/comments?post=103063"}],"version-history":[{"count":0,"href":"https:\/\/www.europesays.com\/es\/wp-json\/wp\/v2\/posts\/103063\/revisions"}],"wp:featuredmedia":[{"embeddable":true,"href":"https:\/\/www.europesays.com\/es\/wp-json\/wp\/v2\/media\/103064"}],"wp:attachment":[{"href":"https:\/\/www.europesays.com\/es\/wp-json\/wp\/v2\/media?parent=103063"}],"wp:term":[{"taxonomy":"category","embeddable":true,"href":"https:\/\/www.europesays.com\/es\/wp-json\/wp\/v2\/categories?post=103063"},{"taxonomy":"post_tag","embeddable":true,"href":"https:\/\/www.europesays.com\/es\/wp-json\/wp\/v2\/tags?post=103063"}],"curies":[{"name":"wp","href":"https:\/\/api.w.org\/{rel}","templated":true}]}}