{"id":103067,"date":"2025-09-09T09:37:08","date_gmt":"2025-09-09T09:37:08","guid":{"rendered":"https:\/\/www.europesays.com\/es\/103067\/"},"modified":"2025-09-09T09:37:08","modified_gmt":"2025-09-09T09:37:08","slug":"palestina-un-dron-ataca-a-uno-de-los-barcos-de-la-flotilla-e-israel-ordena-la-evacuacion-masiva-de-ciudad-de-gaza-el-salto","status":"publish","type":"post","link":"https:\/\/www.europesays.com\/es\/103067\/","title":{"rendered":"Palestina | Un dron ataca a uno de los barcos de la Flotilla e Israel ordena la evacuaci\u00f3n masiva de Ciudad de Gaza &#8211; El Salto"},"content":{"rendered":"<p><strong>En torno a las 0.30 de la noche del lunes, un dron atacaba a una de las embarcaciones de la <a href=\"https:\/\/www.elsaltodiario.com\/palestina\/enviado-flotilla-global-sumud-gaza-norte\" target=\"_blank\" rel=\"nofollow noopener\">Flotilla Global Summud<\/a> humanitaria, el Barco Familia, que se encuentra de camino a Gaza. El nav\u00edo se encontraba atracado en el puerto de T\u00fanez, <a href=\"https:\/\/es.wikipedia.org\/wiki\/Sidi_Bou_Said\" target=\"_blank\" rel=\"nofollow noopener\">Sidi Bou Said<\/a>, y las personas que se encontraban en la embarcaci\u00f3n pudieron apagar el fuego; nadie ha resultado herido.<\/strong><\/p>\n<p><strong\/><\/p>\n<p>Desde la GSF han denunciado que el barco \u201ctransportaba a miembros del Comit\u00e9 Directivo de GSF y fue golpeado por lo que se sospecha que es un dron\u201d. La organizaci\u00f3n expone que \u201cse est\u00e1 llevando a cabo una investigaci\u00f3n y cuando haya m\u00e1s informaci\u00f3n disponible, se publicar\u00e1 de inmediato\u201d e insisten en se\u00f1alar que \u201clos actos de agresi\u00f3n destinados a intimidar y descarrilar nuestra misi\u00f3n no nos disuadir\u00e1n\u201d. Los activistas planean seguir con su \u201cmisi\u00f3n pac\u00edfica de romper el <a href=\"https:\/\/www.elsaltodiario.com\/palestina\/cuarenta-palestinos-asesinados-gaza-ultimas-24-horas-seis-muertos-un-tiroteo-jerusalen\" target=\"_blank\" rel=\"nofollow noopener\">asedio de Gaza <\/a>y ser solidarios con su pueblo\u201d.\u00a0<\/p>\n<p>La relatora especial de la ONU sobre los territorios palestinos ocupados, Francesca Albanese, ha confirmado los ataques a la nave y ha expuesto su preocupaci\u00f3n sobre la situaci\u00f3n de la Flotilla: \u201cOtras dos flotillas se dirigen a T\u00fanez y necesitan protecci\u00f3n urgente\u201d.<\/p>\n<p>Por su parte, el Gobierno de T\u00fanez ha desmentido el ataque; la Guardia Nacional del pa\u00eds ha expuesto que el origen de las llamas fue el \u201cfuego en los chalecos salvavidas de dicho buque\u201d, a pesar de lo que se aprecia en las im\u00e1genes del ataque.<\/p>\n<p>Mientras el mundo se entera de la noticia del ataque de esta embarcaci\u00f3n, el Ej\u00e9rcito de Israel ha ordenado la evacuaci\u00f3n total de Gaza a las 8.00 local. \u201cA todos los residentes de la ciudad de Gaza y a quienes se encuentran en sus barrios, desde la Ciudad Vieja y Tafah al este hasta el mar al oeste\u201d, ha ordenado el portavoz del Ej\u00e9rcito israel\u00ed en \u00e1rabe, Avichay Adraee. Israel ha mandado a la poblaci\u00f3n palestina a trasladarse hacia la zona humanitaria de Al Mawas. Un lugar que, seg\u00fan denuncian palestinos y organizaciones humanitarias, no se escapa de los ataques del ej\u00e9rcito sionista. En la ciudad de Gaza, seg\u00fan la ONU, se encuentran refugiadas m\u00e1s de un mill\u00f3n de personas. Desde octubre de 2023 m\u00e1s de 64.000 palestinos han sido asesinados por Israel.\u00a0<\/p>\n","protected":false},"excerpt":{"rendered":"En torno a las 0.30 de la noche del lunes, un dron atacaba a una de las embarcaciones&hellip;\n","protected":false},"author":2,"featured_media":103068,"comment_status":"","ping_status":"","sticky":false,"template":"","format":"standard","meta":{"footnotes":""},"categories":[42],"tags":[517,17,18,13,14,79,11,61,62,63,64,19,20,9,10,15,16,24263,12,21,22,65,66,67],"class_list":{"0":"post-103067","1":"post","2":"type-post","3":"status-publish","4":"format-standard","5":"has-post-thumbnail","7":"category-internacional","8":"tag-actualidad","9":"tag-breaking-news","10":"tag-breakingnews","11":"tag-featured-news","12":"tag-featurednews","13":"tag-genocidio","14":"tag-headlines","15":"tag-internacional","16":"tag-international","17":"tag-international-news","18":"tag-internationalnews","19":"tag-latest-news","20":"tag-latestnews","21":"tag-news","22":"tag-noticias","23":"tag-noticias-destacadas","24":"tag-noticiasdestacadas","25":"tag-ocupacion-israeli","26":"tag-titulares","27":"tag-ultimas-noticias","28":"tag-ultimasnoticias","29":"tag-world","30":"tag-world-news","31":"tag-worldnews"},"share_on_mastodon":{"url":"","error":""},"_links":{"self":[{"href":"https:\/\/www.europesays.com\/es\/wp-json\/wp\/v2\/posts\/103067","targetHints":{"allow":["GET"]}}],"collection":[{"href":"https:\/\/www.europesays.com\/es\/wp-json\/wp\/v2\/posts"}],"about":[{"href":"https:\/\/www.europesays.com\/es\/wp-json\/wp\/v2\/types\/post"}],"author":[{"embeddable":true,"href":"https:\/\/www.europesays.com\/es\/wp-json\/wp\/v2\/users\/2"}],"replies":[{"embeddable":true,"href":"https:\/\/www.europesays.com\/es\/wp-json\/wp\/v2\/comments?post=103067"}],"version-history":[{"count":0,"href":"https:\/\/www.europesays.com\/es\/wp-json\/wp\/v2\/posts\/103067\/revisions"}],"wp:featuredmedia":[{"embeddable":true,"href":"https:\/\/www.europesays.com\/es\/wp-json\/wp\/v2\/media\/103068"}],"wp:attachment":[{"href":"https:\/\/www.europesays.com\/es\/wp-json\/wp\/v2\/media?parent=103067"}],"wp:term":[{"taxonomy":"category","embeddable":true,"href":"https:\/\/www.europesays.com\/es\/wp-json\/wp\/v2\/categories?post=103067"},{"taxonomy":"post_tag","embeddable":true,"href":"https:\/\/www.europesays.com\/es\/wp-json\/wp\/v2\/tags?post=103067"}],"curies":[{"name":"wp","href":"https:\/\/api.w.org\/{rel}","templated":true}]}}