{"id":103069,"date":"2025-09-09T09:38:06","date_gmt":"2025-09-09T09:38:06","guid":{"rendered":"https:\/\/www.europesays.com\/es\/103069\/"},"modified":"2025-09-09T09:38:06","modified_gmt":"2025-09-09T09:38:06","slug":"sanchez-habla-ya-de-genocidio-sobre-gaza-de-las-discrepancias-entre-politicos-al-casi-consenso-entre-los-expertos-espana","status":"publish","type":"post","link":"https:\/\/www.europesays.com\/es\/103069\/","title":{"rendered":"S\u00e1nchez habla ya de \u201cgenocidio\u201d sobre Gaza: de las discrepancias entre pol\u00edticos al casi consenso entre los expertos | Espa\u00f1a"},"content":{"rendered":"<p class=\"\">El presidente del Gobierno socialista, Pedro S\u00e1nchez, us\u00f3 este lunes tres veces el t\u00e9rmino \u201cgenocidio\u201d para describir la violencia con la que Israel est\u00e1 destruyendo Gaza: 63.000 muertos, 159.000 personas heridas, 250.000 en riesgo de desnutrici\u00f3n y casi 2 millones de desplazados, seg\u00fan los datos que manej\u00f3. \u201cUn ataque que [&#8230;] la mayor\u00eda de expertos califican ya como un genocidio\u201d, <a href=\"https:\/\/www.lamoncloa.gob.es\/presidente\/intervenciones\/Paginas\/2025\/20250908-declaracion-pg-medidas-genocidio-gaza.aspx\" rel=\"nofollow noopener\" target=\"_blank\">dijo en primer lugar<\/a>, durante su comparecencia en el Palacio de la Moncloa, para luego usarlo ya sin la muleta de los expertos otras dos veces. Horas despu\u00e9s, el alcalde de Madrid, Jos\u00e9 Luis Almeida (Partido Popular), declar\u00f3 en un pleno del ayuntamiento de la capital que \u201cno hay un genocidio en Gaza, porque genocidio fue el del pueblo jud\u00edo durante la Segunda Guerra Mundial\u201d. Tambi\u00e9n en Madrid, no lejos de ambas sedes, pero en 1933, meses despu\u00e9s de la llegada de Hitler al poder en Alemania, se discuti\u00f3 <a href=\"https:\/\/elpais.com\/ideas\/2024-02-29\/el-concepto-de-genocidio-vio-la-luz-en-una-conferencia-en-madrid-en-1933-y-sigue-de-actualidad.html\" target=\"_self\" rel=\"nofollow noopener\" title=\"https:\/\/elpais.com\/ideas\/2024-02-29\/el-concepto-de-genocidio-vio-la-luz-en-una-conferencia-en-madrid-en-1933-y-sigue-de-actualidad.html\">por primera vez en un congreso internacional<\/a> el uso de ese t\u00e9rmino acu\u00f1ado por un jurista jud\u00edo, <a href=\"\" rel=\"\" title=\"\">Raphael Lemkin<\/a>. El genocidio como la destrucci\u00f3n de un grupo humano. <\/p>\n<p class=\"\">92 a\u00f1os despu\u00e9s, el uso del t\u00e9rmino es controvertido no solo entre los dos grandes partidos, sino dentro del Gobierno, donde los miembros de Sumar \u2014con la vicepresidenta Yolanda D\u00edaz a la cabeza\u2014lo han usado antes y m\u00e1s que sus colegas socialistas, e incluso la ministra de Defensa, Margarita Robles, <a href=\"https:\/\/elpais.com\/espana\/2024-05-25\/margarita-robles-tilda-de-autentico-genocidio-la-ofensiva-israeli-en-gaza.html\" rel=\"nofollow noopener\" target=\"_blank\">el primer miembro socialista del Gobierno en usarlo<\/a>, en mayo de 2024, lo ha evitado muchas otras veces, <a href=\"https:\/\/www.rtve.es\/play\/audios\/24-horas\/robles-evita-calificar-como-genocidio-situacion-gaza\/16684065\/\" rel=\"nofollow noopener\" target=\"_blank\">como el pasado 31 de julio<\/a>. <\/p>\n<p class=\"\">El presidente S\u00e1nchez ya hab\u00eda empleado el t\u00e9rmino en al menos tres ocasiones en el Parlamento. En la primera, el pasado 14 de mayo, provoc\u00f3 las protestas oficiales del Gobierno de Israel, y en julio volvi\u00f3 a usarlo otras dos veces. En Europa, sin embargo, el presidente franc\u00e9s, Enmanuel Macron, aleg\u00f3 en mayo que la calificaci\u00f3n o no de \u201cgenocidio\u201d era una tarea de los historiadores; y figuras como el primer ministro brit\u00e1nico, Keir Starmer, de profesi\u00f3n fiscal, han evitado ese concepto desde que accedi\u00f3 al cargo. Tampoco ning\u00fan miembro del Gobierno alem\u00e1n lo ha empleado. <\/p>\n<p class=\"\">Los juristas, sin embargo, lo tienen cada vez m\u00e1s claro. Y no solo porque tanto la Corte Penal Internacional, creada en 1998 a partir del Estatuto de Roma para perseguir a los autores de los cr\u00edmenes de guerra, como la Corte Internacional de Justicia, que dirime \u00fanicamente la responsabilidad de los Estados, est\u00e9n trabajando ya con ese tipo delictivo en su marco de actuaci\u00f3n. El primer tribunal ha ordenado detener al primer ministro israel\u00ed, Benjamin Netanyahu, y a su exministro de Defensa, Yoav Galant; y el segundo, estudia la denuncia de Sud\u00e1frica contra Israel por genocidio, a la que se adhiri\u00f3 Espa\u00f1a desde su interposici\u00f3n. <\/p>\n<p class=\"\">Entre los acad\u00e9micos tambi\u00e9n gana fuerza esa calificaci\u00f3n. Los seis consultados por este diario coinciden en que \u201chay un genocidio en marcha\u201d contra los palestinos. En Gaza, pero no solo, porque la mayor\u00eda ve tambi\u00e9n los asesinatos y los asentamientos en Cisjordania como parte de ese mismo plan. Dos de ellos, la catedr\u00e1tica de Derecho Penal de la UNED, Alicia Gil Gil, y el catedr\u00e1tico de la Aut\u00f3noma de Madrid, Manuel Cancio, han cambiado de opini\u00f3n durante la guerra. <\/p>\n<p class=\"\">A finales de 2023, <a href=\"https:\/\/elpais.com\/ideas\/2023-12-10\/se-estan-cometiendo-crimenes-contra-la-humanidad-en-gaza.html\" rel=\"nofollow noopener\" target=\"_blank\">preguntados tambi\u00e9n por este diario<\/a>, ambos consideraban que los bombardeos y los ataques contra la poblaci\u00f3n de la Franja, que hab\u00edan provocado ya m\u00e1s de 45.000 muertes, y mataban 100 ni\u00f1os al d\u00eda, no pod\u00edan calificarse de \u201cgenocidio\u201d, porque se trata de un delito en el que la clave radica en la intenci\u00f3n del agresor: solo hay genocidio si la intencionalidad es la destrucci\u00f3n de un grupo nacional, religioso o \u00e9tnico como tal, seg\u00fan recoge <a href=\"https:\/\/www.boe.es\/buscar\/act.php?id=BOE-A-1995-25444\" rel=\"nofollow noopener\" target=\"_blank\">el art\u00edculo 607 del C\u00f3digo Penal espa\u00f1ol<\/a> y el derecho internacional. <\/p>\n<p class=\"\">\u201cYo al principio pensaba que hab\u00eda que ser cauto\u201d afirma Gil Gil. \u201cPero con el paso del tiempo lo que me pregunto es qu\u00e9 motivaci\u00f3n pueden tener que no sea esa, la genocida. Cada vez le va a resultar m\u00e1s dif\u00edcil al Gobierno israel\u00ed justificar que tiene otra finalidad, porque la \u00faltima invasi\u00f3n de Gaza, la destrucci\u00f3n constante, la hambruna, ya no se pueden explicar de otra forma que no sea considerando, al menos, que les trae sin cuidado el exterminio de los palestinos\u201d, a\u00f1ade. <\/p>\n<p class=\"\">\u201cLa duda que puede haber se circunscribe exclusivamente al lado subjetivo del delito, esto es, si los actos delictivos se comenten con la intenci\u00f3n de destruir al grupo humano de los palestinos en Gaza\u201d, aclara Cancio. \u201c[En 2023], no ten\u00eda claro que pudiera calificarse de genocidio por las dudas que hab\u00eda entono a ese prop\u00f3sito espec\u00edfico de destruir a un grupo humano. Lo sucedido desde entonces, sin embargo, ya no deja lugar a ninguna duda acerca de la intenci\u00f3n de los responsables israel\u00edes\u201d, a\u00f1ade. <\/p>\n<p class=\"\">Ana Manero, catedr\u00e1tica de Derecho Internacional de la Universidad Carlos III, considera que \u201clas cosas tienen que llamarse por su nombre\u201d. Adem\u00e1s de la destrucci\u00f3n f\u00edsica, \u201cen Gaza concurren las declaraciones a borrar del mapa a los palestinos, su deshumanizaci\u00f3n, la negaci\u00f3n de cuartel por parte de los l\u00edderes israel\u00edes, todos esos elementos nos sirven para probar la intenci\u00f3n genocida\u201d, asegura Manero. Para ella, no solo es pertinente el uso del concepto de \u201cgenocidio\u201d a nivel jur\u00eddico, sino que es pol\u00edticamente insuficiente: \u201chabr\u00eda que romper relaciones diplom\u00e1ticas con Israel\u201d, reclama. <\/p>\n<p class=\"\">Al igual que a nivel pol\u00edtico, el trasfondo hist\u00f3rico y el simbolismo que recuerda el concepto, implementado a ra\u00edz del intento de destrucci\u00f3n de los jud\u00edos de Europa a manos del nazismo durante la Segunda Guerra Mundial, aparece una y otra vez en los comentarios de los juristas. Fue precisamente en Madrid, no lejos del Palacio de la Moncloa, en el Paraninfo de la Universidad Complutense (UCM), y en octubre de 1933, con Hitler ya como F\u00fcrher de Alemania, cuando por primera vez se discuti\u00f3 la pertinencia del t\u00e9rmino \u201cgenocidio\u201d para describir una realidad que el exterminio de m\u00e1s de un mill\u00f3n de armenios en 1915, esto es, durante la Primera Guerra Mundial, hab\u00eda hecho necesario categorizar. <\/p>\n<p class=\"\">El hombre detr\u00e1s de la palabra, Raphael Lemkin, no pudo finalmente asistir porque Polonia no quiso que fuera un jud\u00edo, precisamente un jud\u00edo, quien lo representara en pleno ascenso del nazismo en Europa. Una d\u00e9cada despu\u00e9s, 49 de sus familiares morir\u00edan durante el Holocausto, <a href=\"https:\/\/www.elespectador.com\/el-magazin-cultural\/la-imaginacion-moral-de-raphael-lemkin-y-la-posibilidad-del-compromiso-civico-con-gaza\/\" rel=\"nofollow noopener\" target=\"_blank\">seg\u00fan el traductor y editor de sus memorias al castellano<\/a>, Joaqu\u00edn Gonz\u00e1lez Ib\u00e1\u00f1ez. Lemkin consigui\u00f3 emigrar a tiempo a Estados Unidos y el fruto de su trabajo es universalmente reconocido hoy, hasta el punto de que la Convenci\u00f3n contra el Genocidio, se conoce tambi\u00e9n como la Convenci\u00f3n Lemkin. Un trabajo que puede resumirse en una convicci\u00f3n: sin un concepto formal es imposible defender a las v\u00edctimas en la realidad. El rastro de esa b\u00fasqueda est\u00e1 garabateado incluso en algunas p\u00e1ginas de sus archivos, que Gonz\u00e1lez Ib\u00e1\u00f1ez, tambi\u00e9n profesor de Derecho Internacional P\u00fablico en la UCM, consult\u00f3 y fotografi\u00f3 en Nueva York. <\/p>\n<p class=\"\">Seg\u00fan Gonz\u00e1lez Ib\u00e1\u00f1ez, Lemkin siempre subray\u00f3 que hab\u00eda que extender el uso del t\u00e9rmino para defender a toda la humanidad, y no solo al pueblo jud\u00edo como tal. \u201cDecir genocidio es decir \u201cno\u201d a la destrucci\u00f3n de los palestinos en Gaza\u201d, afirma Ib\u00e1\u00f1ez, quien recuerda la circunstancia de que el C\u00f3digo Penal israel\u00ed solo reconoce el delito de genocidio si se comete contra personas jud\u00edas. <\/p>\n<p class=\"\">\u201cEs una tragedia que el pueblo que fue v\u00edctima del gran genocidio industrial del siglo XX, tenga que ver c\u00f3mo su gobierno se convierte ahora en un gobierno genocida\u201d, destaca Luis Arroyo Zapatero, Catedr\u00e1tico de Derecho Penal jubilado, sobre la actuaci\u00f3n del ejecutivo israel\u00ed. \u201cDesgraciadamente, se tiene que usar el t\u00e9rmino genocidio\u201d, asume Zapatero. \u201cEn el caso de Gaza, pero tambi\u00e9n en Cisjordania, se dan varios de los elementos que por s\u00ed mismos constituir\u00edan genocidio, pero que se est\u00e1n dando a la vez. Uno es el exterminio f\u00edsico de una poblaci\u00f3n, lo que no quiere decir que haya que matar a todos para que se d\u00e9. Los alemanes tiene una apalabra \u201causrotten\u201d, el desenraizar a un pueblo de un pa\u00eds o de un territorio, eso es genocidio. Y ejercer la violencia de la hambruna, es otra forma de genocidio\u201d. <\/p>\n<p class=\"\">\u201cLa gran mayor\u00eda de cient\u00edficos y de juristas de todo el mundo no duda en decir que es est\u00e1n cometiendo genocidio\u201d, asegura Manuel Oll\u00e9, abogado y profesor de Derecho Penal Internacional en la UCM. \u201cTanto por las propias declaraciones de los dirigentes israel\u00eds, de Netanyahu a Galant, llamando \u201danimales\u201d a los palestinos, como por los asesinatos con ataques a escuelas, hospitales, de miles ni\u00f1os, no dejan lugar a dudas\u201d, a juicio de Oll\u00e9. \u201cSe est\u00e1 produciendo un genocidio\u201d, concluye. <\/p>\n<p class=\"\">Con informaci\u00f3n de Marc Bassets (Berl\u00edn) y Rafa de Miguel (Londres).<\/p>\n","protected":false},"excerpt":{"rendered":"El presidente del Gobierno socialista, Pedro S\u00e1nchez, us\u00f3 este lunes tres veces el t\u00e9rmino \u201cgenocidio\u201d para describir la&hellip;\n","protected":false},"author":2,"featured_media":103070,"comment_status":"","ping_status":"","sticky":false,"template":"","format":"standard","meta":{"footnotes":""},"categories":[8],"tags":[13241,17,18,25,24,13,14,73,79,11,1663,74,19,20,9,10,15,16,76,2959,23,12,21,22],"class_list":{"0":"post-103069","1":"post","2":"type-post","3":"status-publish","4":"format-standard","5":"has-post-thumbnail","7":"category-espana","8":"tag-benjamin-netanyahu","9":"tag-breaking-news","10":"tag-breakingnews","11":"tag-es","12":"tag-espana","13":"tag-featured-news","14":"tag-featurednews","15":"tag-franja-gaza","16":"tag-genocidio","17":"tag-headlines","18":"tag-holocausto-judio","19":"tag-israel","20":"tag-latest-news","21":"tag-latestnews","22":"tag-news","23":"tag-noticias","24":"tag-noticias-destacadas","25":"tag-noticiasdestacadas","26":"tag-palestina","27":"tag-pedro-sanchez","28":"tag-spain","29":"tag-titulares","30":"tag-ultimas-noticias","31":"tag-ultimasnoticias"},"share_on_mastodon":{"url":"","error":""},"_links":{"self":[{"href":"https:\/\/www.europesays.com\/es\/wp-json\/wp\/v2\/posts\/103069","targetHints":{"allow":["GET"]}}],"collection":[{"href":"https:\/\/www.europesays.com\/es\/wp-json\/wp\/v2\/posts"}],"about":[{"href":"https:\/\/www.europesays.com\/es\/wp-json\/wp\/v2\/types\/post"}],"author":[{"embeddable":true,"href":"https:\/\/www.europesays.com\/es\/wp-json\/wp\/v2\/users\/2"}],"replies":[{"embeddable":true,"href":"https:\/\/www.europesays.com\/es\/wp-json\/wp\/v2\/comments?post=103069"}],"version-history":[{"count":0,"href":"https:\/\/www.europesays.com\/es\/wp-json\/wp\/v2\/posts\/103069\/revisions"}],"wp:featuredmedia":[{"embeddable":true,"href":"https:\/\/www.europesays.com\/es\/wp-json\/wp\/v2\/media\/103070"}],"wp:attachment":[{"href":"https:\/\/www.europesays.com\/es\/wp-json\/wp\/v2\/media?parent=103069"}],"wp:term":[{"taxonomy":"category","embeddable":true,"href":"https:\/\/www.europesays.com\/es\/wp-json\/wp\/v2\/categories?post=103069"},{"taxonomy":"post_tag","embeddable":true,"href":"https:\/\/www.europesays.com\/es\/wp-json\/wp\/v2\/tags?post=103069"}],"curies":[{"name":"wp","href":"https:\/\/api.w.org\/{rel}","templated":true}]}}