{"id":103078,"date":"2025-09-09T09:45:08","date_gmt":"2025-09-09T09:45:08","guid":{"rendered":"https:\/\/www.europesays.com\/es\/103078\/"},"modified":"2025-09-09T09:45:08","modified_gmt":"2025-09-09T09:45:08","slug":"o-barco-afronta-una-semana-intensa-con-la-salida-de-la-vuelta-y-el-inicio-de-las-festas-do-cristo","status":"publish","type":"post","link":"https:\/\/www.europesays.com\/es\/103078\/","title":{"rendered":"O Barco afronta una semana intensa con la salida de la Vuelta y el inicio de las Festas do Cristo"},"content":{"rendered":"<p><strong>O Barco de Valdeorras<\/strong> vive una de las semanas m\u00e1s intensas del a\u00f1o. Este <strong>mi\u00e9rcoles<\/strong> la localidad acoger\u00e1 la<strong> salida de una etapa de la Vuelta Ciclista a Espa\u00f1a <\/strong>y, apenas dos d\u00edas despu\u00e9s, el <strong>viernes, comenzar\u00e1n las Festas do Cristo 2025, <\/strong>que se prolongar\u00e1n hasta el lunes 15 de septiembre.<\/p>\n<p>El alcalde, <strong>Aurentino Alonso, e<\/strong>xplic\u00f3 en una entrevista en Onda Cero Valdeorras,\u00a0que la<strong> Junta Local de Seguridad <\/strong>celebrada este lunes tuvo como \u00fanico punto del d\u00eda el<strong> dispositivo de la Vuelta.<\/strong> \u00abSe habl\u00f3 de seguridad, del control de los espacios donde estar\u00e1n ubicados los veh\u00edculos y elementos de la organizaci\u00f3n y, sobre todo, de un asunto que nos preocupaba:<strong> el acceso a los colegios<\/strong>\u00bb, se\u00f1al\u00f3. Mientras la entrada de los escolares est\u00e1 garantizada, la salida coincide con el inicio de la etapa. \u00abHab\u00eda cierta preocupaci\u00f3n por parte de la Guardia Civil y de la Polic\u00eda Local, pero creo que est\u00e1 resuelto\u00bb, a\u00f1adi\u00f3.<\/p>\n<p>Seguridad y protestas en torno a la Vuelta<\/p>\n<p>La salida de la Vuelta desde O Barco no solo obliga a <strong>coordinar accesos y tr\u00e1fico,<\/strong> tambi\u00e9n se produce en un contexto de <strong>tensi\u00f3n por las protestas contra la presencia del equipo Israel-Premier Tech.<\/strong> En las \u00faltimas etapas de la ronda ciclista ya se<strong> registraron incidentes a la salida <\/strong>por la actuaci\u00f3n de algunos manifestantes que piden <strong>que esta formaci\u00f3n no pueda competir.<\/strong><\/p>\n<p>La coincidencia de la carrera con una movilizaci\u00f3n a\u00f1ade m\u00e1s presi\u00f3n al dispositivo. <strong>El mi\u00e9rcoles, a las 13.00 horas <\/strong>\u2014apenas una hora antes de que los ciclistas partan desde la localidad\u2014 est\u00e1 convocada una <strong>manifestaci\u00f3n frente al hospital bajo el lema \u00abNon en noso nome\u00bb.<\/strong> La protesta quiere denunciar los ataques que Israel lanza contra Gaza y otras ciudades palestinas, as\u00ed como el asedio al que est\u00e1 sometida la poblaci\u00f3n civil, donde se est\u00e1n produciendo muertes por hambre.<\/p>\n<p>Al respecto, Alonso <strong>traslad\u00f3 que las fuerzas de seguridad consideran el operativo preparado.<\/strong> \u00abSalvo alg\u00fan exaltado que en alg\u00fan momento invadi\u00f3 la calzada, la mayor\u00eda de la gente se manifiesta pac\u00edficamente y sin afectar a la seguridad de los ciclistas\u00bb, indic\u00f3. \u00abMientras las protestas sean pac\u00edficas no hay problema\u00bb, a\u00f1adi\u00f3, aunque reconoci\u00f3 que la seguridad de los corredores es la principal preocupaci\u00f3n de la Guardia Civil y la Polic\u00eda Local.<\/p>\n<p>La manifestaci\u00f3n contra los incendios, el d\u00eda 11<\/p>\n<p>Adem\u00e1s de la concentraci\u00f3n propalestina, el <strong>jueves 11 de septiembre se celebrar\u00e1 la manifestaci\u00f3n contra los incendios.<\/strong> \u00abDesde el primer momento apoyamos esta convocatoria. Inicialmente iba a ser el d\u00eda 12, pero pedimos que se adelantase porque coincid\u00eda con el preg\u00f3n de las fiestas. La organizaci\u00f3n lo entendi\u00f3 perfectamente y lo cambi\u00f3 al d\u00eda 11\u00bb, explic\u00f3. Una concentraci\u00f3n que cuenta con el apoyo del equipo de gobierno.<\/p>\n<p>En cuanto a la programaci\u00f3n festiva, y las numerosas pruebas deportivas organizadas para estos d\u00edas,\u00a0Alonso incidi\u00f3 en que las <strong>actividades deportivas son una se\u00f1a de identidad de las Festas do Cristo. <\/strong>\u00abNo se conciben sin ese complemento\u00bb, asegur\u00f3. El descenso del Sil celebrar\u00e1 su 57\u00aa edici\u00f3n, la milla urbana supera ya las tres d\u00e9cadas de historia y el programa se completa con torneos de petanca, tenis, f\u00fatbol sala, baloncesto y otras disciplinas.<\/p>\n<p>El alcalde anim\u00f3 a los vecinos a <strong>participar en todas ellas <\/strong>y record\u00f3 que el Cristo tambi\u00e9n incluye una amplia <strong>agenda musical, con orquestas y conciertos, <\/strong>adem\u00e1s de otras propuestas de ocio que se prolongar\u00e1n durante cuatro d\u00edas.<\/p>\n<p>Balance positivo de la feria de artesan\u00eda<\/p>\n<p>Como antesala de las fiestas, el pasado fin de semana se celebr\u00f3 la <strong>quinta edici\u00f3n de la Feria de Productos Artesanos.<\/strong> Alonso destac\u00f3 el \u00abbalance muy positivo\u00bb, tanto por la respuesta del p\u00fablico como por el nivel de ventas. \u00abLos expositores estaban encantados. Vendieron y promocionaron muchos productos y tambi\u00e9n hubo actividades paralelas de m\u00fasica, talleres y restauraci\u00f3n\u00bb, detall\u00f3.<\/p>\n<p>La intenci\u00f3n es mantener esta cita en el calendario, consolid\u00e1ndola como parte del arranque de las fiestas patronales.\u00a0El alcalde cerr\u00f3 su intervenci\u00f3n con una<strong> invitaci\u00f3n a vecinos y visitantes:<\/strong> \u00abAnimo a disfrutar de estas Festas do Cristo 2025 y tambi\u00e9n de la salida de la Vuelta, que es un espect\u00e1culo visual. Lo \u00fanico que no podemos controlar es el clima, pero esperamos que se porte y nos permita disfrutar al aire libre de todas las actividades\u00bb.<\/p>\n<p>Puedes escuchar aqu\u00ed la entrevista completa:<\/p>\n","protected":false},"excerpt":{"rendered":"O Barco de Valdeorras vive una de las semanas m\u00e1s intensas del a\u00f1o. Este mi\u00e9rcoles la localidad acoger\u00e1&hellip;\n","protected":false},"author":2,"featured_media":103079,"comment_status":"","ping_status":"","sticky":false,"template":"","format":"standard","meta":{"footnotes":""},"categories":[273],"tags":[517,36131,313,6088,312,168,25,24,48,7789,23,167],"class_list":{"0":"post-103078","1":"post","2":"type-post","3":"status-publish","4":"format-standard","5":"has-post-thumbnail","7":"category-ciclismo","8":"tag-actualidad","9":"tag-aurentino-alonso","10":"tag-ciclismo","11":"tag-cristo","12":"tag-cycling","13":"tag-deportes","14":"tag-es","15":"tag-espana","16":"tag-incendio","17":"tag-la-vuelta","18":"tag-spain","19":"tag-sports"},"share_on_mastodon":{"url":"","error":""},"_links":{"self":[{"href":"https:\/\/www.europesays.com\/es\/wp-json\/wp\/v2\/posts\/103078","targetHints":{"allow":["GET"]}}],"collection":[{"href":"https:\/\/www.europesays.com\/es\/wp-json\/wp\/v2\/posts"}],"about":[{"href":"https:\/\/www.europesays.com\/es\/wp-json\/wp\/v2\/types\/post"}],"author":[{"embeddable":true,"href":"https:\/\/www.europesays.com\/es\/wp-json\/wp\/v2\/users\/2"}],"replies":[{"embeddable":true,"href":"https:\/\/www.europesays.com\/es\/wp-json\/wp\/v2\/comments?post=103078"}],"version-history":[{"count":0,"href":"https:\/\/www.europesays.com\/es\/wp-json\/wp\/v2\/posts\/103078\/revisions"}],"wp:featuredmedia":[{"embeddable":true,"href":"https:\/\/www.europesays.com\/es\/wp-json\/wp\/v2\/media\/103079"}],"wp:attachment":[{"href":"https:\/\/www.europesays.com\/es\/wp-json\/wp\/v2\/media?parent=103078"}],"wp:term":[{"taxonomy":"category","embeddable":true,"href":"https:\/\/www.europesays.com\/es\/wp-json\/wp\/v2\/categories?post=103078"},{"taxonomy":"post_tag","embeddable":true,"href":"https:\/\/www.europesays.com\/es\/wp-json\/wp\/v2\/tags?post=103078"}],"curies":[{"name":"wp","href":"https:\/\/api.w.org\/{rel}","templated":true}]}}