{"id":103084,"date":"2025-09-09T09:48:07","date_gmt":"2025-09-09T09:48:07","guid":{"rendered":"https:\/\/www.europesays.com\/es\/103084\/"},"modified":"2025-09-09T09:48:07","modified_gmt":"2025-09-09T09:48:07","slug":"es-el-momento-de-cuidar-de-los-mios","status":"publish","type":"post","link":"https:\/\/www.europesays.com\/es\/103084\/","title":{"rendered":"Es el momento de cuidar de los m\u00edos"},"content":{"rendered":"<p class=\"paragraph\"><b>El exguardameta del Valencia CF Jaume Dom\u00e8nech<\/b> ha anunciado este lunes su retirada definitiva del f\u00fatbol profesional, apenas unos meses despu\u00e9s de finalizar su vinculaci\u00f3n con el conjunto che. El portero de Almenara, que defendi\u00f3 la porter\u00eda valencianista durante una d\u00e9cada, ha tomado esta dif\u00edcil decisi\u00f3n debido a un problema de salud que afecta a su hija peque\u00f1a y que imposibilitar\u00eda que su familia pudiera acompa\u00f1arle si fichara por otro club.<\/p>\n<p class=\"paragraph\">\u00abComo familia valor\u00e1bamos jugar fuera de casa, pero durante el verano se ha dado una situaci\u00f3n puntual de la peque\u00f1a en la que no me podr\u00edan acompa\u00f1ar ni ella, ni mi mujer ni mi hijo. <b>Sin ellos no puedo estar, me gusta estar<\/b> en familia y he pensado que era el momento para dejarlo y estar aqu\u00ed cuidando de los m\u00edos\u00bb, ha explicado Dom\u00e8nech en una entrevista concedida a los medios oficiales del Valencia CF. Aunque el guardameta castellonense ha preferido no entrar en detalles espec\u00edficos, ha revelado que su hija padece desde su nacimiento un problema m\u00e9dico que, si bien \u00abha ido evolucionando muy bien\u00bb, este verano ha derivado en \u00abuna situaci\u00f3n puntual\u00bb que ha precipitado su decisi\u00f3n.<\/p>\n<p class=\"paragraph\">El ya exfutbolista de 34 a\u00f1os ha reconocido que contaba con varias ofertas de otros clubes tras finalizar su contrato con el Valencia, pero las circunstancias familiares han prevalecido sobre su carrera deportiva. \u00abA veces hay situaciones que se escapan de tu control y hay que adaptarse, ser fuerte, afrontarlas como vienen, <b>con una sonrisa y con toda la energ\u00eda<\/b> y pasi\u00f3n que uno tiene\u00bb, ha manifestado Dom\u00e8nech, quien admite que no ten\u00eda previsto colgar los guantes todav\u00eda.<\/p>\n<p class=\"paragraph\"><b>Una carrera ligada al Valencia CF<\/b><\/p>\n<p class=\"paragraph\">A pesar de la dureza del momento, Dom\u00e8nech ha se\u00f1alado que se trata tambi\u00e9n de un d\u00eda \u00abmuy feliz\u00bb porque ha logrado cumplir todos los sue\u00f1os que ten\u00eda desde peque\u00f1o gracias al Valencia CF. \u00abNo me puedo quejar de nada, he cumplido todos mis sue\u00f1os gracias al Valencia. Ahora hay una situaci\u00f3n puntual y no hay ning\u00fan problema en dejar el f\u00fatbol\u00bb, ha aseverado el castellonense, a\u00f1adiendo que \u00abmuchas veces un l\u00edder o capit\u00e1n tiene que <b>tomar decisiones duras para \u00e9l por el<\/b> resto del grupo y es una situaci\u00f3n muy similar, salvando las distancias\u00bb.<\/p>\n<p class=\"paragraph\">Dom\u00e8nech, que era uno de los capitanes del conjunto valencianista, disput\u00f3 un total de 122 partidos oficiales con el Valencia CF, convirti\u00e9ndose en el und\u00e9cimo portero con m\u00e1s encuentros en la historia del club. Entre sus mejores recuerdos como valencianista, el guardameta ha destacado su debut el 12 de septiembre de 2015 ante el Sporting en El Molin\u00f3n y, especialmente, la final de la Copa del Rey del 25 de mayo de 2019 en la que el Valencia venci\u00f3 al FC Barcelona.<\/p>\n<p class=\"paragraph\">\u00abEse d\u00eda todos los jugadores dimos el cien por cien de nuestro rendimiento, todos hicimos una magn\u00edfica actuaci\u00f3n y <b>por eso ganamos la Copa y todo lo<\/b> que vino despu\u00e9s con el paseo por el bus en Valencia, todo Mestalla celebr\u00e1ndolo\u2026 Son momentos inolvidables\u00bb, ha concluido el portero, que levant\u00f3 aquel trofeo como titular indiscutible bajo los palos valencianistas.<\/p>\n<p>Informaci\u00f3n generada con ayuda de Inteligencia Artificial<\/p>\n<p> <a class=\"enlace-texto-ia\" href=\"https:\/\/www.heraldo.es\/noticias\/comunicacion\/2023\/11\/23\/compromiso-heraldo-innovacion-precision-informativa-1691520.html\" rel=\"nofollow noopener\" target=\"_blank\">Saberm\u00e1s<\/a><\/p>\n","protected":false},"excerpt":{"rendered":"El exguardameta del Valencia CF Jaume Dom\u00e8nech ha anunciado este lunes su retirada definitiva del f\u00fatbol profesional, apenas&hellip;\n","protected":false},"author":2,"featured_media":103085,"comment_status":"","ping_status":"","sticky":false,"template":"","format":"standard","meta":{"footnotes":""},"categories":[268],"tags":[17842,168,36132,2996,25,24,280,282,12648,2812,281,23,167],"class_list":{"0":"post-103084","1":"post","2":"type-post","3":"status-publish","4":"format-standard","5":"has-post-thumbnail","7":"category-futbol","8":"tag-cuidar","9":"tag-deportes","10":"tag-domenech","11":"tag-enfermedad","12":"tag-es","13":"tag-espana","14":"tag-football","15":"tag-futbol","16":"tag-ia-news","17":"tag-momento","18":"tag-soccer","19":"tag-spain","20":"tag-sports"},"share_on_mastodon":{"url":"","error":""},"_links":{"self":[{"href":"https:\/\/www.europesays.com\/es\/wp-json\/wp\/v2\/posts\/103084","targetHints":{"allow":["GET"]}}],"collection":[{"href":"https:\/\/www.europesays.com\/es\/wp-json\/wp\/v2\/posts"}],"about":[{"href":"https:\/\/www.europesays.com\/es\/wp-json\/wp\/v2\/types\/post"}],"author":[{"embeddable":true,"href":"https:\/\/www.europesays.com\/es\/wp-json\/wp\/v2\/users\/2"}],"replies":[{"embeddable":true,"href":"https:\/\/www.europesays.com\/es\/wp-json\/wp\/v2\/comments?post=103084"}],"version-history":[{"count":0,"href":"https:\/\/www.europesays.com\/es\/wp-json\/wp\/v2\/posts\/103084\/revisions"}],"wp:featuredmedia":[{"embeddable":true,"href":"https:\/\/www.europesays.com\/es\/wp-json\/wp\/v2\/media\/103085"}],"wp:attachment":[{"href":"https:\/\/www.europesays.com\/es\/wp-json\/wp\/v2\/media?parent=103084"}],"wp:term":[{"taxonomy":"category","embeddable":true,"href":"https:\/\/www.europesays.com\/es\/wp-json\/wp\/v2\/categories?post=103084"},{"taxonomy":"post_tag","embeddable":true,"href":"https:\/\/www.europesays.com\/es\/wp-json\/wp\/v2\/tags?post=103084"}],"curies":[{"name":"wp","href":"https:\/\/api.w.org\/{rel}","templated":true}]}}