{"id":103088,"date":"2025-09-09T09:51:15","date_gmt":"2025-09-09T09:51:15","guid":{"rendered":"https:\/\/www.europesays.com\/es\/103088\/"},"modified":"2025-09-09T09:51:15","modified_gmt":"2025-09-09T09:51:15","slug":"10-libros-que-la-redaccion-de-yo-dona-recomienda-a-maria-pombo-para-que-se-inicie-en-los-placeres-de-la-lectura-el-mundo","status":"publish","type":"post","link":"https:\/\/www.europesays.com\/es\/103088\/","title":{"rendered":"10 libros que la redacci\u00f3n de Yo Dona recomienda a Mar\u00eda Pombo para que se inicie en los placeres de la lectura &#8211; El Mundo"},"content":{"rendered":"<ol>\n<li><a href=\"https:\/\/news.google.com\/rss\/articles\/CBMihwFBVV95cUxONk5EVE54WWxoM0NxQlM4ajJxMl9FSWZScXNWbWZqcTdSMUtpNFM2MW9aMHBqQ2xLU01XY09BQk1sS2ZPN0xZQmRsdnFBSVU4SGVEMkVseG5YYmVrVS0wcW5LN2V1dDF4R3JmN3EzQ1NqaHVCTmx3NnhrV19JU2JRUnRubzZ3SE3SAYcBQVVfeXFMTUdIVmlZTjZsMnBuNkRjaW0zajg3N1lubHJUbnBsQUFDUTR5bUJBbTJQWDJ3X1FJbDd2cFpKcHB1YjJHT3c1ZjJDN3psdXJOZHBFVV9JWVJwd0hYOHJiRzFGTlZ3SlJBYkNKb2d6dGdkdzJLOFlJc3FQWXNDVXhuRE5nME4wZ1Nj?oc=5\" target=\"_blank\" rel=\"nofollow noopener\">10 libros que la redacci\u00f3n de Yo Dona recomienda a Mar\u00eda Pombo para que se inicie en los placeres de la lectura<\/a>&nbsp;&nbsp;El Mundo<\/li>\n<li><a href=\"https:\/\/news.google.com\/rss\/articles\/CBMiigFBVV95cUxNYmRFdEhXdlJIMjVaTUlhb0FWQ3pJaENiUXo2TzR1Y2N2d0RJaDhBRnhDYUZPR2o4LVZOalpESWJnUGxTWnpUeDhHUTJSWG5kVS0tZmxiMVFZNDEtRnJXYkwyc0RNQ0tXMWprN1Q2alJXXzBKQmp5bjFmUDJvVnpDOXd3a0FfWWltUkHSAYoBQVVfeXFMTTgxWDV3UURnMDlYbkxrNmxvZ0hvOE5ieHp6TzdPVnpHTXRtSlZyYVM4OEtzbGhfeGNBUW9tT1lZcHJRUEZiVzVVem5jX3IxMjFSQlBfOFZGX1hhOUhtVWhXSWVXb3Y5bXFQVzRPSnJqNGRlSjJJSm5SSEZKMTVVa05DZWNRaW1kbkRB?oc=5\" target=\"_blank\" rel=\"nofollow noopener\">Leer est\u00e1 de moda y Mar\u00eda Pombo lo sabe<\/a>&nbsp;&nbsp;El Mundo<\/li>\n<li><a href=\"https:\/\/news.google.com\/rss\/articles\/CBMisAFBVV95cUxQLVNxOUlTRlRCbmJvWDNRY2NnbmR6SVYxUThrdVBUMFFIcURBS0l3bjdHdW50S011U3pFLUZpTFhpR2ZSN0NRLTBNZkttWTVDd1ZLa1JITnducXJ6eGlFY0ltZEctbjZvaDJ1QWN0UzlkNE1Yd1dQNEg3NXhaeS1ZRlpCcGpJS3p6UlhTMVpBV0lJSEtDODNRVGtwaFhwUXZFUC1lT0UzY281b0otTEVtRw?oc=5\" target=\"_blank\" rel=\"nofollow noopener\">Alfonso Ar\u00fas sentencia pol\u00e9mica de la lectura de Mar\u00eda Pombo y da en el clavo con su conclusi\u00f3n<\/a>&nbsp;&nbsp;ABC<\/li>\n<li><a href=\"https:\/\/news.google.com\/rss\/articles\/CBMihgFBVV95cUxOWGo4Y2lDWlBFWWdUa2RmZVRmR2kwR3FnUVRxX3JYRG1wa0xCemlYcTZWUlYxTzUtRWRYdVFiMzhNZko3aWhDQnhrc2pock9nY0tZdW45OWZ0UG5ockVVY0hLaDBOc1ptSVB2YWZWZzFTbmdCcFhMME82eHQyV0wzTDYwYlN1dw?oc=5\" target=\"_blank\" rel=\"nofollow noopener\">Mar\u00eda Pombo, divulgadora literaria<\/a>&nbsp;&nbsp;EL PA\u00cdS<\/li>\n<li><a href=\"https:\/\/news.google.com\/rss\/articles\/CBMiswFBVV95cUxNMUpONm9tWmRUdDQ5ZV81SHVDaGxINzFfRElUbVhUNE9PekJ5ZG4tM0hWdlRWc2hLanlqR3liUVZqM1dVbjNNOXRKY2t2OG1WdzFNWS1sWFdGZ3NOTlNHeTFfY3duQ2htUExyUkJVZDRhbW1YSUJETllSb0NsWk5jX05oUXBsSl9DYU9nWHdVOFJnbjFIbnV4d3l5RE4xNWJrZVFnRkpTTTdVdE5Jd25oN1FPZw?oc=5\" target=\"_blank\" rel=\"nofollow noopener\">Libros para la \u2018influencer\u2019, por Miquel Molina<\/a>&nbsp;&nbsp;La Vanguardia<\/li>\n<\/ol>\n","protected":false},"excerpt":{"rendered":"10 libros que la redacci\u00f3n de Yo Dona recomienda a Mar\u00eda Pombo para que se inicie en los&hellip;\n","protected":false},"author":2,"featured_media":103089,"comment_status":"","ping_status":"","sticky":false,"template":"","format":"standard","meta":{"footnotes":""},"categories":[172],"tags":[224,146,147,25,24,225,3770,9127,23,11068,36133],"class_list":{"0":"post-103088","1":"post","2":"type-post","3":"status-publish","4":"format-standard","5":"has-post-thumbnail","7":"category-libros","8":"tag-books","9":"tag-entertainment","10":"tag-entretenimiento","11":"tag-es","12":"tag-espana","13":"tag-libros","14":"tag-lifestyle","15":"tag-maria-pombo","16":"tag-spain","17":"tag-yodona","18":"tag-yodona-lifestyle"},"share_on_mastodon":{"url":"","error":""},"_links":{"self":[{"href":"https:\/\/www.europesays.com\/es\/wp-json\/wp\/v2\/posts\/103088","targetHints":{"allow":["GET"]}}],"collection":[{"href":"https:\/\/www.europesays.com\/es\/wp-json\/wp\/v2\/posts"}],"about":[{"href":"https:\/\/www.europesays.com\/es\/wp-json\/wp\/v2\/types\/post"}],"author":[{"embeddable":true,"href":"https:\/\/www.europesays.com\/es\/wp-json\/wp\/v2\/users\/2"}],"replies":[{"embeddable":true,"href":"https:\/\/www.europesays.com\/es\/wp-json\/wp\/v2\/comments?post=103088"}],"version-history":[{"count":0,"href":"https:\/\/www.europesays.com\/es\/wp-json\/wp\/v2\/posts\/103088\/revisions"}],"wp:featuredmedia":[{"embeddable":true,"href":"https:\/\/www.europesays.com\/es\/wp-json\/wp\/v2\/media\/103089"}],"wp:attachment":[{"href":"https:\/\/www.europesays.com\/es\/wp-json\/wp\/v2\/media?parent=103088"}],"wp:term":[{"taxonomy":"category","embeddable":true,"href":"https:\/\/www.europesays.com\/es\/wp-json\/wp\/v2\/categories?post=103088"},{"taxonomy":"post_tag","embeddable":true,"href":"https:\/\/www.europesays.com\/es\/wp-json\/wp\/v2\/tags?post=103088"}],"curies":[{"name":"wp","href":"https:\/\/api.w.org\/{rel}","templated":true}]}}