{"id":103097,"date":"2025-09-09T09:56:11","date_gmt":"2025-09-09T09:56:11","guid":{"rendered":"https:\/\/www.europesays.com\/es\/103097\/"},"modified":"2025-09-09T09:56:11","modified_gmt":"2025-09-09T09:56:11","slug":"no-solo-heredamos-como-somos-sino-tambien-por-quien-nos-sentimos-atraidos","status":"publish","type":"post","link":"https:\/\/www.europesays.com\/es\/103097\/","title":{"rendered":"\u201cNo solo heredamos c\u00f3mo somos, sino tambi\u00e9n por qui\u00e9n nos sentimos atra\u00eddos\u201d"},"content":{"rendered":"<p class=\"description\"><b>\u00a1Oferta especial!<\/b> Suscr\u00edbete por solo 1\u20ac al mes a la revista National Geographic. <b>\u00a1Solo a los 500 primeros!<\/b><\/p>\n<p class=\"description\"><b>\u00a1NOVEDAD!<\/b> Ya disponible la edici\u00f3n especial <b>El cerebro infantil<\/b> de la colecci\u00f3n Los Secretos del Cerebro de National Geographic.<\/p>\n<p>Psic\u00f3logos, bi\u00f3logos, soci\u00f3logos y otros tantos especialistas llevan a\u00f1os intentando explicar un fen\u00f3meno que surge a simple vista: <strong>muchas parejas se parecen f\u00edsicamente<\/strong>. La respuesta parece estar en nuestros padres.<\/p>\n<p>Un <a href=\"https:\/\/osf.io\/preprints\/psyarxiv\/ycaxz_v1\" rel=\"nofollow noopener\" target=\"_blank\">reciente estudio<\/a> realizado por dos psic\u00f3logos evolutivos de la Universidad de Queensland en Australia, Kaitlyn Harper y Brendan Zietsch, plantea un escenario in\u00e9dito.<\/p>\n<p>C\u00f3mo descubrieron que las preferencias \u00abse heredan\u00bb<\/p>\n<p>La investigaci\u00f3n, publicada en la revista cient\u00edfica Psychological Science, recurri\u00f3 a un <strong>modelo computacional de agentes por simulaci\u00f3n<\/strong>. Es decir, mediante poblaciones ficticias observaron el proceso de apareamiento selectivo de 100 generaciones virtuales. Al no introducir factores culturales, sociales o personales, el estudio pudo centrarse exclusivamente en lo gen\u00e9tico. Y arroj\u00f3 una perspectiva novedosa:<\/p>\n<p>&#13;<img decoding=\"async\" src=\"https:\/\/www.europesays.com\/es\/wp-content\/uploads\/2025\/09\/shutterstock_fae50e3f_1913444089_250905141941_800x800.webp.webp\" alt=\"shutterstock\" class=\"image lazyload\"\/><\/p>\n<p>\u201c<strong>Si un individuo tiene preferencia por la altura<\/strong> y, por ello, elige aparearse con una pareja alta, <strong>su descendencia heredar\u00e1 genes<\/strong> tanto para ser alta como <strong>para preferir la altura<\/strong>\u201d, ejemplifican.<\/p>\n<p>Por lo tanto, <strong>el hijo hereda los rasgos altos de su padre y las preferencias por las personas altas de su madre<\/strong>. O viceversa. Ya de m\u00e1s grande, es probable que esta persona alta se sienta atra\u00edda por otras personas altas. Es decir, la caracter\u00edstica que gener\u00f3 el \u201cflechazo\u201d entre los padres se replica en los rasgos y las preferencias del hijo. De esta manera, crean \u201ccorrelaciones gen\u00e9ticas que vinculan <strong>tener un rasgo con preferir ese mismo rasgo<\/strong>\u201d.<\/p>\n<p>Y as\u00ed es por qu\u00e9 las personas con rasgos similares tienden a atraerse.<\/p>\n<p>&#13;<img decoding=\"async\" src=\"https:\/\/www.europesays.com\/es\/wp-content\/uploads\/2025\/09\/pareja-de-enamorados_238de04c_250818151424_800x800.webp.webp\" alt=\"pareja de enamorados\" class=\"image lazyload\"\/><\/p>\n<p>Considerando la variaci\u00f3n de los m\u00faltiples casos y en especies no exclusivamente humanas, afirman que <strong>es suficiente para que se cree un patr\u00f3n universal de apareamiento<\/strong>. La ciencia revela que la b\u00fasqueda del amor, el romanticismo o la \u2018media naranja\u2019 es mucho m\u00e1s simple de lo que pens\u00e1bamos: se lleva en los genes.<\/p>\n<p>El apareamiento surge de manera natural, pero tiene su contracara: tambi\u00e9n <strong>puede concentrar factores de riesgo gen\u00e9tico<\/strong> como trastornos mentales. Las investigaciones en gemelos id\u00e9nticos y no id\u00e9nticos ya hab\u00edan demostrado que casi todos los rasgos de las personas son heredables, incluso los comportamientos. Los datos respecto a las preferencias incluyen <strong>altura, color de cabello, inteligencia, creatividad, personalidad, emocionalidad y religiosidad<\/strong>.<\/p>\n<p>El apareamiento por afinidad<\/p>\n<p>Lo que muchas veces se pens\u00f3 como complejo de Edipo o \u201cdaddy issues\u201d, responde, seg\u00fan este estudio, a una cuesti\u00f3n gen\u00e9tica: \u201cEl apareamiento por afinidad <strong>probablemente surja de forma natural en la mayor\u00eda de las circunstancias<\/strong>, independientemente de beneficios adaptativos adicionales o din\u00e1micas sociales que puedan amplificar el grado de apareamiento por afinidad para ciertos rasgos\u201d, detallan.<\/p>\n<p>&#13;<img decoding=\"async\" src=\"https:\/\/www.europesays.com\/es\/wp-content\/uploads\/2025\/09\/cerebro_b27d29d2_250724131049_800x800.webp.webp\" alt=\"Cerebro\" class=\"image lazyload\"\/><\/p>\n<p>Tambi\u00e9n plantea que habr\u00e1 que considerar c\u00f3mo se explica en diversos contextos, pero las conclusiones representan un punto de partida para pr\u00f3ximas investigaciones en diferentes especies. El apareamiento selectivo surge de manera natural de la elecci\u00f3n preferencial de pareja, seg\u00fan los <strong>rasgos y preferencias hereditarias<\/strong>. Sin embargo, el mecanismo utilizado excluye otros elementos del apareamiento selectivo y en el propio estudio aclaran:<\/p>\n<p>\u201cMuchos rasgos con menor heredabilidad, como las actitudes y los valores sociales, muestran correlaciones de pareja m\u00e1s fuertes que rasgos altamente heredables como la altura\u201d, explican.<\/p>\n<p>Adem\u00e1s de la gen\u00e9tica, hay otros factores que influyen en la correlaci\u00f3n, reconocen en el estudio.<\/p>\n","protected":false},"excerpt":{"rendered":"\u00a1Oferta especial! Suscr\u00edbete por solo 1\u20ac al mes a la revista National Geographic. \u00a1Solo a los 500 primeros!&hellip;\n","protected":false},"author":2,"featured_media":103098,"comment_status":"","ping_status":"","sticky":false,"template":"","format":"standard","meta":{"footnotes":""},"categories":[92],"tags":[119,25,24,1408,165,448,1407,1409,166,23,226],"class_list":{"0":"post-103097","1":"post","2":"type-post","3":"status-publish","4":"format-standard","5":"has-post-thumbnail","7":"category-salud","8":"tag-ciencia","9":"tag-es","10":"tag-espana","11":"tag-geographic","12":"tag-health","13":"tag-historia","14":"tag-national","15":"tag-naturaleza","16":"tag-salud","17":"tag-spain","18":"tag-viajes"},"share_on_mastodon":{"url":"","error":""},"_links":{"self":[{"href":"https:\/\/www.europesays.com\/es\/wp-json\/wp\/v2\/posts\/103097","targetHints":{"allow":["GET"]}}],"collection":[{"href":"https:\/\/www.europesays.com\/es\/wp-json\/wp\/v2\/posts"}],"about":[{"href":"https:\/\/www.europesays.com\/es\/wp-json\/wp\/v2\/types\/post"}],"author":[{"embeddable":true,"href":"https:\/\/www.europesays.com\/es\/wp-json\/wp\/v2\/users\/2"}],"replies":[{"embeddable":true,"href":"https:\/\/www.europesays.com\/es\/wp-json\/wp\/v2\/comments?post=103097"}],"version-history":[{"count":0,"href":"https:\/\/www.europesays.com\/es\/wp-json\/wp\/v2\/posts\/103097\/revisions"}],"wp:featuredmedia":[{"embeddable":true,"href":"https:\/\/www.europesays.com\/es\/wp-json\/wp\/v2\/media\/103098"}],"wp:attachment":[{"href":"https:\/\/www.europesays.com\/es\/wp-json\/wp\/v2\/media?parent=103097"}],"wp:term":[{"taxonomy":"category","embeddable":true,"href":"https:\/\/www.europesays.com\/es\/wp-json\/wp\/v2\/categories?post=103097"},{"taxonomy":"post_tag","embeddable":true,"href":"https:\/\/www.europesays.com\/es\/wp-json\/wp\/v2\/tags?post=103097"}],"curies":[{"name":"wp","href":"https:\/\/api.w.org\/{rel}","templated":true}]}}