{"id":103156,"date":"2025-09-09T10:33:14","date_gmt":"2025-09-09T10:33:14","guid":{"rendered":"https:\/\/www.europesays.com\/es\/103156\/"},"modified":"2025-09-09T10:33:14","modified_gmt":"2025-09-09T10:33:14","slug":"hlinason-se-gana-los-galones-en-el-bilbao-basket","status":"publish","type":"post","link":"https:\/\/www.europesays.com\/es\/103156\/","title":{"rendered":"Hlinason se gana los galones en el Bilbao Basket"},"content":{"rendered":"<p>\n        <a href=\"https:\/\/www.deia.eus\/tags\/tryggvi-hlinason\/\" title=\"Tryggvi Hlinason\" class=\"link copy\" rel=\"nofollow noopener\" target=\"_blank\">Tryggvi Hlinason<\/a> se incorpora hoy a la<strong> pretemporada del <\/strong><a href=\"https:\/\/www.deia.eus\/tags\/bilbao-basket\/\" title=\"Bilbao Basket\" class=\"link copy\" rel=\"nofollow noopener\" target=\"_blank\">Bilbao Basket<\/a> despu\u00e9s de haber sido<strong> uno de los mejores jugadores en la primera fase del Eurobasket con la selecci\u00f3n de Islandia. \u201cHa sido una experiencia muy chula, pero una pena que no hayamos podido ganar ning\u00fan partido. Salvo el partido de Francia, en todos los dem\u00e1s luchamos y estuvimos cerca\u201d, r<\/strong>ecuerda y dice sentir algo de envidia por los finlandeses, que ma\u00f1ana jugar\u00e1n ante Georgia los cuartos de final tras eliminar a Serbia. \u201cMe sorprendi\u00f3, pero Finlandia tiene jugadores muy buenos. Y siempre est\u00e1 bien cuando un equipo n\u00f3rdico lo hace bien porque es bueno para el baloncesto\u201d, a\u00f1ade.\n<\/p>\n<blockquote class=\"twitter-tweet\" data-lang=\"es\">\n<p lang=\"es\" dir=\"ltr\">Tryggvi Hlinason complet\u00f3 una gran actuaci\u00f3n personal en el Eurobasket con una media de 14.6 puntos, 10.6 rebotes y 23.8 de valoraci\u00f3n. El 7\u00ba mejor jugador en valoraci\u00f3n de lo que va de torneo. <\/p>\n<p>Ayer nos acompa\u00f1\u00f3 en Torrelavega y ma\u00f1ana se reincorpora a los entrenamientos <a href=\"https:\/\/t.co\/sbl0Adk8w9\" rel=\"nofollow\">pic.twitter.com\/sbl0Adk8w9<\/a><\/p>\n<p>\u2014 Surne Bilbao Basket \ud83d\ude0e (@bilbaobasket) <a href=\"https:\/\/twitter.com\/bilbaobasket\/status\/1964989193924513951?ref_src=twsrc%5Etfw\" rel=\"nofollow noopener\" target=\"_blank\">8 de septiembre de 2025<\/a><\/p><\/blockquote>\n<p class=\"article-body__text \">\n        <strong>En los cinco partidos que disput\u00f3 su selecci\u00f3n, <\/strong><a href=\"https:\/\/www.deia.eus\/tags\/tryggvi-hlinason\/\" title=\"Hlinason\" class=\"link copy\" rel=\"nofollow noopener\" target=\"_blank\"><strong>Hlinason<\/strong><\/a><strong> firm\u00f3 estad\u00edsticas brillantes de 14,6 puntos y 10,6 rebotes para una valoraci\u00f3n de 23,8 y, sobre todo, acumul\u00f3 muchos minutos de juego, casi 34 por partido. \u201cEs un ritmo diferente de juego, otro tipo de equipo y yo he tenido que jugar mucho<\/strong>. Yo estoy contento por mi parte y me siento preparado para entrenar de nuevo con mis compa\u00f1eros del Bilbao Basket, Solo tengo los golpes t\u00edpicos de los p\u00edvots. Creo que estoy en forma, jaja, aunque deseando volver a jugar mis veinte minutos a tope y a ver si podemos hacer un a\u00f1o bonito\u201d, se\u00f1ala.\n<\/p>\n<p class=\"article-body__text \">\n        <strong>El p\u00edvot island\u00e9s lleg\u00f3 el viernes a Bilbao y le gusta lo que ha visto en unos pocos d\u00edas ya que \u201cse nota que hay buen ambiente en el grupo y gente que quiere trabaja<\/strong>r. Tambi\u00e9n creo que es gente de mentalidad dura y con talento. Si conseguimos juntarnos, podemos hacerlo muy bien\u201d. A Hlinason,<strong> en su tercera campa\u00f1a en el equipo, le tocar\u00e1 ejercer de nuevo capit\u00e1n junto a <\/strong><a href=\"https:\/\/www.deia.eus\/tags\/harald-frey\/\" title=\"Harald Frey\" class=\"link copy\" rel=\"nofollow noopener\" target=\"_blank\"><strong>Harald Frey<\/strong><\/a><strong>. \u201cVamos a intentar ayudar a todos, creo que podemos hacer un buen trabajo porque tenemos buena gente que quiere hacer las cosas bien. Intentaremos llevar el liderazgo junto a Jaume y llegar al mejor nivel que podamos\u201d.<\/strong>\n<\/p>\n<p class=\"article-body__text \">\n        Hlinason ha reforzado su confianza tras su participaci\u00f3n en el Eurobasket. <strong>\u201cYo siempre ha cre\u00eddo que soy bastante bueno y en el Eurobasket lo he hecho muy bien. He cogido mucha confianza, pero, sobre todo, una experiencia de pelear contra rivales muy duros que me va a venir muy bien. Yo voy a hacer en el <\/strong><a href=\"https:\/\/www.deia.eus\/tags\/bilbao-basket\/\" title=\"Bilbao Basket\" class=\"link copy\" rel=\"nofollow noopener\" target=\"_blank\"><strong>Bilbao Basket<\/strong><\/a><strong> lo de siempre: luchar, poner bloqueos y ayudar al equipo en todo lo que pueda\u201d. <\/strong>\n<\/p>\n<p class=\"article-body__text \">\n        <strong>El deseo es mejorar los resultados del curso pasado y, si es posible, repetir el t\u00edtulo en la FIBA Europe Cup, \u201caunque hay que tener en cuenta que no es f\u00e1cil. Petrasek la gan\u00f3 con el Amwil y al a\u00f1o siguiente cayeron en la primera ronda. Ser\u00e1 importante afrontar los partidos con seriedad, no pensar que somos los campeones y vamos a ganar f\u00e1ci<\/strong>l\u201d. \u201cDe todas formas, la temporada es larga y lo que nos tiene que ocupar es tratar de empezar bien en la Liga Endesa. Luego, cuando entremos en Europa ya lo afrontaremos en serio\u201d, puntualiza un jugador muy querido por la grada de Miribilla, que renov\u00f3 dos temporadas m\u00e1s con el Bilbao Basket y del que se espera que siga su progresi\u00f3n para dotar de solidez a la defensa de los hombres de negro y a la vez ejerza de contrapeso a la juventud y explosividad de Bassala Bagayoko.\n<\/p>\n<p>            <script async src=\"https:\/\/platform.twitter.com\/widgets.js\" charset=\"utf-8\"><\/script><\/p>\n","protected":false},"excerpt":{"rendered":"Tryggvi Hlinason se incorpora hoy a la pretemporada del Bilbao Basket despu\u00e9s de haber sido uno de los&hellip;\n","protected":false},"author":2,"featured_media":103157,"comment_status":"","ping_status":"","sticky":false,"template":"","format":"standard","meta":{"footnotes":""},"categories":[269],"tags":[299,1918,298,2601,168,25,24,16432,4355,36137,23,167],"class_list":{"0":"post-103156","1":"post","2":"type-post","3":"status-publish","4":"format-standard","5":"has-post-thumbnail","7":"category-baloncesto","8":"tag-baloncesto","9":"tag-basket","10":"tag-basketball","11":"tag-bilbao","12":"tag-deportes","13":"tag-es","14":"tag-espana","15":"tag-galones","16":"tag-gana","17":"tag-hlinason","18":"tag-spain","19":"tag-sports"},"share_on_mastodon":{"url":"","error":""},"_links":{"self":[{"href":"https:\/\/www.europesays.com\/es\/wp-json\/wp\/v2\/posts\/103156","targetHints":{"allow":["GET"]}}],"collection":[{"href":"https:\/\/www.europesays.com\/es\/wp-json\/wp\/v2\/posts"}],"about":[{"href":"https:\/\/www.europesays.com\/es\/wp-json\/wp\/v2\/types\/post"}],"author":[{"embeddable":true,"href":"https:\/\/www.europesays.com\/es\/wp-json\/wp\/v2\/users\/2"}],"replies":[{"embeddable":true,"href":"https:\/\/www.europesays.com\/es\/wp-json\/wp\/v2\/comments?post=103156"}],"version-history":[{"count":0,"href":"https:\/\/www.europesays.com\/es\/wp-json\/wp\/v2\/posts\/103156\/revisions"}],"wp:featuredmedia":[{"embeddable":true,"href":"https:\/\/www.europesays.com\/es\/wp-json\/wp\/v2\/media\/103157"}],"wp:attachment":[{"href":"https:\/\/www.europesays.com\/es\/wp-json\/wp\/v2\/media?parent=103156"}],"wp:term":[{"taxonomy":"category","embeddable":true,"href":"https:\/\/www.europesays.com\/es\/wp-json\/wp\/v2\/categories?post=103156"},{"taxonomy":"post_tag","embeddable":true,"href":"https:\/\/www.europesays.com\/es\/wp-json\/wp\/v2\/tags?post=103156"}],"curies":[{"name":"wp","href":"https:\/\/api.w.org\/{rel}","templated":true}]}}