{"id":103164,"date":"2025-09-09T10:37:23","date_gmt":"2025-09-09T10:37:23","guid":{"rendered":"https:\/\/www.europesays.com\/es\/103164\/"},"modified":"2025-09-09T10:37:23","modified_gmt":"2025-09-09T10:37:23","slug":"me-he-reencontrado-con-la-escritora-que-fui-hace-mas-de-diez-anos","status":"publish","type":"post","link":"https:\/\/www.europesays.com\/es\/103164\/","title":{"rendered":"Me he reencontrado con la escritora que fui hace m\u00e1s de diez a\u00f1os"},"content":{"rendered":"<p class=\"ft-text ft-helper-closenews\">Las novelas de Alice Kellen se leen y se ven. Las historias que la valenciana cuenta, en ambos casos, traspasan y emocionan. En \u00abSigue lloviendo\u00bb, la novela que hoy sale a la venta, Kellen se pregunta si se puede amar y odiar a alguien a la vez.<\/p>\n<p class=\"ft-text\"><strong>\u00a1Qu\u00e9 dif\u00edcil es a veces querer ser feliz!<\/strong><\/p>\n<p class=\"ft-text\">Seg\u00fan qu\u00e9 circunstancias, s\u00ed. Adem\u00e1s hay situaciones en las que tienes un momento feliz y, si has pasado por algo duro, puedes llegar a sentirte culpable. A veces, es una batalla mental contra uno mismo y todo el ruido que llevamos a cuestas. Supongo que s\u00ed, que todo influye.<\/p>\n<p class=\"ft-text\"><strong>Sus personajes en \u00abSigue lloviendo\u00bb, lo quieren y lo intentan. <\/strong><\/p>\n<p class=\"ft-text\">En teor\u00eda todos queremos ser felices o estar bien, pero a veces nos saboteamos y regocijamos en el dolor en contra de lo que realmente nos gustar\u00eda. Pero bueno, es parte del proceso. Los personajes de esta novela cuentan su historia de forma un poco desordenada, pero se da por hecho que algo ha pasado, y atraviesan por un proceso. \u00a1Es que no quiero desvelar nada ni dar detalles! A veces hay que continuar adelante porque evidentemente hay piezas de tu vida que se han modificado y el reto es ser capaces de incorporar esos cambios sin pensar que todo va a volver a ser igual.<\/p>\n<p class=\"ft-text\"><strong>Sus personajes en la historia odian, aman y sobre todo tienen dolor y se sienten culpables.<\/strong><\/p>\n<p class=\"ft-text\">Las emociones, a veces, no las visualizo de forma limpia. En la vida real, las emociones tienen trazos, son complejas y todo est\u00e1 mezclado. Lo dif\u00edcil es aprender a vivir con un poquito de niebla emocional. Es muy dif\u00edcil encontrar un momento en el que digas, estoy perfecta, sin preocupaciones en la vida. Mis personajes conviven en un mismo lugar con el amor, el odio, el dolor, la alegr\u00eda, la tristeza&#8230;<\/p>\n<p class=\"ft-text\"><strong>Es una historia, quiz\u00e1s necesaria, sobre las segundas oportunidades.<\/strong><\/p>\n<p class=\"ft-text\">Ojo, no siempre tienen que darse y los punto y aparte est\u00e1n bien. Las segundas oportunidades solo valen la pena si todav\u00eda queda algo que rescatar. La trama de esta historia de ficci\u00f3n gira en torno a esto. A veces es por una perspectiva, un proceso de duelo o un volver a conocerse. El tema da para mucho porque en las relaciones de amistad, o familia, se dan segundas, terceras y cuartas oportunidades, porque est\u00e1s constantemente volviendo a conocer a esa persona.<\/p>\n<p><img decoding=\"async\" src=\"https:\/\/www.europesays.com\/es\/wp-content\/uploads\/2025\/09\/9a6991e1-1276-4f12-9cde-a6c00c99a609_alta-libre-aspect-ratio_default_0.jpg\" width=\"1200\" height=\"1801\" alt=\"Alice Kellen publica &quot;Sigue lloviendo&quot;\" class=\"ft-helper-img-rd\" loading=\"lazy\" hasdataaida=\"true\"\/><\/p>\n<p class=\"ft-helper-fontColor-quaternary ft-helper-fontSize-body-S ft-helper-spacer-t-xxs\">Alice Kellen publica \u00abSigue lloviendo\u00bb  \/ Levante-EMV<\/p>\n<p class=\"ft-text\"><strong>\u00bfC\u00f3mo naci\u00f3 la idea?<\/strong><\/p>\n<p class=\"ft-text\">Fue hace m\u00e1s de diez a\u00f1os, no recuerdo muy bien. Fue un d\u00eda cualquiera. Me vino el conflicto, empec\u00e9 a dibujar a los personajes y a preguntarme qu\u00e9 sentir\u00edan ante esta situaci\u00f3n. Vi que era una trama muy emocional y reflexiva y me apetec\u00eda explorarla desde dos personalidades muy distintas como son la de V\u00edctor y Sara.<\/p>\n<p class=\"ft-text\"><strong>\u00bfQu\u00e9 es lo que m\u00e1s claro ten\u00eda a la hora de empezar a escribir?<\/strong><\/p>\n<p class=\"ft-text\">El conflicto, que adem\u00e1s no se revela desde el principio. En mi cabeza lo ten\u00eda que tener presente desde la primera l\u00ednea, pero de cara al lector, era algo silencioso hasta llegar a cierto punto. Ten\u00eda que jugar con esa ambig\u00fcedad de no saber qu\u00e9 pas\u00f3 para que todo tuviese sentido al final.<\/p>\n<p class=\"ft-text\"><strong>La historia est\u00e1 ambientada en Val\u00e8ncia en espacios como El Perell\u00f3, El Saler, l&#8217;Albufera, La Malva-rosa, el barrio de El Carmen, Russafa o Patraix.<\/strong><\/p>\n<p class=\"ft-text\">Cada novela te pide algo diferente y las tres novelas de esta colecci\u00f3n, que son historias m\u00e1s cortitas con formato de tapa dura, son m\u00e1s adultas, m\u00e1s sentimentales y transcurren en Val\u00e8ncia. En estas novelas la ambientaci\u00f3n no es tan importante pero necesitaba lugares conocidos porque eso me hace sentirlas m\u00e1s cercanas y m\u00e1s m\u00edas.<\/p>\n<p class=\"ft-text\"><strong>\u00bfHay algo de experiencia personal en c\u00f3mo viven los protagonistas el duelo y la reconstrucci\u00f3n?<\/strong><\/p>\n<p class=\"ft-text\">No, pero s\u00e9 de gente que ha pasado por el tema que trata la novela. Hay much\u00edsimas maneras de atravesar el dolor por una ruptura o una p\u00e9rdida, pero cada uno lo hace de manera diferente aunque la emoci\u00f3n sea la misma. La novela la escrib\u00ed hace muchos a\u00f1os y durante un tiempo me cost\u00f3 mucho la idea de reescribirla porque me dol\u00eda mucho.<\/p>\n<p class=\"ft-text\"><strong>\u00bfEs para usted un libro especial?<\/strong><\/p>\n<p class=\"ft-text\">S\u00ed, porque lo que se trata es sensible, pero tengo muchas novelas especiales. Esta historia es de las primeras que escrib\u00ed y le tengo cari\u00f1o. El proceso de reescritura ha sido bonito porque ha sido como reencontrarte con la escritora fui hace m\u00e1s de diez a\u00f1os.<\/p>\n<p class=\"ft-text\"><strong>\u00bfEl proceso de rescribir ha sido m\u00e1s o menos complicado que el de crear?<\/strong><\/p>\n<p class=\"ft-text\">He tardado dos meses. He reescrito bastante sin tocar la esencia de la novela. Toda la parte del pasado de ellos no exist\u00eda y la novela era m\u00e1s cortita. Creo que saber c\u00f3mo se conocen V\u00edctor y Sara redondea su historia y le da m\u00e1s profundidad. La verdad es que ha sido m\u00e1s dif\u00edcil que escribir de cero porque al final es como hacer una reforma en casa con unos pilares que no puedes tocar. He tenido que ir adapt\u00e1ndome a lo que hab\u00eda; he tenido que releer y meter, mejorar, atacar, ampliar y dedicarle horas. Tambi\u00e9n he tenido que ser un poco generosa con la persona que fui cuando la escrib\u00ed para preservar esa esencia intentando que est\u00e9 escrita lo m\u00e1s parecido a la que soy ahora<\/p>\n<p class=\"ft-text\"><strong>\u00bfSaber que tantos lectores esperan su historia le presiona?<\/strong><\/p>\n<p class=\"ft-text\">Es una gran satisfacci\u00f3n y estoy s\u00faper agradecida, pero evidentemente tambi\u00e9n implica presi\u00f3n. No soy tan libre. Es un camino agridulce que crea un poquito de ansiedad y presi\u00f3n, pero soy una privilegiada y no puedo estar m\u00e1s agradecida. Hay que tener en cuenta que nunca vas a gustar a todo el mundo. Cada novela tiene su p\u00fablico y hay que aceptarlo, como las opiniones. Hay que convivir con eso, relajarse y no ser tan autoexigente ni machacarse. He aprendido que m\u00e1s que gustar al p\u00fablico te tiene que gustar a ti.<\/p>\n<p class=\"ft-text\"><strong>Por suerte tiene una legi\u00f3n de fans consolidada<\/strong><\/p>\n<p class=\"ft-text\">Cada lector tiene una novela favorita porque cada uno es diferente. Un libro lo lees y lo traduces en base a qui\u00e9n eres, a tus experiencias y a lo que esperas encontrar. Yo creo que hay que dejar que el p\u00fablico elija, sea libre, y t\u00fa intentar hacer algo que a ti tambi\u00e9n te satisfaga y ya est\u00e1. Y todos contentos.<\/p>\n<p class=\"ft-text\"><strong>\u00bfCuanto de personaje de Alice Kellen hay en Silvia Herv\u00e1s?<\/strong><\/p>\n<p class=\"ft-text\">No sabr\u00eda decirte. Creo que ya han pasado tantos a\u00f1os que todo se ha unificado mucho. Solo cambia el d\u00eda que vas a San Jordi, o a la feria del libro de aqu\u00ed de Val\u00e8ncia, y de pronto llegas y hay una cola largu\u00edsima para firmar libros. Eso choca y es curioso porque luego vuelves a casa y sigues con tu normalidad. Yo creo que disfruto de ambas partes. Pero vamos, en mi vida de personaje no hay nada.<\/p>\n<p data-close=\"closedContent\" class=\"subscribeHideForDisplay\">Suscr\u00edbete para seguir leyendo<\/p>\n","protected":false},"excerpt":{"rendered":"Las novelas de Alice Kellen se leen y se ven. Las historias que la valenciana cuenta, en ambos&hellip;\n","protected":false},"author":2,"featured_media":103165,"comment_status":"","ping_status":"","sticky":false,"template":"","format":"standard","meta":{"footnotes":""},"categories":[172],"tags":[25031,224,146,147,25,5399,1598,24,19109,25032,225,1645,36139,23],"class_list":{"0":"post-103164","1":"post","2":"type-post","3":"status-publish","4":"format-standard","5":"has-post-thumbnail","7":"category-libros","8":"tag-alice","9":"tag-books","10":"tag-entertainment","11":"tag-entretenimiento","12":"tag-es","13":"tag-escritora","14":"tag-escritores","15":"tag-espana","16":"tag-he","17":"tag-kellen","18":"tag-libros","19":"tag-novela","20":"tag-reencontrado","21":"tag-spain"},"share_on_mastodon":{"url":"","error":""},"_links":{"self":[{"href":"https:\/\/www.europesays.com\/es\/wp-json\/wp\/v2\/posts\/103164","targetHints":{"allow":["GET"]}}],"collection":[{"href":"https:\/\/www.europesays.com\/es\/wp-json\/wp\/v2\/posts"}],"about":[{"href":"https:\/\/www.europesays.com\/es\/wp-json\/wp\/v2\/types\/post"}],"author":[{"embeddable":true,"href":"https:\/\/www.europesays.com\/es\/wp-json\/wp\/v2\/users\/2"}],"replies":[{"embeddable":true,"href":"https:\/\/www.europesays.com\/es\/wp-json\/wp\/v2\/comments?post=103164"}],"version-history":[{"count":0,"href":"https:\/\/www.europesays.com\/es\/wp-json\/wp\/v2\/posts\/103164\/revisions"}],"wp:featuredmedia":[{"embeddable":true,"href":"https:\/\/www.europesays.com\/es\/wp-json\/wp\/v2\/media\/103165"}],"wp:attachment":[{"href":"https:\/\/www.europesays.com\/es\/wp-json\/wp\/v2\/media?parent=103164"}],"wp:term":[{"taxonomy":"category","embeddable":true,"href":"https:\/\/www.europesays.com\/es\/wp-json\/wp\/v2\/categories?post=103164"},{"taxonomy":"post_tag","embeddable":true,"href":"https:\/\/www.europesays.com\/es\/wp-json\/wp\/v2\/tags?post=103164"}],"curies":[{"name":"wp","href":"https:\/\/api.w.org\/{rel}","templated":true}]}}