{"id":103195,"date":"2025-09-09T10:55:17","date_gmt":"2025-09-09T10:55:17","guid":{"rendered":"https:\/\/www.europesays.com\/es\/103195\/"},"modified":"2025-09-09T10:55:17","modified_gmt":"2025-09-09T10:55:17","slug":"max-verstappen-aun-tiene-oportunidad-de-ir-por-el-campeonato-de-pilotos","status":"publish","type":"post","link":"https:\/\/www.europesays.com\/es\/103195\/","title":{"rendered":"\u00bfMax Verstappen a\u00fan tiene oportunidad de ir por el Campeonato de Pilotos?"},"content":{"rendered":"<p>El le\u00f3n no est\u00e1 muerto. Antes de la pausa de verano, <a href=\"https:\/\/www.record.com.mx\/formula1\/simplemente-encantador-verstappen-aplasta-los-mclaren-y-gana-el-gran-premio-de-italia\" rel=\"nofollow noopener\" target=\"_blank\"><strong>Max Verstappen<\/strong><\/a> se mostr\u00f3 pesimista y consider\u00f3 que no volver\u00eda a ganar en la Temporada 2025 de la <a href=\"https:\/\/www.record.com.mx\/formula1\/entre-la-elite-checo-perez-asistio-la-final-del-us-open-entre-sinner-y-alcaraz\" rel=\"nofollow noopener\" target=\"_blank\"><strong>F\u00f3rmula 1<\/strong><\/a>. Sin embargo, su pron\u00f3stico fue equivocado y se impuso de forma contundente enel <strong>Gran Premio de Italia.\u00a0<\/strong><\/p>\n<p>M\u00e1s all\u00e1 de los errores que tuvo <a href=\"https:\/\/www.record.com.mx\/formula1\/max-verstappen-se-burla-de-mclaren-y-lando-norris-en-monza\" rel=\"nofollow noopener\" target=\"_blank\"><strong>McLaren<\/strong><\/a><strong>, <\/strong>desde el s\u00e1bado el neerland\u00e9s tuvo una conducci\u00f3n perfecta y en la carrera le sac\u00f3 una ventaja de 19 segundos a <strong>Lando Norris <\/strong>y de 21 a <strong>\u00d3scar Piastri. <\/strong>Con ello, redujo un poco la diferencia en el Campeonato de Pilotos, aunque alcanzarlos todav\u00eda luce complicado.\u00a0<\/p>\n<p> <img loading=\"lazy\" decoding=\"async\" data-entity-uuid=\"ca8e5da8-6c5d-425c-86f0-ccb5d1b19924\" data-entity-type=\"file\" src=\"https:\/\/www.europesays.com\/es\/wp-content\/uploads\/2025\/09\/SI202509071232 (1).jpg\" width=\"1200\" height=\"800\" alt=\"Verstappen logr\u00f3 una victoria que le da un poco de vida \" data-caption=\"Verstappen logr\u00f3 una victoria que le da un poco de vida | RED BULL\u00a0\"\/><\/p>\n<p>Verstappen logr\u00f3 una victoria que le da un poco de vida | RED BULL\u00a0<\/p>\n<p>\u00bfCu\u00e1l es el panorama de Verstappen en la F1?\u00a0<\/p>\n<p>Tras la victoria en Monza, Max se puso a 94 puntos de Piastri y a 63 de Norris en el Campeonato. Con 224 unidades todav\u00eda en disputa, ocho Grandes Premios y tres de ellos en formato sprint, matem\u00e1ticamente el piloto de <strong>Red Bull<\/strong> tiene oportunidad de buscar el pentacampeonato. Sin embargo, necesitar\u00eda repetir resultados como el de este domingo para lograrlo.\u00a0<\/p>\n<p>Lo m\u00e1s pronto posible que Max podr\u00eda empatar a Piastri es en el <strong>Gran Premio de M\u00e9xico. <\/strong>Para ello, adem\u00e1s de esperar que el australiano no sume ning\u00fan punto, el neerland\u00e9s tendr\u00eda que ganar en <strong>Azerbaiy\u00e1n, Singapur <\/strong>y <strong>Estaados Unidos, <\/strong>adem\u00e1s de la sprint en Austin, y quedar al menos quinto en el <strong>Aut\u00f3dromo Hermanos Rodr\u00edguez.\u00a0<\/strong><\/p>\n<p><img loading=\"lazy\" decoding=\"async\" data-entity-uuid=\"cbf76866-b039-4aa9-9af0-ceabac82f0e1\" data-entity-type=\"file\" src=\"https:\/\/www.europesays.com\/es\/wp-content\/uploads\/2025\/09\/SI202509071141 (1).jpg\" width=\"1200\" height=\"800\" alt=\"Max se aferra a la pelea contra los McLaren\" data-caption=\"Max se aferra a la pelea contra los McLaren | RED BULL\u00a0\"\/><\/p>\n<p>Max se aferra a la pelea contra los McLaren | RED BULL\u00a0<\/p>\n<p>De igual forma, si Norris no suma en las pr\u00f3ximas fechas, Verstappen lo superar\u00eda si gana todo hasta Austin. Cualquier otra combinaci\u00f3n de resultados solo alejar\u00e1 al tetracampe\u00f3n de una corona m\u00e1s, sobre todo si en sus pr\u00f3ximos compromisos vuelve a finalizar por detr\u00e1s de los pilotos de McLaren.\u00a0<\/p>\n<p>Por otra parte, si Piastri gana todo de Azerbaiy\u00e1n a M\u00e9xico, dejar\u00e1 oficialmente fuera de la lucha por el t\u00edtulo a Verstappen, ya que las \u00faltimas carreras no ser\u00edan suficientes para que el neerland\u00e9s remontara.\u00a0<\/p>\n<p><img loading=\"lazy\" decoding=\"async\" data-entity-uuid=\"7bfb659d-78de-4160-9ec6-8d18f54c9cf5\" data-entity-type=\"file\" src=\"https:\/\/www.europesays.com\/es\/wp-content\/uploads\/2025\/09\/SI202509071210 (1).jpg\" width=\"1200\" height=\"800\" alt=\"La victoria ilusion\u00f3 de nuevo a los aficionados de Verstappen\" data-caption=\"La victoria ilusion\u00f3 de nuevo a los aficionados de Verstappen | RED BULL\u00a0\"\/><\/p>\n<p>La victoria ilusion\u00f3 de nuevo a los aficionados de Verstappen | RED BULL\u00a0<\/p>\n<p>El calendario restante de la Temporada 2025 de F1\u00a0<\/p>\n<ul>\n<li>Gran Premio de Azerbaiy\u00e1n | 21 de septiembre<\/li>\n<li>Gran Premio de Singapur | 5 de octubre<\/li>\n<li>Gran Premio de Estados Unidos | 19 de octubre | Carrera sprint <\/li>\n<li>Gran Premio de M\u00e9xico | 26 de octubre<\/li>\n<li>Gran Premio de Sao Paulo | 9 de noviembre | Carrera sprint <\/li>\n<li>Gran Premio de Las Vegas | 22 de noviembre<\/li>\n<li>Gran Premio de Qatar | 30 de noviembre | Carrera sprint <\/li>\n<li>Gran Premio de Abu Dhabi | 7 de diciembre<\/li>\n<\/ul>\n<p><img loading=\"lazy\" decoding=\"async\" data-entity-uuid=\"5e95400f-4840-4117-a7d8-7b6f40c0ca95\" data-entity-type=\"file\" src=\"https:\/\/www.europesays.com\/es\/wp-content\/uploads\/2025\/09\/SI202509071257 (1).jpg\" width=\"1200\" height=\"800\" alt=\"Con la victoria en Monza, Max redujo la distancia en el Campeonato\" data-caption=\"Con la victoria en Monza, Max redujo la distancia en el Campeonato de Pilotos | RED BULL\u00a0\"\/><\/p>\n<p>Con la victoria en Monza, Max redujo la distancia en el Campeonato de Pilotos | RED BULL\u00a0<\/p>\n","protected":false},"excerpt":{"rendered":"El le\u00f3n no est\u00e1 muerto. Antes de la pausa de verano, Max Verstappen se mostr\u00f3 pesimista y consider\u00f3&hellip;\n","protected":false},"author":2,"featured_media":103196,"comment_status":"","ping_status":"","sticky":false,"template":"","format":"standard","meta":{"footnotes":""},"categories":[270],"tags":[168,25,24,306,271,272,2099,212,23,167],"class_list":{"0":"post-103195","1":"post","2":"type-post","3":"status-publish","4":"format-standard","5":"has-post-thumbnail","7":"category-formula-1","8":"tag-deportes","9":"tag-es","10":"tag-espana","11":"tag-f1","12":"tag-formula-1","13":"tag-formula1","14":"tag-max-verstappen","15":"tag-red-bull","16":"tag-spain","17":"tag-sports"},"share_on_mastodon":{"url":"","error":""},"_links":{"self":[{"href":"https:\/\/www.europesays.com\/es\/wp-json\/wp\/v2\/posts\/103195","targetHints":{"allow":["GET"]}}],"collection":[{"href":"https:\/\/www.europesays.com\/es\/wp-json\/wp\/v2\/posts"}],"about":[{"href":"https:\/\/www.europesays.com\/es\/wp-json\/wp\/v2\/types\/post"}],"author":[{"embeddable":true,"href":"https:\/\/www.europesays.com\/es\/wp-json\/wp\/v2\/users\/2"}],"replies":[{"embeddable":true,"href":"https:\/\/www.europesays.com\/es\/wp-json\/wp\/v2\/comments?post=103195"}],"version-history":[{"count":0,"href":"https:\/\/www.europesays.com\/es\/wp-json\/wp\/v2\/posts\/103195\/revisions"}],"wp:featuredmedia":[{"embeddable":true,"href":"https:\/\/www.europesays.com\/es\/wp-json\/wp\/v2\/media\/103196"}],"wp:attachment":[{"href":"https:\/\/www.europesays.com\/es\/wp-json\/wp\/v2\/media?parent=103195"}],"wp:term":[{"taxonomy":"category","embeddable":true,"href":"https:\/\/www.europesays.com\/es\/wp-json\/wp\/v2\/categories?post=103195"},{"taxonomy":"post_tag","embeddable":true,"href":"https:\/\/www.europesays.com\/es\/wp-json\/wp\/v2\/tags?post=103195"}],"curies":[{"name":"wp","href":"https:\/\/api.w.org\/{rel}","templated":true}]}}