{"id":103211,"date":"2025-09-09T11:05:04","date_gmt":"2025-09-09T11:05:04","guid":{"rendered":"https:\/\/www.europesays.com\/es\/103211\/"},"modified":"2025-09-09T11:05:04","modified_gmt":"2025-09-09T11:05:04","slug":"afavila-le-hace-una-peineta-al-alzheimer","status":"publish","type":"post","link":"https:\/\/www.europesays.com\/es\/103211\/","title":{"rendered":"Af\u00e1vila le hace una peineta al Alzheimer"},"content":{"rendered":"<p>Rebeldes. Empoderados. Desafiantes. Sin miedo. Y sin verg\u00fcenza alguna. As\u00ed se presentan los usuarios de La Asociaci\u00f3n de Familiares de Enfermos de Alzheimer de \u00c1vila (Af\u00e1vila) en la campa\u00f1a que la entidad lanza este a\u00f1o con motivo del D\u00eda Mundial de la enfermedad, que tendr\u00e1 lugar el pr\u00f3ximo 21 de septiembre, y que en \u00c1vila se celebra haci\u00e9ndole una peineta a la enfermedad.<\/p>\n<p>Han le\u00eddo bien, s\u00ed. Sacando el dedo coraz\u00f3n a una patolog\u00eda que \u00a0(y esto es lo que se quiere recalcar este a\u00f1o especialmente desde Af\u00e1vila) termina por privar de muchos derechos a aquellas personas que la padecen.<\/p>\n<p>Mariano (que falleci\u00f3 hace dos a\u00f1os y al que se le rinde homenaje al rescatar la foto que se hizo hace tiempo) y Conchita son los dos usuarios de Af\u00e1vila que con su imagen quieren dejar claro al Alzheimer que &#8216;Lo que olvido no borra lo que soy&#8217;.<\/p>\n<p>\u00abQueremos reivindicar la presencia y el valor de las personas con Alzheimer\u00bb, dec\u00eda este martes durante la presentaci\u00f3n de la campa\u00f1a publicitaria Paloma del Nogal, teniente de alcalde de Servicios Sociales del Ayuntamiento de \u00c1vila, a la que acompa\u00f1aban las tres responsables de Af\u00e1vila.<\/p>\n<p>\u00abEs una campa\u00f1a de sensibilizaci\u00f3n y concienciaci\u00f3n a la poblaci\u00f3n abulense\u00bb, apuntaba por su parte Aurora Fern\u00e1ndez, directora de la entidad, que recalcaba c\u00f3mo este a\u00f1o se han querido centrar \u00aben las personas\u00bb que padecen la enfermedad y en c\u00f3mo \u00e9stas \u00able plantan cara\u00bb.<\/p>\n<p>\u00abSon personas que siguen teniendo la capacidad de decidir\u00bb, quer\u00eda dejar claro Fern\u00e1ndez, que lamentaba c\u00f3mo, en cambio,\u00abse las aparta\u00bb cuando hay un diagn\u00f3stico de Alzheimer. Con independencia de la edad del paciente o de sus capacidades reales.<\/p>\n<p>\u00abY queremos reivindicar que tienen mucho que decir\u00bb, insist\u00eda, \u00aby queremos darles voz y que sean ellos los protagonistas de la campa\u00f1a\u00bb.<\/p>\n<p>Una campa\u00f1a \u00abmuy meditada\u00bb, como explicaba por su parte Susana Mart\u00edn, psic\u00f3loga de Af\u00e1vila, \u00aby con la que se busca romper estereotipos\u00bb.<\/p>\n<p>Saben, reconocen las caras visibles de Af\u00e1vila, que el mostrar a dos de sus usuarios haci\u00e9ndole una peineta al Alzheimer generar\u00e1 comentarios (positivos y negativos). Pero no les importa. \u00abNosotros trabajamos por la dignidad de las personas con Alzheimer y otras demencias\u00bb, explicaba, y resaltaba el valor de la palabra \u00abdesaf\u00edo\u00bb que se &#8216;cuela&#8217; en las im\u00e1genes.<\/p>\n<p>Un desaf\u00edo que, por ejemplo, refleja la mirada de Conchita. \u00abEst\u00e1 aqu\u00ed dici\u00e9ndonos &#8216;mira c\u00f3mo le planto cara al Alzheimer\u00bb, prosegu\u00eda hablando Mart\u00edn, que confesaba que en las sesiones de fotos (realizadas en su propia sede) los usuarios del centro \u00abse divirtieron mucho\u00bb.<\/p>\n<p>\u00abEllos transmiten, hay fuera en sus miradas\u00bb, se emocionaba la psic\u00f3loga de Af\u00e1vila, que recordaba tambi\u00e9n que en el momento de hacer las fotos se les pregunt\u00f3 \u00abqu\u00e9 les dir\u00edan ellos al Alzheimer\u00bb.<\/p>\n<p>\u00abQueremos dejar de dar esa imagen de l\u00e1stima que se genera en torno al Alzheimer\u00bb, retomaba la palabra la directora de Af\u00e1vila, una instituci\u00f3n que en la actualidad atiende a cien usuarios en la capital y a unos 175 en la provincia.<\/p>\n<p>\u00abLa verdad es que llev\u00e1bamos tres a\u00f1os d\u00e1ndole vueltas a si sac\u00e1bamos o no la campa\u00f1a\u00bb, reconoc\u00eda por su parte Montserrat Cort\u00e9s, presidenta de Af\u00e1vila, que comentaba que si finalmente se decidieron a dar el paso fue porque tienen claro que las personas con Alzheimer tienen el derecho de hacer esta reivindicaci\u00f3n. \u00abQuiero luchar por mis derechos. Quiero empoderarme\u00bb, hablaba Cort\u00e9s, para la que la peineta no es m\u00e1s que \u00abuna expresi\u00f3n enmarcada en el enfado con la enfermedad y con la sociedad\u00bb, que les aparta.<\/p>\n<p>Para ella, resulta \u00abuna aberraci\u00f3n\u00bb el que el diagn\u00f3stico de la enfermedad vaya ligado s\u00ed o s\u00ed a una baja laboral. \u00abSi queremos un diagn\u00f3stico temprano hay que tomar medidas. Y buscar un sistema para que a las personas con Alzheimer se les ayude, no se les aparte\u00bb, defend\u00eda la presidenta de la entidad, que aprovechaba para anunciar que este mi\u00e9rcoles, a las 9,30 horas, se celebrar\u00e1 un desayuno informativo en Sofraga para hablar sobre los derechos del mayor. \u00a0<\/p>\n<p>\u00a0<\/p>\n","protected":false},"excerpt":{"rendered":"Rebeldes. Empoderados. Desafiantes. Sin miedo. Y sin verg\u00fcenza alguna. As\u00ed se presentan los usuarios de La Asociaci\u00f3n de&hellip;\n","protected":false},"author":2,"featured_media":103212,"comment_status":"","ping_status":"","sticky":false,"template":"","format":"standard","meta":{"footnotes":""},"categories":[92],"tags":[3350,7607,12751,1293,25,24,165,36152,166,23],"class_list":{"0":"post-103211","1":"post","2":"type-post","3":"status-publish","4":"format-standard","5":"has-post-thumbnail","7":"category-salud","8":"tag-alzheimer","9":"tag-avila","10":"tag-ayuntamiento-de-avila","11":"tag-enfermedades","12":"tag-es","13":"tag-espana","14":"tag-health","15":"tag-paloma-del-nogal","16":"tag-salud","17":"tag-spain"},"share_on_mastodon":{"url":"","error":""},"_links":{"self":[{"href":"https:\/\/www.europesays.com\/es\/wp-json\/wp\/v2\/posts\/103211","targetHints":{"allow":["GET"]}}],"collection":[{"href":"https:\/\/www.europesays.com\/es\/wp-json\/wp\/v2\/posts"}],"about":[{"href":"https:\/\/www.europesays.com\/es\/wp-json\/wp\/v2\/types\/post"}],"author":[{"embeddable":true,"href":"https:\/\/www.europesays.com\/es\/wp-json\/wp\/v2\/users\/2"}],"replies":[{"embeddable":true,"href":"https:\/\/www.europesays.com\/es\/wp-json\/wp\/v2\/comments?post=103211"}],"version-history":[{"count":0,"href":"https:\/\/www.europesays.com\/es\/wp-json\/wp\/v2\/posts\/103211\/revisions"}],"wp:featuredmedia":[{"embeddable":true,"href":"https:\/\/www.europesays.com\/es\/wp-json\/wp\/v2\/media\/103212"}],"wp:attachment":[{"href":"https:\/\/www.europesays.com\/es\/wp-json\/wp\/v2\/media?parent=103211"}],"wp:term":[{"taxonomy":"category","embeddable":true,"href":"https:\/\/www.europesays.com\/es\/wp-json\/wp\/v2\/categories?post=103211"},{"taxonomy":"post_tag","embeddable":true,"href":"https:\/\/www.europesays.com\/es\/wp-json\/wp\/v2\/tags?post=103211"}],"curies":[{"name":"wp","href":"https:\/\/api.w.org\/{rel}","templated":true}]}}