{"id":103314,"date":"2025-09-09T12:15:16","date_gmt":"2025-09-09T12:15:16","guid":{"rendered":"https:\/\/www.europesays.com\/es\/103314\/"},"modified":"2025-09-09T12:15:16","modified_gmt":"2025-09-09T12:15:16","slug":"ahora-me-queda-la-radioterapia-2","status":"publish","type":"post","link":"https:\/\/www.europesays.com\/es\/103314\/","title":{"rendered":"\u00abAhora me queda la radioterapia\u00bb"},"content":{"rendered":"<p><img decoding=\"async\" class=\"voc-author__img\" src=\"https:\/\/www.europesays.com\/es\/wp-content\/uploads\/2025\/08\/1755001989_832_autor-7150-foto-1.jpeg\" alt=\"Marina Ortiz Cort\u00e9s\"\/><\/p>\n<p class=\"voc-p\" style=\"\">Seg\u00fan desvela Paloma Barrientos en &#8216;Vanitatis&#8217;, <strong>Fernando Mart\u00ednez de Irujo<\/strong> (66 a\u00f1os) ha sufrido un grave problema de salud en los \u00faltimos meses. A pesar de que no le pone nombre al diagn\u00f3stico, uno de los tratamientos da una pista sobre lo que le ocurre. \u00abHe pasado <strong>el verano entre Marbella y Sotogrande<\/strong>. Llegu\u00e9 a Madrid hace unos d\u00edas\u00bb, ha empezado contando. \u00abMe hicieron la anal\u00edtica y el resultado ha sido muy bueno. Estoy pr\u00e1cticamente recuperado y ahora me queda la radioterapia. <strong>Ha sido una \u00e9poca mala<\/strong>, pero afortunadamente y gracias a Dios todo va bien\u00bb, ha desvelado el <a href=\"https:\/\/www.abc.es\/gente\/mariah-carey-gana-demanda-derechos-autor-exito-20250321132531-nt.html\" target=\"_self\" data-voc-vtm-id=\"in-text-traffic\" title=\"hermano del duque de Alba\" data-mrf-link=\"www.abc.es\" rel=\"nofollow noopener\">hermano del duque de Alba<\/a>. <\/p>\n<p class=\"voc-p\" style=\"\">Al parecer, ya el pasado 12 de agosto hab\u00eda constancia de ese problema de salud, aunque debido a su estado no se quiso informar al respecto. Por entonces era noticia por la supuesta venta de <strong>Las Ca\u00f1as, situada en Marbella<\/strong>, que no est\u00e1 en el mercado y tiene un alquiler vigente de varios a\u00f1os.<\/p>\n<p class=\"voc-p\" style=\"\">En sus \u00faltimas apariciones p\u00fablicas, la \u00faltima en el desfile de In\u00e9s Domecq celebrado en los jardines del palacio de Liria, fue visto \u00ab<strong>mucho m\u00e1s delgado pero con buen aspecto<\/strong>\u00bb, seg\u00fan desvela la mencionada periodista. Pero tal y como ha compartido el protagonista, \u00abtodo marcha bien\u00bb y la recuperaci\u00f3n avanza por el buen camino. Motivo por el cual admite estar muy agradecido a aquellos que le han tratado en esta mala \u00e9poca. Tanto a su familia y sus amistades, que <strong>le han apoyado<\/strong>, como a los m\u00e9dicos y el personal que le han atendido. <\/p>\n<p class=\"voc-p\" style=\"\">Marqu\u00e9s de San Vicente del Barco desde mediados de los a\u00f1os 90, es el \u00fanico de la familia que no se ha casado nunca. Sin embargo, mantiene una muy buena relaci\u00f3n con sus hermanos, que entre ellos han tenido sus m\u00e1s y sus menos. Aunque es <strong>uno de los miembros m\u00e1s discretos de su familia<\/strong>, es muy probable que el pr\u00f3ximo 4 de octubre, con motivo de la <a href=\"https:\/\/www.abc.es\/gente\/cayetano-martinez-irujo-madrina-boda-barbara-mirjan-20250521120908-nt.html\" target=\"_self\" data-voc-vtm-id=\"in-text-traffic\" title=\"boda de su hermano Cayetano con B\u00e1rbara Mirjan\" data-mrf-link=\"www.abc.es\" rel=\"nofollow noopener\">boda de su hermano Cayetano con B\u00e1rbara Mirjan<\/a>, vuelva a dejarse ver. <\/p>\n<p class=\"voc-p\" style=\"\">El enlace reunir\u00e1 a los hijos de Cayetana de Alba, as\u00ed como a otras tantas personalidades de la cr\u00f3nica social. Se celebrar\u00e1 en la iglesia del Cristo de los Gitanos en Sevilla, el lugar donde descansan las cenizas de la fallecida Duquesa. Amina, la hija melliza del exjinete ser\u00e1 la madrina de esta segunda boda, ya que la primera fue la que tuvo con Genoveva Casanova en 2005. <\/p>\n<p>Reportar un error<\/p>\n","protected":false},"excerpt":{"rendered":"Seg\u00fan desvela Paloma Barrientos en &#8216;Vanitatis&#8217;, Fernando Mart\u00ednez de Irujo (66 a\u00f1os) ha sufrido un grave problema de&hellip;\n","protected":false},"author":2,"featured_media":103315,"comment_status":"","ping_status":"","sticky":false,"template":"","format":"standard","meta":{"footnotes":""},"categories":[91],"tags":[1066,4083,146,147,25,24,2421,36166,825,3041,36167,23],"class_list":{"0":"post-103314","1":"post","2":"type-post","3":"status-publish","4":"format-standard","5":"has-post-thumbnail","7":"category-entretenimiento","8":"tag-cancer","9":"tag-desvela","10":"tag-entertainment","11":"tag-entretenimiento","12":"tag-es","13":"tag-espana","14":"tag-fernando","15":"tag-irujo","16":"tag-martinez","17":"tag-queda","18":"tag-radioterapia","19":"tag-spain"},"share_on_mastodon":{"url":"","error":""},"_links":{"self":[{"href":"https:\/\/www.europesays.com\/es\/wp-json\/wp\/v2\/posts\/103314","targetHints":{"allow":["GET"]}}],"collection":[{"href":"https:\/\/www.europesays.com\/es\/wp-json\/wp\/v2\/posts"}],"about":[{"href":"https:\/\/www.europesays.com\/es\/wp-json\/wp\/v2\/types\/post"}],"author":[{"embeddable":true,"href":"https:\/\/www.europesays.com\/es\/wp-json\/wp\/v2\/users\/2"}],"replies":[{"embeddable":true,"href":"https:\/\/www.europesays.com\/es\/wp-json\/wp\/v2\/comments?post=103314"}],"version-history":[{"count":0,"href":"https:\/\/www.europesays.com\/es\/wp-json\/wp\/v2\/posts\/103314\/revisions"}],"wp:featuredmedia":[{"embeddable":true,"href":"https:\/\/www.europesays.com\/es\/wp-json\/wp\/v2\/media\/103315"}],"wp:attachment":[{"href":"https:\/\/www.europesays.com\/es\/wp-json\/wp\/v2\/media?parent=103314"}],"wp:term":[{"taxonomy":"category","embeddable":true,"href":"https:\/\/www.europesays.com\/es\/wp-json\/wp\/v2\/categories?post=103314"},{"taxonomy":"post_tag","embeddable":true,"href":"https:\/\/www.europesays.com\/es\/wp-json\/wp\/v2\/tags?post=103314"}],"curies":[{"name":"wp","href":"https:\/\/api.w.org\/{rel}","templated":true}]}}