{"id":103318,"date":"2025-09-09T12:19:07","date_gmt":"2025-09-09T12:19:07","guid":{"rendered":"https:\/\/www.europesays.com\/es\/103318\/"},"modified":"2025-09-09T12:19:07","modified_gmt":"2025-09-09T12:19:07","slug":"ee-uu-propone-retirarle-el-visado-a-zapatero-por-sus-gestiones-en-venezuela","status":"publish","type":"post","link":"https:\/\/www.europesays.com\/es\/103318\/","title":{"rendered":"EE.UU. propone retirarle el visado a Zapatero por sus gestiones en Venezuela"},"content":{"rendered":"<p style=\"\">Washington ha elevado el tono contra <a href=\"https:\/\/www.abc.es\/noticias\/jose-luis-rodriguez-zapatero\/\" title=\"www.abc.es\" data-voc-vtm-id=\"in-text-traffic\" data-mrf-link=\"www.abc.es\" rel=\"nofollow noopener\" target=\"_blank\">Jos\u00e9 Luis Rodr\u00edguez Zapatero<\/a> por sus negociados con el chavismo. El subsecretario de Estado Christopher Landau, n\u00famero dos de la diplomacia norteamericana, sugiri\u00f3 este lunes, en un mensaje en redes sociales, <strong>retirarle el visado de entrada a Estados <\/strong> &#8230; <strong>Unidos <\/strong>al expresidente espa\u00f1ol.<\/p>\n<p class=\"voc-p\" style=\"\">Con iron\u00eda, el diplom\u00e1tico acompa\u00f1\u00f3 la insinuaci\u00f3n con una imagen bajo el t\u00edtulo de \u00abEl quitavisas\u00bb, un recurso que se ha convertido en se\u00f1a de identidad de la pol\u00edtica exterior de <a href=\"https:\/\/www.abc.es\/noticias\/donald-trump\/\" title=\"www.abc.es\" data-voc-vtm-id=\"in-text-traffic\" data-mrf-link=\"www.abc.es\" rel=\"nofollow noopener\" target=\"_blank\">Donald Trump<\/a>: <strong>usar el acceso a EE.UU. como palanca de presi\u00f3n.<\/strong> La imagen est\u00e1 tomada de los c\u00f3mics de Batman y la llamada \u00abbatise\u00f1al\u00bb.<\/p>\n<p class=\"voc-p\" style=\"\">El comentario se produce en plena ofensiva de la administraci\u00f3n contra el r\u00e9gimen de <strong>Nicol\u00e1s Maduro, acusado de narcotr\u00e1fico y terrorismo<\/strong>. En el centro de esa estrategia est\u00e1 el intento de fracturar a los aliados internacionales que sostienen al chavismo. Zapatero ha sido durante a\u00f1os interlocutor privilegiado de Caracas, en procesos de di\u00e1logo y mediaci\u00f3n que, seg\u00fan Washington, no han servido para acercar una transici\u00f3n democr\u00e1tica, <a href=\"https:\/\/www.abc.es\/internacional\/videoanalisis-trump-maduro-cronologia-enfrentamiento-20250907042042-nt.html\" title=\"www.abc.es\" data-voc-vtm-id=\"in-text-traffic\" data-mrf-link=\"www.abc.es\" rel=\"nofollow noopener\" target=\"_blank\">sino para dar ox\u00edgeno a Maduro <\/a>y a las facciones militares que lo mantienen en el poder.<\/p>\n<p class=\"voc-p\" style=\"\">Integrantes de la diplomacia estadounidense cree que Zapatero forma parte de un esquema de transici\u00f3n dise\u00f1ado para preservar los intereses del llamado Cartel de los Soles aun si Maduro fuera apartado. Ese convencimiento explica la dureza de Landau, que sugiri\u00f3 abiertamente que el expresidente espa\u00f1ol sea castigado con la retirada de su visado, igual que ya se ha hecho con funcionarios venezolanos, empresarios afines al chavismo y familiares de altos cargos.<\/p>\n<p class=\"voc-p\" style=\"\">El episodio recuerda que el uso de visados se ha convertido en un arma de presi\u00f3n habitual de la Casa Blanca. En las \u00faltimas semanas, EE.UU. ha negado la entrada a artistas y dirigentes extranjeros acusados de promover boicot an Israel, y ha sancionado a operadores financieros cercanos a reg\u00edmenes considerados adversarios.<\/p>\n<p class=\"voc-p\" style=\"\">El mensaje, repetido una y otra vez por Landau y por <strong>el secretario de Estado Marco Rubio,<\/strong> es que viajar a EE.UU. no es un derecho sino un privilegio que puede ser revocado en cualquier momento.<\/p>\n<p class=\"voc-p\" style=\"\">En Espa\u00f1a, la propuesta de sancionar a Zapatero a\u00f1ade tensi\u00f3n a las relaciones bilaterales. El expresidente socialista ha defendido siempre su papel como mediador en Venezuela, pero tanto la oposici\u00f3n venezolana como integrantes del Congreso estadounidense lo consideran un colaborador de facto del chavismo. Su nombre, asociado al fracaso de m\u00faltiples rondas de negociaci\u00f3n, se convierte ahora en blanco directo de la campa\u00f1a de m\u00e1xima presi\u00f3n de Washington.<\/p>\n<p class=\"voc-p\" style=\"\">El \u00abquitavisas\u00bb contra Zapatero no es solo una broma en redes sociales. Es la muestra de que Estados Unidos considera agotada la paciencia con quienes, desde Europa, todav\u00eda mantienen lazos de interlocuci\u00f3n con un r\u00e9gimen al que Washington define abiertamente como un cartel narcoterrorista.<\/p>\n<p class=\"voc-p\" style=\"\">Los espa\u00f1oles tienen un acuerdo de entrada en Estados Unidos que les exime de tener que solicitar un visado antes de ingresar, como sucede con otros bloques y pa\u00edses.<\/p>\n","protected":false},"excerpt":{"rendered":"Washington ha elevado el tono contra Jos\u00e9 Luis Rodr\u00edguez Zapatero por sus negociados con el chavismo. El subsecretario&hellip;\n","protected":false},"author":2,"featured_media":103319,"comment_status":"","ping_status":"","sticky":false,"template":"","format":"standard","meta":{"footnotes":""},"categories":[8],"tags":[17,18,115,25,24,13,14,20509,11,19,20,9,10,15,16,918,29688,23,12,21,22,1192,36168,7472],"class_list":{"0":"post-103318","1":"post","2":"type-post","3":"status-publish","4":"format-standard","5":"has-post-thumbnail","7":"category-espana","8":"tag-breaking-news","9":"tag-breakingnews","10":"tag-eeuu","11":"tag-es","12":"tag-espana","13":"tag-featured-news","14":"tag-featurednews","15":"tag-gestiones","16":"tag-headlines","17":"tag-latest-news","18":"tag-latestnews","19":"tag-news","20":"tag-noticias","21":"tag-noticias-destacadas","22":"tag-noticiasdestacadas","23":"tag-propone","24":"tag-retirarle","25":"tag-spain","26":"tag-titulares","27":"tag-ultimas-noticias","28":"tag-ultimasnoticias","29":"tag-venezuela","30":"tag-visado","31":"tag-zapatero"},"share_on_mastodon":{"url":"","error":""},"_links":{"self":[{"href":"https:\/\/www.europesays.com\/es\/wp-json\/wp\/v2\/posts\/103318","targetHints":{"allow":["GET"]}}],"collection":[{"href":"https:\/\/www.europesays.com\/es\/wp-json\/wp\/v2\/posts"}],"about":[{"href":"https:\/\/www.europesays.com\/es\/wp-json\/wp\/v2\/types\/post"}],"author":[{"embeddable":true,"href":"https:\/\/www.europesays.com\/es\/wp-json\/wp\/v2\/users\/2"}],"replies":[{"embeddable":true,"href":"https:\/\/www.europesays.com\/es\/wp-json\/wp\/v2\/comments?post=103318"}],"version-history":[{"count":0,"href":"https:\/\/www.europesays.com\/es\/wp-json\/wp\/v2\/posts\/103318\/revisions"}],"wp:featuredmedia":[{"embeddable":true,"href":"https:\/\/www.europesays.com\/es\/wp-json\/wp\/v2\/media\/103319"}],"wp:attachment":[{"href":"https:\/\/www.europesays.com\/es\/wp-json\/wp\/v2\/media?parent=103318"}],"wp:term":[{"taxonomy":"category","embeddable":true,"href":"https:\/\/www.europesays.com\/es\/wp-json\/wp\/v2\/categories?post=103318"},{"taxonomy":"post_tag","embeddable":true,"href":"https:\/\/www.europesays.com\/es\/wp-json\/wp\/v2\/tags?post=103318"}],"curies":[{"name":"wp","href":"https:\/\/api.w.org\/{rel}","templated":true}]}}