{"id":103324,"date":"2025-09-09T12:22:05","date_gmt":"2025-09-09T12:22:05","guid":{"rendered":"https:\/\/www.europesays.com\/es\/103324\/"},"modified":"2025-09-09T12:22:05","modified_gmt":"2025-09-09T12:22:05","slug":"orgullo-mexicano-el-financiero","status":"publish","type":"post","link":"https:\/\/www.europesays.com\/es\/103324\/","title":{"rendered":"Orgullo mexicano \u2013 El Financiero"},"content":{"rendered":"<p class=\"c-paragraph\">Existen momentos que despiertan el orgullo de haber nacido en este maravilloso pa\u00eds: un amanecer entre volcanes, una puesta de sol en las playas del Pac\u00edfico, el Huapango de Moncayo, un tequila, la manera de vivir el amor y el dolor en las letras del gran Jos\u00e9 Alfredo Jim\u00e9nez, la oda a la muerte en los grabados de Posada, los sabores y colores de la gastronom\u00eda, la riqueza de nuestra artesan\u00eda, la pita en los cinchos charros y sus monturas, la majestuosidad de Palenque o la catedral de Santo Domingo en Oaxaca, el Cerro de la Silla y tantas maravillas que, de norte a sur y de este a oeste, enriquecen a nuestro M\u00e9xico.<\/p>\n<p class=\"c-paragraph\">El pr\u00f3ximo domingo 14 de septiembre, la capital taurina de M\u00e9xico, Aguascalientes, ser\u00e1 sede de uno de los acontecimientos culturales, sociales y art\u00edsticos m\u00e1s relevantes del calendario: la octava edici\u00f3n de la Corrida de la Insurgencia.<\/p>\n<p class=\"c-paragraph\">La centenaria Plaza de Toros San Marcos ser\u00e1 el escenario y epicentro de este festejo. Torear y lidiar en la Corrida de la Insurgencia es un honor para toreros y ganaderos. La puesta en escena es magn\u00edfica, cuidada hasta el detalle, bien pensada, investigada y ejecutada. La experiencia que viven los asistentes eleva las pulsaciones, eriza la piel y conmueve los sentidos: un espect\u00e1culo visual y un deleite sonoro con las soberbias interpretaciones de la Orquesta Sinf\u00f3nica de Aguascalientes, brillantemente dirigida por el maestro Rom\u00e1n Revueltas.<\/p>\n<p class=\"c-paragraph\">La intervenci\u00f3n art\u00edstica en el coso es una grata sorpresa desde el acceso por los t\u00faneles de la plaza. En ediciones pasadas han participado creadores de renombre como Alfonso L\u00f3pez Monreal, Isabel Garfias, Curro Gonz\u00e1lez y Anuar Atala. Este a\u00f1o, el honor recae en Rafael S\u00e1nchez de Icaza.<\/p>\n<p class=\"c-paragraph\">Por segunda ocasi\u00f3n, el cartel contar\u00e1 con un diestro extranjero: encabeza el pase\u00edllo el espa\u00f1ol Antonio Ferrera, acompa\u00f1ado por los locales Diego S\u00e1nchez, en extraordinario momento de madurez art\u00edstica, y H\u00e9ctor Guti\u00e9rrez, triunfador de la edici\u00f3n anterior tras cortar un rabo a un bravo ejemplar de Jos\u00e9 Mar\u00eda Arturo Huerta.<\/p>\n<p class=\"c-paragraph\">El honor y la responsabilidad de lidiar los seis toros recaen en la ganader\u00eda hidroc\u00e1lida Santa In\u00e9s, propiedad del joven criador Israel Isaac Garc\u00eda Zamarripa.<\/p>\n<p class=\"c-paragraph\">Previo, durante y posterior al festejo, las emociones se agolpan en la garganta. La magn\u00edfica puesta en escena, los toreros ataviados con trajes a la usanza insurgente \u2014creaci\u00f3n del reconocido sastre taurino C\u00e9sar Guti\u00e9rrez\u2014, el colorido, la m\u00fasica y el ambiente inigualable de un evento de esta magnitud quedan tatuados en la memoria colectiva de una sociedad orgullosa de sus tradiciones.<\/p>\n<p class=\"c-paragraph\">Una corrida de toros es mucho m\u00e1s que la lidia y muerte de seis astados: es rito, simbolismo y emoci\u00f3n; es la fuerza del toro frente al valor del torero. Dos voluntades que se enfrentan para crear la belleza irrepetible del toreo, ya sea en la est\u00e9tica, el peligro, la tragedia o la sublime muerte en la plaza.<\/p>\n<p class=\"c-paragraph\">Lejos del argumento animalista \u2014simplista y cargado de hipocres\u00eda\u2014 que pretende ocultar la realidad de la vida y la muerte, el toreo es la representaci\u00f3n m\u00e1s aut\u00e9ntica de nuestra existencia. El toro bravo vive para morir en la plaza; para ello es criado, cuidado y seleccionado, honrando su raza.<\/p>\n<p class=\"c-paragraph\">En M\u00e9xico, el 93% de la caba\u00f1a brava vive en absoluta libertad, en m\u00e1s de 170 mil hect\u00e1reas que se conservan en equilibrio ecol\u00f3gico gracias a su crianza. Estos h\u00e1bitats son refugio de cientos de especies de flora y fauna, resguardadas por la presencia del toro. El restante 7%, que llega a la plaza, honra la labor de los ganaderos en la preservaci\u00f3n de este ecosistema \u00fanico.<\/p>\n<p class=\"c-paragraph\">No pierda la oportunidad de vivir en carne propia la Corrida de la Insurgencia: orgullo de M\u00e9xico y de sus tradiciones.<\/p>\n","protected":false},"excerpt":{"rendered":"Existen momentos que despiertan el orgullo de haber nacido en este maravilloso pa\u00eds: un amanecer entre volcanes, una&hellip;\n","protected":false},"author":2,"featured_media":103325,"comment_status":"","ping_status":"","sticky":false,"template":"","format":"standard","meta":{"footnotes":""},"categories":[277],"tags":[373,36169,168,36172,25,24,36173,36174,36175,2940,36170,28901,36171,23,167,374],"class_list":{"0":"post-103324","1":"post","2":"type-post","3":"status-publish","4":"format-standard","5":"has-post-thumbnail","7":"category-toreo","8":"tag-bullfighting","9":"tag-corrida-de-la-insurgencia-en-aguascalientes","10":"tag-deportes","11":"tag-diego-sanchez","12":"tag-es","13":"tag-espana","14":"tag-espanol-antonio-ferrera","15":"tag-hector-gutierrez","16":"tag-jose-maria-arturo-huerta","17":"tag-khp","18":"tag-orquesta-sinfonica-de-aguascalientes","19":"tag-plaza-de-toros-san-marcos","20":"tag-rafael-sanchez-de-icaza","21":"tag-spain","22":"tag-sports","23":"tag-toreo"},"share_on_mastodon":{"url":"","error":""},"_links":{"self":[{"href":"https:\/\/www.europesays.com\/es\/wp-json\/wp\/v2\/posts\/103324","targetHints":{"allow":["GET"]}}],"collection":[{"href":"https:\/\/www.europesays.com\/es\/wp-json\/wp\/v2\/posts"}],"about":[{"href":"https:\/\/www.europesays.com\/es\/wp-json\/wp\/v2\/types\/post"}],"author":[{"embeddable":true,"href":"https:\/\/www.europesays.com\/es\/wp-json\/wp\/v2\/users\/2"}],"replies":[{"embeddable":true,"href":"https:\/\/www.europesays.com\/es\/wp-json\/wp\/v2\/comments?post=103324"}],"version-history":[{"count":0,"href":"https:\/\/www.europesays.com\/es\/wp-json\/wp\/v2\/posts\/103324\/revisions"}],"wp:featuredmedia":[{"embeddable":true,"href":"https:\/\/www.europesays.com\/es\/wp-json\/wp\/v2\/media\/103325"}],"wp:attachment":[{"href":"https:\/\/www.europesays.com\/es\/wp-json\/wp\/v2\/media?parent=103324"}],"wp:term":[{"taxonomy":"category","embeddable":true,"href":"https:\/\/www.europesays.com\/es\/wp-json\/wp\/v2\/categories?post=103324"},{"taxonomy":"post_tag","embeddable":true,"href":"https:\/\/www.europesays.com\/es\/wp-json\/wp\/v2\/tags?post=103324"}],"curies":[{"name":"wp","href":"https:\/\/api.w.org\/{rel}","templated":true}]}}