{"id":103328,"date":"2025-09-09T12:26:10","date_gmt":"2025-09-09T12:26:10","guid":{"rendered":"https:\/\/www.europesays.com\/es\/103328\/"},"modified":"2025-09-09T12:26:10","modified_gmt":"2025-09-09T12:26:10","slug":"lo-hacen-por-una-razon-es-terrible-lo-que-esta-pasando","status":"publish","type":"post","link":"https:\/\/www.europesays.com\/es\/103328\/","title":{"rendered":"&#8216;Lo hacen por una raz\u00f3n, es terrible lo que est\u00e1 pasando&#8217;"},"content":{"rendered":"<p>El ciclista dan\u00e9s Jonas Vingegaard, actual l\u00edder de La Vuelta ciclista a Espa\u00f1a, se mostr\u00f3 este domingo comprensivo con las personas que en cada etapa del circuito protestan contra el genocidio en Palestina y la participaci\u00f3n en la carrera de un equipo israel\u00ed. Si bien ha se\u00f1alado que \u00abes una pena que ocurra precisamente aqu\u00ed\u00bb, Vingegaard ha considerado que <b>\u00abla gente que protesta lo hace por algo\u00bb<\/b>. <b>\u00abEs horrible lo que est\u00e1 pasando ahora mismo, y creo que quienes protestan lo hacen porque necesitan un foro donde ser escuchados\u00bb<\/b>, ha dicho el deportista que viste el maillot rojo.<\/p>\n<p>Vingegaard se pronunci\u00f3 as\u00ed, adem\u00e1s, este domingo al terminar la etapa en Monforte de Lemos, durante la cual un ciclista cay\u00f3 a la calzada despu\u00e9s de que un manifestante propalestino tropezase tras salir de una cuneta en la que se escond\u00eda. En declaraciones a la televisi\u00f3n danesa TV2, Vingegaard insisti\u00f3 en que quienes protestan lo hacen porque <b>\u00abest\u00e1n desesperados por ser escuchados, [&#8230;] necesitan que los medios les den esa posibilidad\u00bb<\/b>.<\/p>\n<p>Aunque el equipo israel\u00ed, propietario de un empresario millonario cercano al primer ministro, Benjamin Netanyahu, ha decidido eliminar el nombre de \u00abIsrael\u00bb de su maillot, en La Vuelta son cada vez m\u00e1s quienes presionan sobre su retirada. Hace unos d\u00edas, en un grupo de WhatsApp que comparten los corredores, <b>el ciclista estadounidense Mateo Jorgenson, tambi\u00e9n del equipo Visma (el mismo que de Vingegaard) pregunt\u00f3 a sus compa\u00f1eros si el conjunto de Israel deb\u00eda permanecer en La Vuelta<\/b>.\u00a0<\/p>\n<p>Seg\u00fan <a href=\"https:\/\/www.sport.es\/es\/noticias\/ciclismo\/matteo-jorgenson-ciclista-estadounidense-cuestiona-israel-tourmalet-sergi-lopez-egea-121299627\" target=\"_blank\" rel=\"nofollow noopener\">cont\u00f3 Sergi L\u00f3pez-Egea en SPORT<\/a>, Jorgenson \u00abreflexion\u00f3, lejos de esa burbuja deportiva en la que muchas veces se sumergen los profesionales, diciendo que <b>en el mundo hab\u00eda cosas m\u00e1s importantes y graves a lo que ellos hac\u00edan montados sobre una bici y d\u00e1ndole fuerte a los pedales<\/b>\u00ab.<\/p>\n<p>A pesar de las presiones, desde la direcci\u00f3n de La Vuelta han reiterado en diferentes ocasiones que <b>no expulsar\u00e1n al equipo de Israel<\/b>. Estos \u00faltimos, claro, no piensan abandonar. Su due\u00f1o, Sylvan Adams, <b>calific\u00f3 de \u00abterroristas\u00bb a las personas que se manifestaron en el Pa\u00eds Vasco<\/b>. Adams, adem\u00e1s, defensor de la actuaci\u00f3n israel\u00ed en Gaza, <b>recibi\u00f3 el apoyo de Netanyahu<\/b>.<\/p>\n<p>Este martes, La Vuelta retoma tras su actividad despu\u00e9s de un lunes de descanso. De nuevo, <b>se esperan nuevas protestas en Galicia<\/b>, donde hace unos d\u00edas fueron detenidas diez personas, ya en libertad.\u00a0<\/p>\n","protected":false},"excerpt":{"rendered":"El ciclista dan\u00e9s Jonas Vingegaard, actual l\u00edder de La Vuelta ciclista a Espa\u00f1a, se mostr\u00f3 este domingo comprensivo&hellip;\n","protected":false},"author":2,"featured_media":103329,"comment_status":"","ping_status":"","sticky":false,"template":"","format":"standard","meta":{"footnotes":""},"categories":[273],"tags":[313,312,168,25,24,694,74,23,167],"class_list":{"0":"post-103328","1":"post","2":"type-post","3":"status-publish","4":"format-standard","5":"has-post-thumbnail","7":"category-ciclismo","8":"tag-ciclismo","9":"tag-cycling","10":"tag-deportes","11":"tag-es","12":"tag-espana","13":"tag-gaza","14":"tag-israel","15":"tag-spain","16":"tag-sports"},"share_on_mastodon":{"url":"","error":""},"_links":{"self":[{"href":"https:\/\/www.europesays.com\/es\/wp-json\/wp\/v2\/posts\/103328","targetHints":{"allow":["GET"]}}],"collection":[{"href":"https:\/\/www.europesays.com\/es\/wp-json\/wp\/v2\/posts"}],"about":[{"href":"https:\/\/www.europesays.com\/es\/wp-json\/wp\/v2\/types\/post"}],"author":[{"embeddable":true,"href":"https:\/\/www.europesays.com\/es\/wp-json\/wp\/v2\/users\/2"}],"replies":[{"embeddable":true,"href":"https:\/\/www.europesays.com\/es\/wp-json\/wp\/v2\/comments?post=103328"}],"version-history":[{"count":0,"href":"https:\/\/www.europesays.com\/es\/wp-json\/wp\/v2\/posts\/103328\/revisions"}],"wp:featuredmedia":[{"embeddable":true,"href":"https:\/\/www.europesays.com\/es\/wp-json\/wp\/v2\/media\/103329"}],"wp:attachment":[{"href":"https:\/\/www.europesays.com\/es\/wp-json\/wp\/v2\/media?parent=103328"}],"wp:term":[{"taxonomy":"category","embeddable":true,"href":"https:\/\/www.europesays.com\/es\/wp-json\/wp\/v2\/categories?post=103328"},{"taxonomy":"post_tag","embeddable":true,"href":"https:\/\/www.europesays.com\/es\/wp-json\/wp\/v2\/tags?post=103328"}],"curies":[{"name":"wp","href":"https:\/\/api.w.org\/{rel}","templated":true}]}}