{"id":103332,"date":"2025-09-09T12:28:18","date_gmt":"2025-09-09T12:28:18","guid":{"rendered":"https:\/\/www.europesays.com\/es\/103332\/"},"modified":"2025-09-09T12:28:18","modified_gmt":"2025-09-09T12:28:18","slug":"unos-cuartos-de-final-del-eurobasket-con-claros-tintes-amarillos","status":"publish","type":"post","link":"https:\/\/www.europesays.com\/es\/103332\/","title":{"rendered":"Unos cuartos de final del Eurobasket con claros tintes amarillos"},"content":{"rendered":"<p class=\"ft-text ft-helper-closenews\">La selecci\u00f3n espa\u00f1ola no est\u00e1 presente en los cuartos de final del Eurobasket, pero una peque\u00f1a parte del coraz\u00f3n de los aficionados del <a class=\"ft-link ft-link--decoration\" href=\"https:\/\/www.laprovincia.es\/cb-gran-canaria\/\" rel=\"nofollow noopener\" target=\"_blank\"><strong>Dreamland Gran Canaria<\/strong><\/a> s\u00ed que estar\u00e1 presente en los decisivos cruces continentales.<strong> Cuatro de los ocho equipos que se jugar\u00e1n el acceso a las semifinales cuentan con un jugador con pasado claretiano<\/strong>. Sus nombres: Beqa Burjanadze (Georgia), Alen Omic (Eslovenia), Sasu Salin (Finlandia) y <a class=\"ft-link ft-link--decoration\" href=\"https:\/\/www.laprovincia.es\/tags\/olek-balcerowksi\/\" rel=\"nofollow noopener\" target=\"_blank\">Olek Balcerowski<\/a> (Polonia).<\/p>\n<p class=\"ft-text\">El<strong> encuentro que inaugura ma\u00f1ana<\/strong> los <strong>cuartos de final<\/strong> (14.00 horas), sobre la pista del Arena Riga de Letonia, citar\u00e1 a uno de los cuatro examarillos en un duelo protagonizado por<strong> Turqu\u00eda y Polonia<\/strong>.<\/p>\n<p class=\"ft-text\">En el cuadro polaco se encuentra uno de los canteranos m\u00e1s queridos por la afici\u00f3n claretiana, <strong>Olek Balcerowski<\/strong>. Criado en la marmita de la f\u00e1brica de talentos de la Vega de San Jos\u00e9, Olegario, disput\u00f3 seis temporadas con el primer equipo del Granca, en los que conquist\u00f3 una Eurocup, la \u00fanica en la historia de la entidad isle\u00f1a, formando tandem con su amigo <a class=\"ft-link ft-link--decoration\" href=\"https:\/\/www.laprovincia.es\/tags\/khalifa-diop\/\" rel=\"nofollow noopener\" target=\"_blank\">Khalifa Diop<\/a>. Desde su salida de la Isla, aunque su protagonismo en la cancha ha disminuido, no ha parado de coleccionar trofeos europeos, levantando la <a class=\"ft-link ft-link--decoration\" href=\"https:\/\/www.laprovincia.es\/tags\/baloncesto\/\" rel=\"nofollow noopener\" target=\"_blank\">Euroliga<\/a> con el Panathinaikos y la Basketball <a class=\"ft-link ft-link--decoration\" href=\"https:\/\/www.laprovincia.es\/tags\/futbol\/\" rel=\"nofollow noopener\" target=\"_blank\">Champions League<\/a> el a\u00f1o pasado con su nuevo equipo, el Unicaja.<\/p>\n<p class=\"ft-text\">En el Eurobasket, con su selecci\u00f3n, est\u00e1 promediando cerca de 22 minutos en cancha, en los que ha firmado una valoraci\u00f3n media de 8,7 cr\u00e9ditos, aportando unos guarismos por choque de 7,8 puntos y cinco rebotes.<\/p>\n<p class=\"ft-text\">Enfrente tendr\u00e1n a la temible <strong>Turqu\u00eda de Ergin Ataman<\/strong>, que cuenta con los talentosos Alperen Sengun, Shane Larkin, Cedi Osman o Ercan Osmani como principales peligros en una primera eliminatoria con un claro favoritismo para los otomanos.<\/p>\n<p class=\"ft-text\">En el <strong>segundo duelo de cuartos<\/strong> que se disputa ma\u00f1ana sobre el mismo escenario (19.00 horas), no habr\u00e1 ning\u00fan jugador con pasado claretiano. <strong>Lituania y Grecia <\/strong>se miden en un aut\u00e9ntico choque de trenes en una eliminatoria a priori igualada y en la que cualquier resultado es posible.<\/p>\n<p>Duelo fratricida<\/p>\n<p class=\"ft-text\">Habr\u00e1 que esperar al mi\u00e9rcoles (14.00 horas). para disfrutar del <strong>tercer choque<\/strong> de cuartos en territorio let\u00f3n, en un encuentro fratricida entre dos ex del Granca y que adem\u00e1s protagonizan las dos selecciones sorpresa del torneo. Por un lado <strong>Finlandia<\/strong>, que elimin\u00f3 en cuartos a la todopoderosa Serbia de Jokic y por el otro lado,<strong> Georgia<\/strong> que hac\u00eda lo propio con la potente Francia, que en esta ocasi\u00f3n liberaba al capit\u00e1n amarillo, <a class=\"ft-link ft-link--decoration\" href=\"https:\/\/www.laprovincia.es\/tags\/andrew-albicy\/\" rel=\"nofollow noopener\" target=\"_blank\"><strong>Andrew Albicy<\/strong><\/a>, de su servicio a la patria.<\/p>\n<p class=\"ft-text\">En el bando fin\u00e9s, destaca la presencia de un ex tanto del Granca como del Tenerife, el risue\u00f1o <strong>Sasu Salin<\/strong> que luci\u00f3 la el\u00e1stica amarilla de los grancanarios en tres cursos (2014-2017), siendo uno de los art\u00edfices del primer t\u00edtulo conquistado por el club en 2016, la Supercopa de Espa\u00f1a.<\/p>\n<p class=\"ft-text\">En una Finlandia marcada por el liderazgo de <strong> Lauri Markkanen<\/strong>, el jugador que esta temporada militar\u00e1 en el Estudiantes, promedia casi 22 minutos por partido, en los que cuenta con una media de 11,2 cr\u00e9ditos de valoraci\u00f3n, aportando unos promedios por duelo de 8,3 puntos, 3 rebotes y 3 asistencias.<\/p>\n<p class=\"ft-text\">Enfrente estar\u00e1 otro jugador con pasado claretiano,<strong> Beqa Burjanadze<\/strong> que vivi\u00f3 dos temporadas complicadas en la Isla, en las que sufri\u00f3 la falta de confianza de Porfi Fisac y que a punto estuvo de costarle su carrera profesional (2019-2021), hasta que encontr\u00f3 una segunda oportunidad para renacer en el Leyma Coru\u00f1a.<\/p>\n<p class=\"ft-text\">Con Georgia promedia algo m\u00e1s de 17 minutos por partido, en los que ha firmado 4,5 cr\u00e9ditos de valoraci\u00f3n, con 4,7 puntos y 3 capturas por choque.<\/p>\n<p class=\"ft-text\">La eliminatoria est\u00e1 abierta y ambas selecciones han demostrado con creces que no se las debe de minusvalorar.<\/p>\n<p class=\"ft-text\">El \u00faltimo cruce de cuartos (mi\u00e9rcoles, a las 19.00 horas) empareja al coco de la competici\u00f3n, <strong>Luka Doncic y su Eslovenia<\/strong> con la <strong>campeona del mundo<\/strong>, <strong>Alemania<\/strong>, que no contar\u00e1 en lo que queda de campeonato con su seleccionador, el espa\u00f1ol<strong> Alex Mumbr\u00fa<\/strong>, que ha tenido que abandonar la concentraci\u00f3n aquejado de problemas de salud.<\/p>\n<p class=\"ft-text\">En el cuadro balc\u00e1nico se encuentra <strong>Alen Omic<\/strong>. El Velociraptor milit\u00f3 una temporada con el Granca, la 15-16, aunque le bast\u00f3 para conectar con la grada por su energ\u00eda. En la selecci\u00f3n eslovena promedia m\u00e1s de 22 minutos en los que cuenta con un 7,3 de valoraci\u00f3n, aportando 13,8 puntos, 8,3 rebotes y 1,3 asistencias por duelo.<\/p>\n<p class=\"ft-text\">\u00bfPodr\u00e1 Doncic domar a la campeona del mundo?. La respuesta, el mi\u00e9rcoles.<\/p>\n<p data-close=\"closedContent\" class=\"subscribeHideForDisplay\">Suscr\u00edbete para seguir leyendo<\/p>\n","protected":false},"excerpt":{"rendered":"La selecci\u00f3n espa\u00f1ola no est\u00e1 presente en los cuartos de final del Eurobasket, pero una peque\u00f1a parte del&hellip;\n","protected":false},"author":2,"featured_media":103333,"comment_status":"","ping_status":"","sticky":false,"template":"","format":"standard","meta":{"footnotes":""},"categories":[269],"tags":[299,298,2425,23451,8039,11059,168,25,24,301,1058,8741,11560,3643,23,167,36176,8584],"class_list":{"0":"post-103332","1":"post","2":"type-post","3":"status-publish","4":"format-standard","5":"has-post-thumbnail","7":"category-baloncesto","8":"tag-baloncesto","9":"tag-basketball","10":"tag-cb-gran-canaria","11":"tag-claros","12":"tag-creditos","13":"tag-cuartos","14":"tag-deportes","15":"tag-es","16":"tag-espana","17":"tag-eurobasket","18":"tag-final","19":"tag-finlandia","20":"tag-georgia","21":"tag-isla","22":"tag-spain","23":"tag-sports","24":"tag-tintes","25":"tag-turquia"},"share_on_mastodon":{"url":"","error":""},"_links":{"self":[{"href":"https:\/\/www.europesays.com\/es\/wp-json\/wp\/v2\/posts\/103332","targetHints":{"allow":["GET"]}}],"collection":[{"href":"https:\/\/www.europesays.com\/es\/wp-json\/wp\/v2\/posts"}],"about":[{"href":"https:\/\/www.europesays.com\/es\/wp-json\/wp\/v2\/types\/post"}],"author":[{"embeddable":true,"href":"https:\/\/www.europesays.com\/es\/wp-json\/wp\/v2\/users\/2"}],"replies":[{"embeddable":true,"href":"https:\/\/www.europesays.com\/es\/wp-json\/wp\/v2\/comments?post=103332"}],"version-history":[{"count":0,"href":"https:\/\/www.europesays.com\/es\/wp-json\/wp\/v2\/posts\/103332\/revisions"}],"wp:featuredmedia":[{"embeddable":true,"href":"https:\/\/www.europesays.com\/es\/wp-json\/wp\/v2\/media\/103333"}],"wp:attachment":[{"href":"https:\/\/www.europesays.com\/es\/wp-json\/wp\/v2\/media?parent=103332"}],"wp:term":[{"taxonomy":"category","embeddable":true,"href":"https:\/\/www.europesays.com\/es\/wp-json\/wp\/v2\/categories?post=103332"},{"taxonomy":"post_tag","embeddable":true,"href":"https:\/\/www.europesays.com\/es\/wp-json\/wp\/v2\/tags?post=103332"}],"curies":[{"name":"wp","href":"https:\/\/api.w.org\/{rel}","templated":true}]}}