{"id":103334,"date":"2025-09-09T12:29:09","date_gmt":"2025-09-09T12:29:09","guid":{"rendered":"https:\/\/www.europesays.com\/es\/103334\/"},"modified":"2025-09-09T12:29:09","modified_gmt":"2025-09-09T12:29:09","slug":"no-es-la-primera-vez-que-he-hablado-con-el-club","status":"publish","type":"post","link":"https:\/\/www.europesays.com\/es\/103334\/","title":{"rendered":"No es la primera vez que he hablado con el club"},"content":{"rendered":"<p class=\"ft-text\"><strong>C\u00e9sar Azpilicueta<\/strong>, vestido de forma impecable en<a class=\"ft-link ft-link--decoration\" href=\"https:\/\/www.sport.es\/es\/noticias\/sevilla\/azpilicueta-dispuesto-jugar-posicion-defensa-121367184\" rel=\"nofollow noopener\" target=\"_blank\"> su presentaci\u00f3n como nuevo jugador del Sevilla F\u00fatbol Club<\/a>. Como no pod\u00eda ser de otra forma. Un futbolista que a sus 36 a\u00f1os da sus \u00faltimos coletazos para cerrar de la mejor manera una carrera envidiable: <strong>Osasuna, Olympique de Marsella, Chelsea, Atl\u00e9tico de Madrid&#8230; y ahora el S\u00e1nchez Pizju\u00e1n<\/strong>. \u00abEs un grupo humano con mucha ilusi\u00f3n y la afici\u00f3n me ha recibido con brazos abiertos y ojal\u00e1 que podamos disfrutar juntos esta temporada\u00bb, dijo en su presentaci\u00f3n este lunes.<\/p>\n<p class=\"ft-text\">Azpilicueta, que ha firmado un contrato por esta temporada m\u00e1s otra opcional, indic\u00f3 que \u00abquer\u00eda tener este verano\u00bb para \u00abdisfrutar\u00bb con su familia, despu\u00e9s de que hubiese competido con el Atl\u00e9tico de Madrid \u00abhasta el 23 de junio en el Mundial de clubes\u00bb, y que se decant\u00f3 por el proyecto del Sevilla porque<strong> \u00abel entrenador (Mat\u00edas Almeyda) y el club transmiten ilusi\u00f3n<\/strong>\u00ab.<\/p>\n<p class=\"ft-text\">Sin embargo, <strong>la del Sevilla no fue la \u00fanica opci\u00f3n <\/strong>que tuvo el internacional espa\u00f1ol para seguir en LaLiga. Una de las m\u00e1s sonadas fue <strong>el rumor de su regreso a Osasuna<\/strong>, la que fuera su casa durante su formaci\u00f3n en Tajonar pasando por sus tres temporadas completas con el primer equipo hasta <strong>su marcha en verano de 2010 por 6 millones de euros rumbo a Marsella<\/strong>. Nacido en Zizur, un municipio de Navarra, siempre se ha confiado en que C\u00e9sar Azpilicueta podr\u00eda acabar volviendo al Sadar al final de su carrera.<\/p>\n<p class=\"ft-text\">Pero esta opci\u00f3n parece cada vez m\u00e1s remota. Preguntado sobre esta posibilidad, <strong>el propio Azpilicueta se encarg\u00f3 de aclarar el tema y de explicar exactamente cu\u00e1les fueron los contactos con Osasuna<\/strong>: \u00abFue una conversaci\u00f3n. No es la primera vez que he hablado con el club, soy de all\u00ed y hemos tenido conversaciones. En la prensa salen cosas, pero nada m\u00e1s. Deportivamente no encajaba y sin ning\u00fan problema\u00bb, reconoci\u00f3.<\/p>\n<p class=\"ft-text\">Hablando de su nueva aventura en Sevilla, apunt\u00f3 que \u00ab<strong>me dijeron que me necesitaban en este proyecto, siendo una parte importante en el campo y fuera de \u00e9l, aportando la experiencia de muchos a\u00f1os en la \u00e9lite<\/strong>. Creo que puedo aportar tanto ayudando a ganar partidos como a los compa\u00f1eros a ser mejores. La idea es que cuando yo salga de aqu\u00ed, la situaci\u00f3n sea mejor que la de ahora\u00bb, recalc\u00f3 el navarro.<\/p>\n","protected":false},"excerpt":{"rendered":"C\u00e9sar Azpilicueta, vestido de forma impecable en su presentaci\u00f3n como nuevo jugador del Sevilla F\u00fatbol Club. Como no&hellip;\n","protected":false},"author":2,"featured_media":103335,"comment_status":"","ping_status":"","sticky":false,"template":"","format":"standard","meta":{"footnotes":""},"categories":[268],"tags":[30646,168,25,24,280,282,621,1171,281,23,167],"class_list":{"0":"post-103334","1":"post","2":"type-post","3":"status-publish","4":"format-standard","5":"has-post-thumbnail","7":"category-futbol","8":"tag-azpilicueta","9":"tag-deportes","10":"tag-es","11":"tag-espana","12":"tag-football","13":"tag-futbol","14":"tag-osasuna","15":"tag-sevilla","16":"tag-soccer","17":"tag-spain","18":"tag-sports"},"share_on_mastodon":{"url":"","error":""},"_links":{"self":[{"href":"https:\/\/www.europesays.com\/es\/wp-json\/wp\/v2\/posts\/103334","targetHints":{"allow":["GET"]}}],"collection":[{"href":"https:\/\/www.europesays.com\/es\/wp-json\/wp\/v2\/posts"}],"about":[{"href":"https:\/\/www.europesays.com\/es\/wp-json\/wp\/v2\/types\/post"}],"author":[{"embeddable":true,"href":"https:\/\/www.europesays.com\/es\/wp-json\/wp\/v2\/users\/2"}],"replies":[{"embeddable":true,"href":"https:\/\/www.europesays.com\/es\/wp-json\/wp\/v2\/comments?post=103334"}],"version-history":[{"count":0,"href":"https:\/\/www.europesays.com\/es\/wp-json\/wp\/v2\/posts\/103334\/revisions"}],"wp:featuredmedia":[{"embeddable":true,"href":"https:\/\/www.europesays.com\/es\/wp-json\/wp\/v2\/media\/103335"}],"wp:attachment":[{"href":"https:\/\/www.europesays.com\/es\/wp-json\/wp\/v2\/media?parent=103334"}],"wp:term":[{"taxonomy":"category","embeddable":true,"href":"https:\/\/www.europesays.com\/es\/wp-json\/wp\/v2\/categories?post=103334"},{"taxonomy":"post_tag","embeddable":true,"href":"https:\/\/www.europesays.com\/es\/wp-json\/wp\/v2\/tags?post=103334"}],"curies":[{"name":"wp","href":"https:\/\/api.w.org\/{rel}","templated":true}]}}