{"id":103351,"date":"2025-09-09T12:43:17","date_gmt":"2025-09-09T12:43:17","guid":{"rendered":"https:\/\/www.europesays.com\/es\/103351\/"},"modified":"2025-09-09T12:43:17","modified_gmt":"2025-09-09T12:43:17","slug":"el-alcalde-recibe-a-ayuso-en-el-centro-integrado-de-formacion-profesional-simone-ortega-de-mostoles-para-dar-inicio-al-curso-escolar-2025-2026","status":"publish","type":"post","link":"https:\/\/www.europesays.com\/es\/103351\/","title":{"rendered":"El alcalde recibe a Ayuso en el Centro Integrado de Formaci\u00f3n Profesional Simone Ortega de M\u00f3stoles, para dar inicio al curso escolar 2025-2026"},"content":{"rendered":"<ul>\n<li class=\" cmAlignjustify\"><strong>El alcalde de M\u00f3stoles, Manuel Bautista, ha recibido a la presidenta de la Comunidad de Madrid, Isabel D\u00edaz Ayuso, para dar comienzo al inicio del curso escolar 2025-2026 en el Centro Integrado de Formaci\u00f3n Profesional Simone Ortega de M\u00f3stoles. <\/strong><\/li>\n<\/ul>\n<p class=\"cmParagraph cmAlignjustify\"><img loading=\"lazy\" decoding=\"async\" src=\"https:\/\/www.europesays.com\/es\/wp-content\/uploads\/2025\/09\/1386792-destacada El alcalde recibe a Ayuso en el Centro Integrado de Formaci\u00f3n Profesional Simone O.jpeg\" width=\"400\" height=\"225\" alt=\"destacada El alcalde recibe a Ayuso en el Centro Integrado de Formaci\u00f3n Profesional Simone Ortega de M\u00f3stoles (3) copia\"\/>El Centro Integrado de Formaci\u00f3n Profesional (CIFP) Escuela de Hosteler\u00eda y Turismo Simone Ortega ha acogido hoy la visita del alcalde de M\u00f3stoles, Manuel Bautista, acompa\u00f1ado por la Presidenta de la Comunidad de Madrid, Isabel D\u00edaz Ayuso, para dar comienzo al inicio del curso escolar 2025-2026. <\/p>\n<p class=\"cmParagraph cmAlignjustify\">Este acto ha contado tambi\u00e9n con la presencia del consejero de Educaci\u00f3n, Ciencia y Universidades, Emilio Viciana; Francisco Garc\u00eda; del viceconsejero de Pol\u00edtica y Organizaci\u00f3n Educativa, Jos\u00e9 Carlos Fern\u00e1ndez; de la directora general de Educaci\u00f3n Secundaria, Formaci\u00f3n Profesional y R\u00e9gimen Especial, M\u00aa Luz Rodr\u00edguez de Llera; del director del \u00c1rea Territorial Sur, Enrique Guti\u00e9rrez; de la concejal de Educaci\u00f3n y de la concejal de Educaci\u00f3n y Festejos, Cristina Molina, y del director del CIFP Simone Ortega, Francisco Garc\u00eda, junto a personal del centro. <\/p>\n<p class=\"cmParagraph cmAlignjustify\">All\u00ed, han realizado un recorrido por las instalaciones del centro educativo visitando el \u00e1rea de servicio de comida para llevar \u00abSimone&amp;Go\u00bb, y las aulas de Gu\u00edas de Turismo, de alojamiento y lavander\u00eda, de Emprendimiento y Barista y al aula de Tecnolog\u00eda Aplicada (ATECA), a las que asisten alumnos de 2\u00ba curso de grado superior. Tambi\u00e9n, han visitado el aula restaurante Cafeter\u00eda Sweet, con alumnos de 2\u00ba grado b\u00e1sico de FP; el aula Cocina y Restaurante Manuela Malasa\u00f1a; el aula Obrador y el aula de cocina Andr\u00e9s Torrej\u00f3n, de grado medio. <\/p>\n<p class=\"cmParagraph cmAlignjustify\">El alcalde de M\u00f3stoles ha agradecido a la presidenta de la Comunidad de Madrid \u00absu presencia en M\u00f3stoles, su compromiso con la excelencia educativa y su apuesta por impulsar la Formaci\u00f3n profesional, que permite tender puentes entre la ense\u00f1anza y el empleo, alineando la educaci\u00f3n con las necesidades reales del tejido empresarial\u00bb.               <\/p>\n<p class=\"cmParagraph cmAlignjustify\">\u00abLa Formaci\u00f3n Profesional en M\u00f3stoles est\u00e1 avalada por grandes profesionales que transmiten sus valores y sus conocimientos para que los alumnos tengan unas posibilidades de formaci\u00f3n al m\u00e1s alto nivel. Nuestros centros siguen la m\u00e1xima de que no s\u00f3lo se forma en conocimiento, se ofrecen t\u00edtulos homologados, t\u00edtulos formativos o Certificados de Profesionalidad, sino que formamos personas, forjando un car\u00e1cter y una formaci\u00f3n integral del individuo basada en la cultura del esfuerzo y en el esp\u00edritu de superaci\u00f3n\u00bb, manifest\u00f3 el primer edil. <\/p>\n<p class=\"cmParagraph cmAlignjustify\">\u00abLa educaci\u00f3n en M\u00f3stoles es un eje fundamental. Las cifras avalan el compromiso de este Gobierno municipal al contemplar en los presupuestos municipales destinar 12 millones de euros, un 111% m\u00e1s en esta legislatura que en la anterior, en 48 centros educativos, escuelas infantiles y casas de ni\u00f1os, hasta el final del mandato, destinando 3 millones de euros por cada a\u00f1o, hasta 2027\u00bb, destac\u00f3.<\/p>\n<p class=\"cmParagraph cmAlignjustify\"><strong>Formaci\u00f3n Profesional en M\u00f3stoles<\/strong> <\/p>\n<p class=\"cmParagraph cmAlignjustify\">M\u00f3stoles cuenta con 5 centros p\u00fablicos que imparten Formaci\u00f3n profesional como son C.E.F.P. Benjam\u00edn R\u00faa, Felipe Trigo, El Ca\u00f1averal, Luis Bu\u00f1uel, la Escuela de Hosteler\u00eda y Turismo Simone Ortega y dos concertados: CFPE La Milagrosa y HM hospitales. En total, suma una oferta de 125 ciclos formativos con 6960 puestos escolares y 5780 alumnos matriculados, seg\u00fan los \u00faltimos datos a d\u00eda 8 de septiembre (sin haber acabado el proceso que finaliza el 11 de septiembre), repartidos en los tres niveles de FP. As\u00ed, Grado B\u00e1sico cuenta con 21 ciclos formativos; en Grado Medio hay 50 ciclos formativos y en Grado superior, 54 ciclos formativos. <\/p>\n<p class=\"cmParagraph cmAlignjustify\"><strong>CIFP Escuela de Hosteler\u00eda y Turismo Simone Ortega<\/strong> <\/p>\n<p class=\"cmParagraph cmAlignjustify\">El Centro Integrado de Formaci\u00f3n Profesional Simone Ortega de M\u00f3stoles se inaugur\u00f3 durante el curso 2008-2009, con 80 alumnos. Actualmente, imparte 15 ciclos formativos y tiene 611 alumnos matriculados, con una previsi\u00f3n de llegar a 750-800 alumnos. En \u00e9l, se imparten grados de Formaci\u00f3n de Hosteler\u00eda y Turismo e Industrias alimentarias en Grado B\u00e1sico, Medio y Superior, en turnos de ma\u00f1ana y tarde, adem\u00e1s de cursos de empleo para la obtenci\u00f3n de Certificados de Profesionalidad. <\/p>\n<p class=\"cmParagraph cmAlignjustify\">De estos Grados de Formaci\u00f3n Profesional casi la mitad se imparten en modalidad Dual Intensiva, con 10 meses de pr\u00e1cticas en empresa. El porcentaje de inserci\u00f3n laboral de los alumnos al finalizan los estudios ronda el 80%. <\/p>\n<p class=\"cmParagraph cmAlignjustify\">La Escuela de Hosteler\u00eda y Turismo Simone Ortega cuenta con una bolsa de empresas para que los alumnos puedan realizar en ellas sus pr\u00e1cticas y colabora activamente con instituciones y organismos del sector.<\/p>\n","protected":false},"excerpt":{"rendered":"El alcalde de M\u00f3stoles, Manuel Bautista, ha recibido a la presidenta de la Comunidad de Madrid, Isabel D\u00edaz&hellip;\n","protected":false},"author":2,"featured_media":103352,"comment_status":"","ping_status":"","sticky":false,"template":"","format":"standard","meta":{"footnotes":""},"categories":[5],"tags":[1201,6853,1250,17,18,6854,777,2800,5509,25,24,13,14,11,6852,1928,6850,19,20,6849,9,10,15,16,4111,6851,23,12,21,22,6855],"class_list":{"0":"post-103351","1":"post","2":"type-post","3":"status-publish","4":"format-standard","5":"has-post-thumbnail","7":"category-titulares","8":"tag-alcalde","9":"tag-atencioacuten-ciudadana","10":"tag-ayuntamiento","11":"tag-breaking-news","12":"tag-breakingnews","13":"tag-callejero","14":"tag-ciudad","15":"tag-distritos","16":"tag-empleo","17":"tag-es","18":"tag-espana","19":"tag-featured-news","20":"tag-featurednews","21":"tag-headlines","22":"tag-inversioacuten","23":"tag-joven","24":"tag-juventud","25":"tag-latest-news","26":"tag-latestnews","27":"tag-moacutestoles","28":"tag-news","29":"tag-noticias","30":"tag-noticias-destacadas","31":"tag-noticiasdestacadas","32":"tag-presupuestos","33":"tag-sede-electroacutenica","34":"tag-spain","35":"tag-titulares","36":"tag-ultimas-noticias","37":"tag-ultimasnoticias","38":"tag-webs-municipales"},"share_on_mastodon":{"url":"","error":""},"_links":{"self":[{"href":"https:\/\/www.europesays.com\/es\/wp-json\/wp\/v2\/posts\/103351","targetHints":{"allow":["GET"]}}],"collection":[{"href":"https:\/\/www.europesays.com\/es\/wp-json\/wp\/v2\/posts"}],"about":[{"href":"https:\/\/www.europesays.com\/es\/wp-json\/wp\/v2\/types\/post"}],"author":[{"embeddable":true,"href":"https:\/\/www.europesays.com\/es\/wp-json\/wp\/v2\/users\/2"}],"replies":[{"embeddable":true,"href":"https:\/\/www.europesays.com\/es\/wp-json\/wp\/v2\/comments?post=103351"}],"version-history":[{"count":0,"href":"https:\/\/www.europesays.com\/es\/wp-json\/wp\/v2\/posts\/103351\/revisions"}],"wp:featuredmedia":[{"embeddable":true,"href":"https:\/\/www.europesays.com\/es\/wp-json\/wp\/v2\/media\/103352"}],"wp:attachment":[{"href":"https:\/\/www.europesays.com\/es\/wp-json\/wp\/v2\/media?parent=103351"}],"wp:term":[{"taxonomy":"category","embeddable":true,"href":"https:\/\/www.europesays.com\/es\/wp-json\/wp\/v2\/categories?post=103351"},{"taxonomy":"post_tag","embeddable":true,"href":"https:\/\/www.europesays.com\/es\/wp-json\/wp\/v2\/tags?post=103351"}],"curies":[{"name":"wp","href":"https:\/\/api.w.org\/{rel}","templated":true}]}}