{"id":103359,"date":"2025-09-09T12:49:11","date_gmt":"2025-09-09T12:49:11","guid":{"rendered":"https:\/\/www.europesays.com\/es\/103359\/"},"modified":"2025-09-09T12:49:11","modified_gmt":"2025-09-09T12:49:11","slug":"el-disgusto-de-javi-romo-tras-la-caida-provocada-por-un-manifestante-no-estoy-bien-de-animo-ni-fisicamente","status":"publish","type":"post","link":"https:\/\/www.europesays.com\/es\/103359\/","title":{"rendered":"El disgusto de Javi Romo tras la ca\u00edda provocada por un manifestante: \u00abNo estoy bien de \u00e1nimo ni f\u00edsicamente\u00bb"},"content":{"rendered":"<p><a class=\"v-mdl-ath__fig-a\" href=\"https:\/\/www.elcorreo.com\/autor\/ivan-benito-4702.html\" title=\"Iv\u00e1n Benito\" rel=\"nofollow noopener\" target=\"_blank\"><br \/>\n<img decoding=\"async\" class=\"v-mdl-ath__img\" src=\"https:\/\/www.europesays.com\/es\/wp-content\/uploads\/2025\/09\/autor-4702-foto-1.jpeg\" alt=\"Iv\u00e1n Benito\"\/><br \/>\n<\/a><\/p>\n<p class=\"v-mdl-ath__p v-mdl-ath__p--6\">\nMartes, 9 de septiembre 2025, 13:56<\/p>\n<p>| Actualizado 14:24h.<\/p>\n<p class=\"v-p\">El estado de \u00e1nimo de Javi Romo queda perfectamente plasmado cuando no se siente con ganas siquiera de decir &#8216;bien&#8217; a la pregunta de rigor de &#8216;\u00bfqu\u00e9 tal est\u00e1s?&#8217;. \u00abMal\u00bb, responde. \u00abNo muy bien\u00bb, prosigue con el tono bajo. \u00abHe pasado dos d\u00edas tanto f\u00edsica como psicol\u00f3gicamente mal. \u00abNo estoy bien de \u00e1nimo ni f\u00edsicamente tampoco\u00bb, refleja, taciturno, tras lo ocurrido el domingo.<\/p>\n<p><a href=\"http:\/\/www.elcorreo.com\/deportes\/ciclismo\/vuelta-espana\/manifestante-propalestino-provoca-caida-vuelta-javi-romo-recrimina-20250907162009-nt.html#vtm_modulosEngag=mod-rel:deportes:noticia:1:cmp:1-not\" class=\"v-a-link\" aria-label=\"Imagen\" rel=\"nofollow noopener\" target=\"_blank\"><\/p>\n<p><img decoding=\"async\" loading=\"lazy\" src=\"https:\/\/www.europesays.com\/es\/wp-content\/uploads\/2025\/09\/caida-incidente.jpg\" class=\"v-a-img\" width=\"258\" height=\"180\" alt=\"\" data-voc-vtm-id=\"in-text-traffic\"\/><\/p>\n<p><\/a><\/p>\n<p class=\"v-p\">Un manifestante propalestino logr\u00f3 esquivar el amplio cord\u00f3n policial, se agazap\u00f3 entre los \u00e1rboles y trat\u00f3 de saltar a la calzada al paso del pelot\u00f3n de escapados. Pero se tropez\u00f3 en la acequia y cay\u00f3 en la orilla del asfalto, sobresaltando igual a los ciclistas, que vieron c\u00f3mo un polic\u00eda se cruzaba por delante para intentar detenerlo. El incidente despist\u00f3 a los corredores y provoc\u00f3 que el toledano del Movistar se cayera al suelo sobre su lado derecho y un ciclista del Soudal con \u00e9l. Tambi\u00e9n su reacci\u00f3n furiosa, por la que trat\u00f3 de salir corriendo tambi\u00e9n para detener al protestante y recriminarle su acci\u00f3n.<\/p>\n<p class=\"v-p\"> \u00abEs la reacci\u00f3n com\u00fan de una persona a la que tiran a 50 kil\u00f3metros hora. So pod\u00eda haber provocado una tragedia mucho mayor\u00bb, valora. Su equipo le fren\u00f3, le calm\u00f3 y le apoy\u00f3 para que volviera a subirse a la bici y acabara la etapa en Monforte de Lemos. \u00abCog\u00ed la segunda bici y me fui a hacer mi trabajo. En el momento terminas porque los golpes en caliente no duelen tanto\u00bb. Pero ya en el hotel y en la jornada de descanso del lunes en Vigo, al extriatleta, que pas\u00f3 un tiempo en el Pa\u00eds Vasco en su etapa en el Baqu\u00e9, le escoc\u00eda todo. \u00abAyer pens\u00e9 en retirarme, pero voy a intentar ayudar al equipo, que lo merecen\u00bb, ha reflejado en los micr\u00f3fonos de Eurosport antes de la salida de la 16\u00aa etapa de La Vuelta.<\/p>\n<p class=\"v-p\">La afronta sin \u00e1nimo. Apenado. Siente que la ca\u00edda provocada por un agente extradeportivo ha arruinado las opciones de una victoria que ve\u00eda cerca tras su segundo puesto en Los Corrales de Buelna. \u00abLa etapa de hoy era la que m\u00e1s ilusi\u00f3n me hac\u00eda, la que mejor se adapta como corredor, pero en principio no estoy en condiciones de estar delante\u00bb, lamenta al ver que el sue\u00f1o de toda una vida tendr\u00e1 que esperar dentro de la angustia general que provoca terminar La Vuelta.<\/p>\n<p class=\"v-p\">\u00abEstamos haciendo un espect\u00e1culo deportivo y es lo que se deber\u00eda mostrar. Somos corredores que entrenamos todos los d\u00edas, llevamos una vida espartana y somos un ejemplo para los j\u00f3venes y est\u00e1n consiguiendo que se muestre otra cosa y no lo que estamos haciendo\u00bb, ha opinado sobre las protestas no pac\u00edficas que est\u00e1n dificultando el desarrollo de la carrera.<\/p>\n<p>Comenta<\/p>\n<p>Reporta un error<\/p>\n","protected":false},"excerpt":{"rendered":"Martes, 9 de septiembre 2025, 13:56 | Actualizado 14:24h. El estado de \u00e1nimo de Javi Romo queda perfectamente&hellip;\n","protected":false},"author":2,"featured_media":103360,"comment_status":"","ping_status":"","sticky":false,"template":"","format":"standard","meta":{"footnotes":""},"categories":[273],"tags":[15269,14649,4357,313,312,168,25,24,35950,11191,35509,36183,34098,23,167,575],"class_list":{"0":"post-103359","1":"post","2":"type-post","3":"status-publish","4":"format-standard","5":"has-post-thumbnail","7":"category-ciclismo","8":"tag-animo","9":"tag-bien","10":"tag-caida","11":"tag-ciclismo","12":"tag-cycling","13":"tag-deportes","14":"tag-es","15":"tag-espana","16":"tag-fisicamente","17":"tag-javi","18":"tag-manifestante","19":"tag-provocada","20":"tag-romo","21":"tag-spain","22":"tag-sports","23":"tag-tras"},"share_on_mastodon":{"url":"","error":""},"_links":{"self":[{"href":"https:\/\/www.europesays.com\/es\/wp-json\/wp\/v2\/posts\/103359","targetHints":{"allow":["GET"]}}],"collection":[{"href":"https:\/\/www.europesays.com\/es\/wp-json\/wp\/v2\/posts"}],"about":[{"href":"https:\/\/www.europesays.com\/es\/wp-json\/wp\/v2\/types\/post"}],"author":[{"embeddable":true,"href":"https:\/\/www.europesays.com\/es\/wp-json\/wp\/v2\/users\/2"}],"replies":[{"embeddable":true,"href":"https:\/\/www.europesays.com\/es\/wp-json\/wp\/v2\/comments?post=103359"}],"version-history":[{"count":0,"href":"https:\/\/www.europesays.com\/es\/wp-json\/wp\/v2\/posts\/103359\/revisions"}],"wp:featuredmedia":[{"embeddable":true,"href":"https:\/\/www.europesays.com\/es\/wp-json\/wp\/v2\/media\/103360"}],"wp:attachment":[{"href":"https:\/\/www.europesays.com\/es\/wp-json\/wp\/v2\/media?parent=103359"}],"wp:term":[{"taxonomy":"category","embeddable":true,"href":"https:\/\/www.europesays.com\/es\/wp-json\/wp\/v2\/categories?post=103359"},{"taxonomy":"post_tag","embeddable":true,"href":"https:\/\/www.europesays.com\/es\/wp-json\/wp\/v2\/tags?post=103359"}],"curies":[{"name":"wp","href":"https:\/\/api.w.org\/{rel}","templated":true}]}}