{"id":103367,"date":"2025-09-09T12:55:14","date_gmt":"2025-09-09T12:55:14","guid":{"rendered":"https:\/\/www.europesays.com\/es\/103367\/"},"modified":"2025-09-09T12:55:14","modified_gmt":"2025-09-09T12:55:14","slug":"miguel-de-los-santos-presentara-este-jueves-su-ultimo-libro-flor-de-avispa-en-el-ateneo-de-santander","status":"publish","type":"post","link":"https:\/\/www.europesays.com\/es\/103367\/","title":{"rendered":"Miguel de los Santos presentar\u00e1 este jueves su \u00faltimo libro &#8216;Flor de avispa&#8217; en el Ateneo de Santander"},"content":{"rendered":"<p style=\"text-align: justify;\"><strong>El pr\u00f3ximo jueves 11 de septiembre, el Ateneo de Santander recibir\u00e1 a Miguel de los Santos, <\/strong>una figura legendaria de la radio y la televisi\u00f3n en Espa\u00f1a e Hispanoam\u00e9rica. Con una trayectoria profesional prodigiosa que abarca desde la Cadena SER hasta Radio Televisi\u00f3n Espa\u00f1ola (RTVE), Miguel de los Santos ha sido reconocido con prestigiosos premios como el Premio Ondas y el Premio Nacional de Radio.<\/p>\n<p style=\"text-align: justify;\">El periodista y escritor viene a presentar su \u00faltimo libro, <strong>Flor de avispa<\/strong>, que ya ha alcanzado su segunda edici\u00f3n. Esta obra narra la historia de Nicaragua y Centroam\u00e9rica, con la revoluci\u00f3n sandinista como tel\u00f3n de fondo. El libro cuenta adem\u00e1s con el pr\u00f3logo del reconocido escritor nicarag\u00fcense y Premio Cervantes, Sergio Ram\u00edrez.<\/p>\n<p><img decoding=\"async\" alt=\"\" width=\"350\" height=\"451\" src=\"https:\/\/www.europesays.com\/es\/wp-content\/uploads\/2025\/09\/2025090912592211397.jpg\" loading=\"lazy\"\/><\/p>\n<p style=\"text-align: justify;\">La presentaci\u00f3n correr\u00e1 a cargo de Federico Lucendo Pombo, periodista y presidente de la Secci\u00f3n para Asuntos Iberoamericanos del centenario Ateneo santanderino, que har\u00e1 de anfitri\u00f3n en este encuentro cultural imprescindible.<\/p>\n<p><a target=\"_blank\" href=\"https:\/\/eldiariocantabria.publico.es\/ads\/20241029145309165687\" rel=\"nofollow noopener\"> <img decoding=\"async\" src=\"https:\/\/www.europesays.com\/es\/wp-content\/uploads\/2025\/07\/2025030323000081200.gif\" alt=\"Publicidad 165687\" width=\"728\" height=\"90\" loading=\"lazy\"  \/> <\/a><\/p>\n<p style=\"text-align: justify;\">Una oportunidad \u00fanica para acercarse a una de las voces m\u00e1s importantes del periodismo espa\u00f1ol y conocer de primera mano una obra que aborda la compleja historia centroamericana desde una perspectiva literaria y humana.<\/p>\n","protected":false},"excerpt":{"rendered":"El pr\u00f3ximo jueves 11 de septiembre, el Ateneo de Santander recibir\u00e1 a Miguel de los Santos, una figura&hellip;\n","protected":false},"author":2,"featured_media":103368,"comment_status":"","ping_status":"","sticky":false,"template":"","format":"standard","meta":{"footnotes":""},"categories":[172],"tags":[224,2771,209,5746,146,147,25,24,225,36185,23],"class_list":{"0":"post-103367","1":"post","2":"type-post","3":"status-publish","4":"format-standard","5":"has-post-thumbnail","7":"category-libros","8":"tag-books","9":"tag-cantabria","10":"tag-cultura","11":"tag-eldiariocantabria","12":"tag-entertainment","13":"tag-entretenimiento","14":"tag-es","15":"tag-espana","16":"tag-libros","17":"tag-representaciones","18":"tag-spain"},"share_on_mastodon":{"url":"","error":""},"_links":{"self":[{"href":"https:\/\/www.europesays.com\/es\/wp-json\/wp\/v2\/posts\/103367","targetHints":{"allow":["GET"]}}],"collection":[{"href":"https:\/\/www.europesays.com\/es\/wp-json\/wp\/v2\/posts"}],"about":[{"href":"https:\/\/www.europesays.com\/es\/wp-json\/wp\/v2\/types\/post"}],"author":[{"embeddable":true,"href":"https:\/\/www.europesays.com\/es\/wp-json\/wp\/v2\/users\/2"}],"replies":[{"embeddable":true,"href":"https:\/\/www.europesays.com\/es\/wp-json\/wp\/v2\/comments?post=103367"}],"version-history":[{"count":0,"href":"https:\/\/www.europesays.com\/es\/wp-json\/wp\/v2\/posts\/103367\/revisions"}],"wp:featuredmedia":[{"embeddable":true,"href":"https:\/\/www.europesays.com\/es\/wp-json\/wp\/v2\/media\/103368"}],"wp:attachment":[{"href":"https:\/\/www.europesays.com\/es\/wp-json\/wp\/v2\/media?parent=103367"}],"wp:term":[{"taxonomy":"category","embeddable":true,"href":"https:\/\/www.europesays.com\/es\/wp-json\/wp\/v2\/categories?post=103367"},{"taxonomy":"post_tag","embeddable":true,"href":"https:\/\/www.europesays.com\/es\/wp-json\/wp\/v2\/tags?post=103367"}],"curies":[{"name":"wp","href":"https:\/\/api.w.org\/{rel}","templated":true}]}}