{"id":103416,"date":"2025-09-09T13:27:07","date_gmt":"2025-09-09T13:27:07","guid":{"rendered":"https:\/\/www.europesays.com\/es\/103416\/"},"modified":"2025-09-09T13:27:07","modified_gmt":"2025-09-09T13:27:07","slug":"guerra-israel-la-flotilla-con-ayuda-a-gaza-asegura-que-seguira-adelante-pese-al-ataque-de-un-dron-internacional","status":"publish","type":"post","link":"https:\/\/www.europesays.com\/es\/103416\/","title":{"rendered":"Guerra Israel : La flotilla con ayuda a Gaza asegura que seguir\u00e1 adelante pese al ataque de un dron | Internacional"},"content":{"rendered":"<p class=\"\">La flotilla cargada con ayuda para Gaza, que trata de simbolizar el bloqueo al que Israel somete a la poblaci\u00f3n de la Franja, se propone continuar su traves\u00eda. Sus portavoces han asegurado que seguir\u00e1n adelante <a href=\"https:\/\/elpais.com\/internacional\/2025-09-09\/un-dron-ataca-el-barco-de-la-flotilla-con-ayuda-para-gaza-en-el-que-viaja-greta-thunberg-y-provoca-un-incendio-en-la-cubierta.html\" target=\"_blank\" rel=\"nofollow noopener\" title=\"https:\/\/elpais.com\/internacional\/2025-09-09\/un-dron-ataca-el-barco-de-la-flotilla-con-ayuda-para-gaza-en-el-que-viaja-greta-thunberg-y-provoca-un-incendio-en-la-cubierta.html\">tras el ataque con un dron<\/a> que han sufrido en la madrugada de este martes en el puerto de T\u00fanez. \u201cEl Gobierno de Israel ha actuado de nuevo como un Estado criminal, que es su verdadera identidad\u201d, ha declarado Saif Abukeshek, uno de los organizadores de la Global Sumud Flotilla. Esas declaraciones, con una referencia a la responsabilidad que atribuyen a Israel en ese ataque, se han producido durante una rueda de prensa celebrada en plena calle en T\u00fanez, donde est\u00e1n atracados ahora unos 15 barcos de los alrededor de 40 que componen la flotilla (y a los que se pueden unir otros 20). En la comparecencia tambi\u00e9n estaba presente Francesca Albanese, relatora de la ONU para los Territorios Palestinos Ocupados.<\/p>\n<p class=\"\">Por su parte, Thiago \u00c1vila ha agradecido al Gobierno y a la poblaci\u00f3n tunecina por su acogida, que ha considerado \u201cun ejemplo para el mundo\u201d. \u201cDesde hace 17 a\u00f1os llevamos intentando frenar el bloqueo ilegal. En este tiempo, 38 barcos han sido atacados o interceptados, pero <a href=\"https:\/\/elpais.com\/internacional\/2025-09-02\/la-mala-mar-se-interpone-de-nuevo-en-la-travesia-de-la-flotilla-con-ayuda-para-gaza.html\" target=\"_blank\" rel=\"nofollow noopener\" title=\"https:\/\/elpais.com\/internacional\/2025-09-02\/la-mala-mar-se-interpone-de-nuevo-en-la-travesia-de-la-flotilla-con-ayuda-para-gaza.html\">no nos van a frenar\u201d<\/a>. Las autoridades locales tunecinas, pese a todo, han puesto en duda que el incidente de la flotilla se haya debido al ataque de un dron. En su lugar, han atribuido el incendio generado a \u201cla explosi\u00f3n de un encendedor o una colilla\u201d que, aseguran, prendi\u00f3 en los chalecos salvavidas. <\/p>\n<p class=\"\">Fuentes de la organizaci\u00f3n apuntan a que esa versi\u00f3n oficial, que niega el ataque, es m\u00e1s bien una justificaci\u00f3n para evitar dar explicaciones de c\u00f3mo el dron pudo invadir el espacio a\u00e9reo del pa\u00eds en la zona portuaria, a poca distancia de la residencia del primer ministro tunecino. <\/p>\n<p class=\"\">M\u00e1s all\u00e1 de este episodio, los organizadores han recordado que Israel ha atacado en varias ocasiones este tipo de misiones con destino a Gaza y ha reiterado la voluntad de mantener el plan inicial. \u201cNo nos parar\u00e1n. Cada vez somos m\u00e1s y continuamos adelante con la misi\u00f3n\u201d, ha asegurado Abukeshek.<\/p>\n<p class=\"\">Adem\u00e1s de <a href=\"https:\/\/elpais.com\/internacional\/2025-08-31\/una-flotilla-de-30-barcos-zarpa-desde-barcelona-con-el-objetivo-de-romper-el-bloqueo-israeli-y-llevar-ayuda-humanitaria-a-gaza.html\" target=\"_blank\" rel=\"nofollow noopener\" title=\"https:\/\/elpais.com\/internacional\/2025-08-31\/una-flotilla-de-30-barcos-zarpa-desde-barcelona-con-el-objetivo-de-romper-el-bloqueo-israeli-y-llevar-ayuda-humanitaria-a-gaza.html\">los centenares de participantes de la Flotilla, <\/a>entre las personas que han acudido a respaldar a la misi\u00f3n estaba Mandla Mandela, nieto del l\u00edder sudafricano Nelson Mandela, que se embarcar\u00e1 en uno de los nav\u00edos. Las declaraciones a la prensa de los representantes de la misi\u00f3n han sido interrumpidos en varias ocasiones con gritos de \u201cFree Palestine\u201d (Palestina libre) o \u201cStop the genocide\u201d (Parad el genocidio).<\/p>\n","protected":false},"excerpt":{"rendered":"La flotilla cargada con ayuda para Gaza, que trata de simbolizar el bloqueo al que Israel somete a&hellip;\n","protected":false},"author":2,"featured_media":103417,"comment_status":"","ping_status":"","sticky":false,"template":"","format":"standard","meta":{"footnotes":""},"categories":[42],"tags":[17,18,68,70,71,72,13,14,73,69,75,11,61,62,63,64,74,19,20,9,10,15,16,77,76,12,21,22,65,66,67],"class_list":{"0":"post-103416","1":"post","2":"type-post","3":"status-publish","4":"format-standard","5":"has-post-thumbnail","7":"category-internacional","8":"tag-breaking-news","9":"tag-breakingnews","10":"tag-conflicto-arabe-israeli","11":"tag-conflictos","12":"tag-conflictos-armados","13":"tag-conflictos-internacionales","14":"tag-featured-news","15":"tag-featurednews","16":"tag-franja-gaza","17":"tag-guerra","18":"tag-hamas","19":"tag-headlines","20":"tag-internacional","21":"tag-international","22":"tag-international-news","23":"tag-internationalnews","24":"tag-israel","25":"tag-latest-news","26":"tag-latestnews","27":"tag-news","28":"tag-noticias","29":"tag-noticias-destacadas","30":"tag-noticiasdestacadas","31":"tag-oriente-proximo","32":"tag-palestina","33":"tag-titulares","34":"tag-ultimas-noticias","35":"tag-ultimasnoticias","36":"tag-world","37":"tag-world-news","38":"tag-worldnews"},"share_on_mastodon":{"url":"","error":""},"_links":{"self":[{"href":"https:\/\/www.europesays.com\/es\/wp-json\/wp\/v2\/posts\/103416","targetHints":{"allow":["GET"]}}],"collection":[{"href":"https:\/\/www.europesays.com\/es\/wp-json\/wp\/v2\/posts"}],"about":[{"href":"https:\/\/www.europesays.com\/es\/wp-json\/wp\/v2\/types\/post"}],"author":[{"embeddable":true,"href":"https:\/\/www.europesays.com\/es\/wp-json\/wp\/v2\/users\/2"}],"replies":[{"embeddable":true,"href":"https:\/\/www.europesays.com\/es\/wp-json\/wp\/v2\/comments?post=103416"}],"version-history":[{"count":0,"href":"https:\/\/www.europesays.com\/es\/wp-json\/wp\/v2\/posts\/103416\/revisions"}],"wp:featuredmedia":[{"embeddable":true,"href":"https:\/\/www.europesays.com\/es\/wp-json\/wp\/v2\/media\/103417"}],"wp:attachment":[{"href":"https:\/\/www.europesays.com\/es\/wp-json\/wp\/v2\/media?parent=103416"}],"wp:term":[{"taxonomy":"category","embeddable":true,"href":"https:\/\/www.europesays.com\/es\/wp-json\/wp\/v2\/categories?post=103416"},{"taxonomy":"post_tag","embeddable":true,"href":"https:\/\/www.europesays.com\/es\/wp-json\/wp\/v2\/tags?post=103416"}],"curies":[{"name":"wp","href":"https:\/\/api.w.org\/{rel}","templated":true}]}}