{"id":103431,"date":"2025-09-09T13:38:12","date_gmt":"2025-09-09T13:38:12","guid":{"rendered":"https:\/\/www.europesays.com\/es\/103431\/"},"modified":"2025-09-09T13:38:12","modified_gmt":"2025-09-09T13:38:12","slug":"los-numeros-del-betis-en-el-campo-del-levante","status":"publish","type":"post","link":"https:\/\/www.europesays.com\/es\/103431\/","title":{"rendered":"Los n\u00fameros del Betis en el campo del Levante"},"content":{"rendered":"<p><img decoding=\"async\" src=\"https:\/\/www.europesays.com\/es\/wp-content\/uploads\/2025\/09\/borjalevante.jpg\" loading=\"lazy\" class=\"img-fluid w-100 mx-auto \" title=\"borja-levante\" longdesc=\"data:text\/html;charset=utf-8;,%3C!DOCTYPE%20html%3E%3Chtml%3E%3Chead%3E%3Ctitle%3Eborja-levante%3C\/title%3E%3C\/head%3E%3Cbody%3E%3Cp%3E1%3C\/body%3E%3C\/html%3E\"\/>    <\/p>\n<tr>\n<td width=\"*\">    <img decoding=\"async\" src=\"https:\/\/www.europesays.com\/es\/wp-content\/uploads\/2025\/09\/1757425092_809_avatar-md.jpg\" border=\"0\" class=\"d-none d-md-inline-block\" style=\"margin-right:10px;\" alt=\"Redacci\u00f3n\" title=\"Redacci\u00f3n\"\/><\/p>\n<p><strong style=\"color:#e43d30\">Redacci\u00f3n<\/strong> <br \/>09\/09\/2025<\/p>\n<\/td>\n<\/tr>\n<p>El Real Betis, que el domingo juego su partido de la cuarta jornada en el Ciudad de Valencia, presenta un alto porcentaje de victorias en el campo del Levante, el 38%, pues ha vencido en nueve de sus veinticuatro visitas frente a los tres empates cosechados (13%) y las doce derrotas sufridas (<strong>49%<\/strong>).<\/p>\n<p>Hace algo m\u00e1s de tres a\u00f1os, en su \u00faltimo desplazamiento, el equipo dirigido por el chileno Manuel Pellegrini se impuso por 2-4 en un partido en el Dani G\u00f3mez hizo un doblete para los locales que fue insuficiente para evitar la derrota que certificaron los goles de <strong>Fekir -2-, Edgar y William Carvalho.<\/strong><\/p>\n<p>Mediada la pasada d\u00e9cada, el Betis venci\u00f3 tres veces seguidas en terreno granota: <strong>1-3 en la campa\u00f1a 13\/14<\/strong>, cuando marcaron Salva Sevilla, Jorge Molina, Rub\u00e9n Castro y el local Diop; por la m\u00ednima, de nuevo con gol de Rub\u00e9n Castro en la Liga 15\/16; y 0-2 en la temporada 17\/18, con tantos de Chema, en propia meta, y Sergio Le\u00f3n.<\/p>\n<p>El primer triunfo b\u00e9tico durante el siglo XXI en el feudo del Levante fue en la temporada 2004\/05, cuando Rivera adelant\u00f3 a los valencianos pero remontaron <strong>Ricardo Oliveira y Ed\u00fa<\/strong> para poner el 1-2, el mismo marcador que en la anterior victoria, en la edici\u00f3n 1973\/74 de la Segunda divisi\u00f3n (marcaron Aramburu, Rogelio y el local Ferrer D\u00edaz).<\/p>\n<p>Tambi\u00e9n en Segunda, en la campa\u00f1a 54\/55, el Betis gole\u00f3 por 1-4 al Levante, que marc\u00f3 mediante Girald\u00f3s un gol insuficiente frente a los anotados por <strong>Flores, \u00d3scar, Guerrero y Villota<\/strong>; y tres a\u00f1os m\u00e1s tarde, venci\u00f3 1-2 gracias a los tantos de Loli y Jordi Vila que recort\u00f3 el azulgrana Jos\u00e9 Vila.<\/p>\n<p>La primera victoria verdiblanca frente al Levante como visitante en Primera fue en la temporada 1963\/64, en m\u00edtico estadio El Vallejo, donde un gol de Ansola decant\u00f3 por la m\u00ednima el encuentro de la segunda jornada.<\/p>\n","protected":false},"excerpt":{"rendered":"Redacci\u00f3n 09\/09\/2025 El Real Betis, que el domingo juego su partido de la cuarta jornada en el Ciudad&hellip;\n","protected":false},"author":2,"featured_media":103432,"comment_status":"","ping_status":"","sticky":false,"template":"","format":"standard","meta":{"footnotes":""},"categories":[268],"tags":[291,168,25,24,280,282,10286,286,281,23,167],"class_list":{"0":"post-103431","1":"post","2":"type-post","3":"status-publish","4":"format-standard","5":"has-post-thumbnail","7":"category-futbol","8":"tag-betis","9":"tag-deportes","10":"tag-es","11":"tag-espana","12":"tag-football","13":"tag-futbol","14":"tag-real-betis","15":"tag-real-betis-balompie","16":"tag-soccer","17":"tag-spain","18":"tag-sports"},"share_on_mastodon":{"url":"","error":""},"_links":{"self":[{"href":"https:\/\/www.europesays.com\/es\/wp-json\/wp\/v2\/posts\/103431","targetHints":{"allow":["GET"]}}],"collection":[{"href":"https:\/\/www.europesays.com\/es\/wp-json\/wp\/v2\/posts"}],"about":[{"href":"https:\/\/www.europesays.com\/es\/wp-json\/wp\/v2\/types\/post"}],"author":[{"embeddable":true,"href":"https:\/\/www.europesays.com\/es\/wp-json\/wp\/v2\/users\/2"}],"replies":[{"embeddable":true,"href":"https:\/\/www.europesays.com\/es\/wp-json\/wp\/v2\/comments?post=103431"}],"version-history":[{"count":0,"href":"https:\/\/www.europesays.com\/es\/wp-json\/wp\/v2\/posts\/103431\/revisions"}],"wp:featuredmedia":[{"embeddable":true,"href":"https:\/\/www.europesays.com\/es\/wp-json\/wp\/v2\/media\/103432"}],"wp:attachment":[{"href":"https:\/\/www.europesays.com\/es\/wp-json\/wp\/v2\/media?parent=103431"}],"wp:term":[{"taxonomy":"category","embeddable":true,"href":"https:\/\/www.europesays.com\/es\/wp-json\/wp\/v2\/categories?post=103431"},{"taxonomy":"post_tag","embeddable":true,"href":"https:\/\/www.europesays.com\/es\/wp-json\/wp\/v2\/tags?post=103431"}],"curies":[{"name":"wp","href":"https:\/\/api.w.org\/{rel}","templated":true}]}}