{"id":103453,"date":"2025-09-09T13:50:09","date_gmt":"2025-09-09T13:50:09","guid":{"rendered":"https:\/\/www.europesays.com\/es\/103453\/"},"modified":"2025-09-09T13:50:09","modified_gmt":"2025-09-09T13:50:09","slug":"israel-lleva-a-cabo-un-ataque-contra-los-lideres-de-hamas-en-qatar-segun-una-fuente-israeli","status":"publish","type":"post","link":"https:\/\/www.europesays.com\/es\/103453\/","title":{"rendered":"Israel lleva a cabo un ataque contra los l\u00edderes de Hamas en Qatar, seg\u00fan una fuente israel\u00ed"},"content":{"rendered":"<p>      CNN<br \/>\n        \u00a0\u2014\u00a0<\/p>\n<p class=\"paragraph inline-placeholder vossi-paragraph\" data-uri=\"es.cms.cnn.com\/_components\/paragraph\/instances\/cmfckq83k007x27qig4axcq82@published\" data-editable=\"text\" data-component-name=\"paragraph\" data-article-gutter=\"true\">\n            Israel llev\u00f3 a cabo un ataque contra los l\u00edderes de Hamas en Doha, seg\u00fan inform\u00f3 una fuente israel\u00ed a CNN, tras escucharse una explosi\u00f3n en la capital qatar\u00ed.\n    <\/p>\n<p class=\"paragraph inline-placeholder vossi-paragraph\" data-uri=\"es.cms.cnn.com\/_components\/paragraph\/instances\/cmfckqz240002356np96vfz0g@published\" data-editable=\"text\" data-component-name=\"paragraph\" data-article-gutter=\"true\">\n            La fuente no especific\u00f3 qui\u00e9n fue el objetivo, pero los l\u00edderes de Hamas han utilizado la capital qatar\u00ed como cuartel general fuera de Gaza durante a\u00f1os.\n    <\/p>\n<p class=\"paragraph inline-placeholder vossi-paragraph\" data-uri=\"es.cms.cnn.com\/_components\/paragraph\/instances\/cmfcl998v000m356nz5wzonht@published\" data-editable=\"text\" data-component-name=\"paragraph\" data-article-gutter=\"true\">\n            Poco despu\u00e9s de la explosi\u00f3n, las Fuerzas de Defensa de Israel (FDI) emitieron un comunicado en el que afirmaron que hab\u00edan atacado al \u201cliderazgo superior\u201d de Hamas con \u201cun golpe preciso\u201d en una operaci\u00f3n conjunta con la agencia de seguridad Shin Bet.\n    <\/p>\n<p class=\"paragraph inline-placeholder vossi-paragraph\" data-uri=\"es.cms.cnn.com\/_components\/paragraph\/instances\/cmfcl9jkl000q356nrur7fqw2@published\" data-editable=\"text\" data-component-name=\"paragraph\" data-article-gutter=\"true\">\n            El comunicado no especific\u00f3 d\u00f3nde se llev\u00f3 a cabo la operaci\u00f3n, pero sugiri\u00f3 que fue fuera de Gaza.\n    <\/p>\n<p>       <img decoding=\"async\" src=\"https:\/\/www.europesays.com\/es\/wp-content\/uploads\/2025\/09\/ataque-doha.jpg\" alt=\"El humo se eleva tras varias explosiones o\u00eddas en Doha, Qatar, el martes.\" class=\"image__dam-img image__dam-img--loading\" onload=\"this.classList.remove('image__dam-img--loading')\" onerror=\"imageLoadError(this)\" height=\"484\" width=\"860\" loading=\"lazy\"\/><\/p>\n<p class=\"paragraph inline-placeholder vossi-paragraph\" data-uri=\"es.cms.cnn.com\/_components\/paragraph\/instances\/cmfcla2b5000t356ns2xdcuki@published\" data-editable=\"text\" data-component-name=\"paragraph\" data-article-gutter=\"true\">\n            \u201cDurante a\u00f1os, estos l\u00edderes de Hamas han dirigido las operaciones de la organizaci\u00f3n terrorista; son directamente responsables de la brutal masacre del 7 de octubre y han estado orquestando y gestionando la guerra contra el Estado de Israel\u201d, indicaba el comunicado.\n    <\/p>\n<p class=\"paragraph inline-placeholder vossi-paragraph\" data-uri=\"es.cms.cnn.com\/_components\/paragraph\/instances\/cmfclaah6000w356ntanuecpw@published\" data-editable=\"text\" data-component-name=\"paragraph\" data-article-gutter=\"true\">\n            Un alto funcionario de Hamas confirm\u00f3 a CNN que los negociadores del grupo fueron atacados en Doha.\n    <\/p>\n<p class=\"paragraph inline-placeholder vossi-paragraph\" data-uri=\"es.cms.cnn.com\/_components\/paragraph\/instances\/cmfckr5r30005356nz7bpiicg@published\" data-editable=\"text\" data-component-name=\"paragraph\" data-article-gutter=\"true\">\n            El lunes, el negociador jefe de Hamas, Khalil Al-Hayya, se reuni\u00f3 con el primer ministro de Qatar, el jeque Mohammed bin Abdulrahman Al-Thani, en Doha.\n    <\/p>\n<p class=\"paragraph inline-placeholder vossi-paragraph\" data-uri=\"es.cms.cnn.com\/_components\/paragraph\/instances\/cmfckrc060007356n9s0ehfnj@published\" data-editable=\"text\" data-component-name=\"paragraph\" data-article-gutter=\"true\">\n            El ataque parece marcar la primera vez que Israel lanza una operaci\u00f3n en Qatar.\n    <\/p>\n<p class=\"paragraph inline-placeholder vossi-paragraph\" data-uri=\"es.cms.cnn.com\/_components\/paragraph\/instances\/cmfckqlax0000356noh1mfeev@published\" data-editable=\"text\" data-component-name=\"paragraph\" data-article-gutter=\"true\">\n            Esta noticia est\u00e1 en desarrollo y ser\u00e1 actualizada.\n    <\/p>\n","protected":false},"excerpt":{"rendered":"CNN \u00a0\u2014\u00a0 Israel llev\u00f3 a cabo un ataque contra los l\u00edderes de Hamas en Doha, seg\u00fan inform\u00f3 una&hellip;\n","protected":false},"author":2,"featured_media":103454,"comment_status":"","ping_status":"","sticky":false,"template":"","format":"standard","meta":{"footnotes":""},"categories":[42],"tags":[17,18,13,14,75,11,150,61,62,63,64,74,19,20,9,10,15,16,20989,12,21,22,65,66,67],"class_list":{"0":"post-103453","1":"post","2":"type-post","3":"status-publish","4":"format-standard","5":"has-post-thumbnail","7":"category-internacional","8":"tag-breaking-news","9":"tag-breakingnews","10":"tag-featured-news","11":"tag-featurednews","12":"tag-hamas","13":"tag-headlines","14":"tag-instanoticias","15":"tag-internacional","16":"tag-international","17":"tag-international-news","18":"tag-internationalnews","19":"tag-israel","20":"tag-latest-news","21":"tag-latestnews","22":"tag-news","23":"tag-noticias","24":"tag-noticias-destacadas","25":"tag-noticiasdestacadas","26":"tag-qatar","27":"tag-titulares","28":"tag-ultimas-noticias","29":"tag-ultimasnoticias","30":"tag-world","31":"tag-world-news","32":"tag-worldnews"},"share_on_mastodon":{"url":"","error":""},"_links":{"self":[{"href":"https:\/\/www.europesays.com\/es\/wp-json\/wp\/v2\/posts\/103453","targetHints":{"allow":["GET"]}}],"collection":[{"href":"https:\/\/www.europesays.com\/es\/wp-json\/wp\/v2\/posts"}],"about":[{"href":"https:\/\/www.europesays.com\/es\/wp-json\/wp\/v2\/types\/post"}],"author":[{"embeddable":true,"href":"https:\/\/www.europesays.com\/es\/wp-json\/wp\/v2\/users\/2"}],"replies":[{"embeddable":true,"href":"https:\/\/www.europesays.com\/es\/wp-json\/wp\/v2\/comments?post=103453"}],"version-history":[{"count":0,"href":"https:\/\/www.europesays.com\/es\/wp-json\/wp\/v2\/posts\/103453\/revisions"}],"wp:featuredmedia":[{"embeddable":true,"href":"https:\/\/www.europesays.com\/es\/wp-json\/wp\/v2\/media\/103454"}],"wp:attachment":[{"href":"https:\/\/www.europesays.com\/es\/wp-json\/wp\/v2\/media?parent=103453"}],"wp:term":[{"taxonomy":"category","embeddable":true,"href":"https:\/\/www.europesays.com\/es\/wp-json\/wp\/v2\/categories?post=103453"},{"taxonomy":"post_tag","embeddable":true,"href":"https:\/\/www.europesays.com\/es\/wp-json\/wp\/v2\/tags?post=103453"}],"curies":[{"name":"wp","href":"https:\/\/api.w.org\/{rel}","templated":true}]}}