{"id":103462,"date":"2025-09-09T13:57:09","date_gmt":"2025-09-09T13:57:09","guid":{"rendered":"https:\/\/www.europesays.com\/es\/103462\/"},"modified":"2025-09-09T13:57:09","modified_gmt":"2025-09-09T13:57:09","slug":"la-juerga-de-carlos-alcaraz-con-j-balvin-tras-ganar-en-nueva-york-necesito-desconectar","status":"publish","type":"post","link":"https:\/\/www.europesays.com\/es\/103462\/","title":{"rendered":"La juerga de Carlos Alcaraz con J Balvin tras ganar en Nueva York: \u00abNecesito desconectar\u00bb"},"content":{"rendered":"<p>La noche neoyorquina se convirti\u00f3 en una fiesta para <b>Carlos Alcaraz<\/b>, que <a href=\"https:\/\/www.eleconomista.es\/informalia\/casas-reales\/noticias\/13534698\/09\/25\/los-reyes-y-pedro-sanchez-felicitan-a-carlos-alcaraz-tras-su-epico-triunfo-en-el-us-open-una-victoria-para-la-historia-enorme.html\" title=\"Los reyes y Pedro S\u00e1nchez felicitan a Carlos Alcaraz tras su \u00e9pico triunfo en el US Open: &quot;Una victoria para la historia&quot;, &quot;\u00a1Enorme!&quot;\" rel=\"nofollow noopener\" target=\"_blank\">celebr\u00f3 a lo grande su segundo t\u00edtulo en el Abierto de Estados Unidos<\/a>. Rodeado de su equipo m\u00e1s cercano, de su familia y de un grupo reducido de amigos, el tenista murciano disfrut\u00f3 el domingo de la victoria con champ\u00e1n, abrazos y muchas sonrisas. Horas despu\u00e9s de <a href=\"https:\/\/www.eleconomista.es\/informalia\/famosos\/noticias\/13535043\/09\/25\/la-reaccion-de-trump-a-la-victoria-de-alcaraz-que-no-gustara-al-tenista-el-gesto-torcido-del-presidente-en-el-us-open-da-la-vuelta-al-mundo.html\" title=\"La reacci\u00f3n de Trump a la victoria de Alcaraz que no gustar\u00e1 al tenista: el gesto torcido del presidente en el US Open da la vuelta al mundo\" rel=\"nofollow noopener\" target=\"_blank\">levantar el trofeo en el estadio Arthur Ashe<\/a>, el nuevo n\u00famero uno del mundo se tom\u00f3 un respiro para compartir sus impresiones con la prensa espa\u00f1ola. Entre la euforia del triunfo y el cansancio acumulado de una quincena extenuante, el jugador dej\u00f3 claro que su pr\u00f3xima meta inmediata no pasa por una pista de tenis<b>. \u00abNecesito desconectar\u00bb, confes\u00f3<\/b>.<\/p>\n<p>Alcaraz, de 22 a\u00f1os, <b>brome\u00f3 sobre su aspecto y dijo que el cambio de look prometido tendr\u00e1 que esperar<\/b>. \u00abNo he podido, no me ha dado tiempo a\u00fan. \u00bfPlatino? \u00a1Ahhh, sorpresa!\u00bb, se re\u00eda.<\/p>\n<p>El n\u00famero 1 habl\u00f3 con sinceridad de lo que considera esencial para mantener el \u00e9xito. \u00abLos triunfos ayudan mucho, est\u00e1 claro, pero yo necesito equilibrio. Me gusta disfrutar con mi familia, con mis amigos, estar tiempo en casa. Eso es lo que me hace feliz\u00bb, se\u00f1al\u00f3. En su opini\u00f3n, la clave no es solo entrenar o competir sin descanso, sino aprender a detenerse. <b>\u00abSi no te paras y haces eso, no consigues ese balance. Incluso durante los torneos hay que saber desconectar para luego conectar en la pista y dar lo mejor\u00bb<\/b>.<\/p>\n<p><b>Ese balance, admite, no siempre ha sido sencillo de encontrar en medio de la fama y las expectativas<\/b>. \u00abEl hecho de ser conocido siempre lo he llevado bien, pero cada paso que doy me hace m\u00e1s conocido. Eso tiene pros y contras. Ahora lo llevo mucho mejor que antes\u00bb, afirm\u00f3. El murciano reconoce que en sus primeros \u00e9xitos todo era nuevo y que la exposici\u00f3n le resultaba m\u00e1s dif\u00edcil. \u00abPoco a poco voy sabiendo gestionarlo. Creo que es clave haber madurado gracias al paso de los a\u00f1os\u00bb.<\/p>\n<p>                            <img decoding=\"async\" src=\"https:\/\/www.europesays.com\/es\/wp-content\/uploads\/2025\/09\/770x_alcaraz-fiesta1.jpeg\" loading=\"lazy\"\/><\/p>\n<p>El aprendizaje tambi\u00e9n ha alcanzado su faceta deportiva. Alcaraz asegura que ahora presta m\u00e1s atenci\u00f3n a los detalles que marcan la diferencia. <b>\u00abMe estoy cuidando un poquito m\u00e1s con la comida, la suplementaci\u00f3n y el descanso<\/b>. Todo eso es muy importante para luego dar lo mejor en la pista\u00bb. Pero a pesar de los sacrificios, establece un l\u00edmite claro: \u00abNo pasar\u00eda por perderme el tiempo en casa. Si veo que no estoy disfrutando con mi familia y mis amigos, har\u00e9 lo que sea para recuperarlo. Si no cuido eso, dejo de estar bien\u00bb.<\/p>\n<p><b>Curiosamente, no se define como un jugador excesivamente exigente consigo mismo<\/b>. \u00abSoy menos exigente ahora, incluso cuando pierdo. Obviamente quiero ganar y antes de cada torneo digo que voy a intentarlo, pero si no lo consigo, intento salir orgulloso. En Wimbledon perd\u00ed, pero aprend\u00ed y sal\u00ed contento porque hab\u00eda motivos para estarlo\u00bb. Para \u00e9l, la verdadera exigencia no est\u00e1 en el resultado, sino en dar lo mejor en cada d\u00eda de competici\u00f3n.<\/p>\n<p>El campe\u00f3n no es ajeno a lo que ocurre en su pa\u00eds. <b>Desde Estados Unidos, sigui\u00f3 con preocupaci\u00f3n los incendios de este verano y las secuelas de la dana que afect\u00f3 a varias regiones<\/b>. \u00abEn algunas zonas no lo est\u00e1n pasando bien. Si tienen un rato para verme jugar, yo intento hacerlo lo mejor posible para que se puedan distraer, aunque sea un poco, o incluso disfrutar si puede ser\u00bb.<\/p>\n<p>                            <img decoding=\"async\" src=\"https:\/\/www.europesays.com\/es\/wp-content\/uploads\/2025\/09\/AA1M8koD.jpg\" loading=\"lazy\"\/><\/p>\n<p><b>Con seis Grand Slams ya en su palmar\u00e9s y el n\u00famero uno recuperado, Alcaraz piensa en su pr\u00f3ximo gran desaf\u00edo<\/b>: el Abierto de Australia. \u00abQuiero completarlo para lograr el Grand Slam de carrera. No me importa si soy el primero o el segundo en hacerlo, solo quiero conseguirlo. Ojal\u00e1 sea el pr\u00f3ximo a\u00f1o\u00bb, se\u00f1ala con ambici\u00f3n.<\/p>\n<p>Tras la celebraci\u00f3n en Nueva York, el murciano ya tiene clara su receta para crecer: <b>parar, disfrutar y volver con m\u00e1s fuerza<\/b>.<\/p>\n<p>WhatsApp<a href=\"https:\/\/api.whatsapp.com\/send?text=https:\/\/www.eleconomista.es\/informalia\/famosos\/noticias\/13536419\/09\/25\/la-juerga-de-carlos-alcaraz-con-j-balvin-tras-ganar-en-nueva-york-necesito-desconectar.html?utm_source%3Dwhatsapp%26utm_medium%3Dshare_button&amp;id=1648118629957_whatsapp\" target=\"_blank\" data-action=\"share\/whatsapp\/share\" aria-label=\"Compartir en Whatsapp\" rel=\"nofollow noopener\"><\/a>Facebook<a id=\"fb-share\" href=\"#\" target=\"_blank\" rel=\"noopener noreferrer\" aria-label=\"Compartir en Facebook\"><\/a>Twitter<a href=\"https:\/\/twitter.com\/share?text=La+juerga+de+Carlos+Alcaraz+con+J+Balvin+tras+ganar+en+Nueva+York%3A+%22Necesito+desconectar%22&amp;url=https:\/\/www.eleconomista.es\/informalia\/famosos\/noticias\/13536419\/09\/25\/la-juerga-de-carlos-alcaraz-con-j-balvin-tras-ganar-en-nueva-york-necesito-desconectar.html&amp;via=Informalia&amp;id=1648118839245_twitter\" target=\"_blank\" aria-label=\"Compartir en Twitter\" rel=\"nofollow noopener\"><\/a>Linkedin<a onclick=\"return abrirLinkedin();\" href=\"https:\/\/www.linkedin.com\/shareArticle?text=La+juerga+de+Carlos+Alcaraz+con+J+Balvin+tras+ganar+en+Nueva+York%3A+%22Necesito+desconectar%22&amp;url=https:\/\/www.eleconomista.es\/informalia\/famosos\/noticias\/13536419\/09\/25\/la-juerga-de-carlos-alcaraz-con-j-balvin-tras-ganar-en-nueva-york-necesito-desconectar.html&amp;mini=true\" target=\"_blank\" aria-label=\"Compartir en linkedin\" rel=\"nofollow noopener\"><\/a>Beloud<a href=\"https:\/\/beloud.com\/share?text=La+juerga+de+Carlos+Alcaraz+con+J+Balvin+tras+ganar+en+Nueva+York%3A+%22Necesito+desconectar%22&amp;url=https:\/\/www.eleconomista.es\/informalia\/famosos\/noticias\/13536419\/09\/25\/la-juerga-de-carlos-alcaraz-con-j-balvin-tras-ganar-en-nueva-york-necesito-desconectar.html&amp;via=Informalia&amp;id=1648118839245_beloud\" target=\"_blank\" aria-label=\"Compartir en beloud\" rel=\"nofollow noopener\"><\/a>Bluesky<a href=\"https:\/\/bsky.app\/intent\/compose?text=https:\/\/bsky.app\/intent\/compose?text=https:\/\/www.eleconomista.es\/informalia\/famosos\/noticias\/13536419\/09\/25\/la-juerga-de-carlos-alcaraz-con-j-balvin-tras-ganar-en-nueva-york-necesito-desconectar.html&amp;url=https:\/\/www.eleconomista.es\/informalia\/famosos\/noticias\/13536419\/09\/25\/la-juerga-de-carlos-alcaraz-con-j-balvin-tras-ganar-en-nueva-york-necesito-desconectar.html&amp;via=elEconomistaes&amp;id=1648118839245_bluesky\" target=\"_blank\" aria-label=\"Compartir en bluesky\" rel=\"nofollow noopener\"><\/a><\/p>\n<p><script async src=\"https:\/\/platform.twitter.com\/widgets.js\" charset=\"utf-8\"><\/script><\/p>\n","protected":false},"excerpt":{"rendered":"La noche neoyorquina se convirti\u00f3 en una fiesta para Carlos Alcaraz, que celebr\u00f3 a lo grande su segundo&hellip;\n","protected":false},"author":2,"featured_media":103463,"comment_status":"","ping_status":"","sticky":false,"template":"","format":"standard","meta":{"footnotes":""},"categories":[274],"tags":[168,25,24,260,23,167,327,326],"class_list":{"0":"post-103462","1":"post","2":"type-post","3":"status-publish","4":"format-standard","5":"has-post-thumbnail","7":"category-tenis","8":"tag-deportes","9":"tag-es","10":"tag-espana","11":"tag-gente","12":"tag-spain","13":"tag-sports","14":"tag-tenis","15":"tag-tennis"},"share_on_mastodon":{"url":"","error":""},"_links":{"self":[{"href":"https:\/\/www.europesays.com\/es\/wp-json\/wp\/v2\/posts\/103462","targetHints":{"allow":["GET"]}}],"collection":[{"href":"https:\/\/www.europesays.com\/es\/wp-json\/wp\/v2\/posts"}],"about":[{"href":"https:\/\/www.europesays.com\/es\/wp-json\/wp\/v2\/types\/post"}],"author":[{"embeddable":true,"href":"https:\/\/www.europesays.com\/es\/wp-json\/wp\/v2\/users\/2"}],"replies":[{"embeddable":true,"href":"https:\/\/www.europesays.com\/es\/wp-json\/wp\/v2\/comments?post=103462"}],"version-history":[{"count":0,"href":"https:\/\/www.europesays.com\/es\/wp-json\/wp\/v2\/posts\/103462\/revisions"}],"wp:featuredmedia":[{"embeddable":true,"href":"https:\/\/www.europesays.com\/es\/wp-json\/wp\/v2\/media\/103463"}],"wp:attachment":[{"href":"https:\/\/www.europesays.com\/es\/wp-json\/wp\/v2\/media?parent=103462"}],"wp:term":[{"taxonomy":"category","embeddable":true,"href":"https:\/\/www.europesays.com\/es\/wp-json\/wp\/v2\/categories?post=103462"},{"taxonomy":"post_tag","embeddable":true,"href":"https:\/\/www.europesays.com\/es\/wp-json\/wp\/v2\/tags?post=103462"}],"curies":[{"name":"wp","href":"https:\/\/api.w.org\/{rel}","templated":true}]}}