{"id":103478,"date":"2025-09-09T14:05:04","date_gmt":"2025-09-09T14:05:04","guid":{"rendered":"https:\/\/www.europesays.com\/es\/103478\/"},"modified":"2025-09-09T14:05:04","modified_gmt":"2025-09-09T14:05:04","slug":"franganillo-presento-informativos-telecinco-desde-un-piso-en-construccion-para-hablar-de-la-crisis-de-la-vivienda","status":"publish","type":"post","link":"https:\/\/www.europesays.com\/es\/103478\/","title":{"rendered":"Franganillo present\u00f3 Informativos Telecinco desde un piso en construcci\u00f3n para hablar de la crisis de la vivienda"},"content":{"rendered":"<p class=\"article-text\">\n        <strong>Carlos Franganillo<\/strong> present\u00f3 este lunes <strong>Informativos Telecinco 21 horas <\/strong>desde un edificio en construcci\u00f3n. Este fue el escenario elegido por el presentador para conducir una edici\u00f3n especial centrada en la crisis de la vivienda, sin duda uno de los principales problemas que vive actualmente nuestro pa\u00eds.\n    <\/p>\n<p>    <a href=\"https:\/\/www.eldiario.es\/noticias\/isabel-rabago-vivienda-estafa-impuestos-paguen-paro-ninos-quieren-disfrutar-verano_1_12533221.html\" data-mrf-recirculation=\"saber-mas\" data-dl-event=\"saber-mas\" rel=\"nofollow noopener\" target=\"_blank\"><\/p>\n<p class=\"know-more__title\">Isabel R\u00e1bago, sobre vivienda: \u00abEs una estafa que mis impuestos paguen el paro a ni\u00f1os que quieren disfrutar del verano\u00bb<\/p>\n<p>            <img decoding=\"async\" class=\"lazy\" loading=\"lazy\" data-src=\"https:\/\/static.eldiario.es\/clip\/1e54c9f5-c0bb-466d-bccc-53e73347edc5_16-9-aspect-ratio_default_0.jpg\" src=\"data:image\/svg+xml,%3Csvg xmlns=\" http:=\"\" viewbox=\"0 0 880 495\" alt=\"Isabel R\u00e1bago, sobre vivienda: &quot;Es una estafa que mis impuestos paguen el paro a ni\u00f1os que quieren disfrutar del verano&quot;\"\/><\/p>\n<p>                        <\/a><\/p>\n<p class=\"article-text\">\n        \u201cHemos pensado que vamos a dejar hoy en segundo plano asuntos que est\u00e1n cada d\u00eda en los informativos y que quiz\u00e1 no son tan relevantes. Les hemos tra\u00eddo aqu\u00ed para contarles algo que es <strong>realmente grave<\/strong>. Es uno de los principales retos que afrontamos como pa\u00eds y es la principal preocupaci\u00f3n para uno de cada tres espa\u00f1oles porque impide poner en marcha un proyecto de vida, porque impide mirar al futuro con seguridad, con confianza, con optimismo y porque es una amenaza muy grave que est\u00e1 <strong>aumentando la desigualdad<\/strong> entre espa\u00f1oles\u201d, dijo Franganillo para justificar este cambio de escenario.\n    <\/p>\n<p class=\"article-text\">\n        El periodista y su equipo abordaron la crisis de la vivienda desde varios frentes. Uno de ellos, el de los j\u00f3venes que no pueden independizarse porque sus salarios no crece tanto como el del precio de los pisos, una situaci\u00f3n que contrasta con la de hace varias d\u00e9cadas, cuando irse de casa con poco m\u00e1s de 20 a\u00f1os era factible. Para reflejar estas dos realidades, Franganillo habl\u00f3 con <strong>Nuria<\/strong> y su hija <strong>Mar\u00eda<\/strong>, que a sus 28 a\u00f1os no puede emanciparse. \u201cSon cientos de miles de euros en una vivienda. <strong>Es muy dif\u00edcil pagar eso<\/strong> con los salarios que hay ahora. Lo tienen s\u00faper dif\u00edcil. Yo tuve otro escenario, me emancip\u00e9 antes y ellos est\u00e1n tardando m\u00e1s pese a que tienen much\u00edsimas ganas de hacerlo, pero es imposible\u201d, lament\u00f3 la progenitora.\n    <\/p>\n<blockquote class=\"twitter-tweet\" data-lang=\"es\"><p><a href=\"https:\/\/twitter.com\/X\/status\/1965135003320496432?ref_src=twsrc%5Etfw\" rel=\"nofollow noopener\" target=\"_blank\"><\/p><\/blockquote>\n<p class=\"article-text\">\n        Durante la emisi\u00f3n, <strong>Informativos Telecinco<\/strong> tambi\u00e9n se desplaz\u00f3 al edificio de La que se avecina para denunciar que irse de casa cada est\u00e1 m\u00e1s cerca del terreno de la ficci\u00f3n que el de la realidad. Adem\u00e1s, tambi\u00e9n se habl\u00f3 de la falta de mano de obra en la construcci\u00f3n y de los problemas a los que se enfrenta nuestro pa\u00eds si no empieza a construir nuevas viviendas.\n    <\/p>\n<p>    <a href=\"https:\/\/www.eldiario.es\/vertele\/audiencias-tv\/lunes-8-septiembre-2025-asi-comenzado-telecinco-curso-audiencias-estrenos-ana-rosa-el-tiempo-justo-el-precio-de_1_12588014.html\" data-mrf-recirculation=\"saber-mas-abajo\" data-dl-event=\"saber-mas-abajo\" rel=\"nofollow noopener\" target=\"_blank\"><\/p>\n<p class=\"know-more__title\">As\u00ed ha comenzado Telecinco su curso en audiencias con m\u00e1s Ana Rosa y los estrenos de &#8216;El tiempo justo&#8217; y &#8216;El precio de&#8217;\n<\/p>\n<p>            <img decoding=\"async\" class=\"lazy\" loading=\"lazy\" data-src=\"https:\/\/static.eldiario.es\/clip\/dbfe244a-f84c-4e5f-b4c1-dc6db40b580d_16-9-aspect-ratio_default_0.jpg\" src=\"data:image\/svg+xml,%3Csvg xmlns=\" http:=\"\" viewbox=\"0 0 880 495\" alt=\"As\u00ed ha comenzado Telecinco su curso en audiencias con m\u00e1s Ana Rosa y los estrenos de 'El tiempo justo' y 'El precio de'\"\/><\/p>\n<p>                        <\/a><\/p>\n<blockquote class=\"twitter-tweet\" data-lang=\"es\"><p><a href=\"https:\/\/twitter.com\/X\/status\/1965142449464246429?ref_src=twsrc%5Etfw\" rel=\"nofollow noopener\" target=\"_blank\"><\/p><\/blockquote>\n<p class=\"article-text\">\n        Eso s\u00ed, en el informativo dejaron claro que este problema que no es exclusivo de Espa\u00f1a. De hecho, varios corresponsales de Telecinco en el extranjero, contaron sus problemas  para encontrar casa. \u201cEn mi caso personal, me cambi\u00e9 de piso hace un a\u00f1o. Tard\u00e9 meses en encontrarlo y, adem\u00e1s, los precios ya estaban un 20% m\u00e1s caros que hace cinco a\u00f1os, explic\u00f3 <strong>Llu\u00eds Tovar<\/strong> desde Bruselas, una ciudad en la que la oferta de pisos en alquiler se ha desplomado en los \u00faltimos tiempos. \u201dLos precios son tan caros que a veces no queda otra opci\u00f3n que compartir piso con desconocidos. Yo misma he tenido la experiencia de alquilar con cuatro personas m\u00e1s\u201c, coment\u00f3, a su vez, la corresponsal <strong>Ainhoa Paredes<\/strong> desde Londres.\n    <\/p>\n<blockquote class=\"twitter-tweet\" data-lang=\"es\"><p><a href=\"https:\/\/twitter.com\/X\/status\/1965137171003965845?ref_src=twsrc%5Etfw\" rel=\"nofollow noopener\" target=\"_blank\"><\/p><\/blockquote>\n<p>                                    <script async src=\"https:\/\/platform.twitter.com\/widgets.js\" charset=\"utf-8\"><\/script><\/p>\n","protected":false},"excerpt":{"rendered":"Carlos Franganillo present\u00f3 este lunes Informativos Telecinco 21 horas desde un edificio en construcci\u00f3n. Este fue el escenario&hellip;\n","protected":false},"author":2,"featured_media":103479,"comment_status":"","ping_status":"","sticky":false,"template":"","format":"standard","meta":{"footnotes":""},"categories":[171],"tags":[36195,5297,4170,1155,146,147,25,24,9264,36196,27733,19654,23,214,3633],"class_list":{"0":"post-103478","1":"post","2":"type-post","3":"status-publish","4":"format-standard","5":"has-post-thumbnail","7":"category-tv","8":"tag-carlos-franganillo","9":"tag-construccion","10":"tag-crisis","11":"tag-edificio","12":"tag-entertainment","13":"tag-entretenimiento","14":"tag-es","15":"tag-espana","16":"tag-hablar","17":"tag-informativos-telecinco","18":"tag-piso","19":"tag-presento","20":"tag-spain","21":"tag-tv","22":"tag-vivienda"},"share_on_mastodon":{"url":"","error":""},"_links":{"self":[{"href":"https:\/\/www.europesays.com\/es\/wp-json\/wp\/v2\/posts\/103478","targetHints":{"allow":["GET"]}}],"collection":[{"href":"https:\/\/www.europesays.com\/es\/wp-json\/wp\/v2\/posts"}],"about":[{"href":"https:\/\/www.europesays.com\/es\/wp-json\/wp\/v2\/types\/post"}],"author":[{"embeddable":true,"href":"https:\/\/www.europesays.com\/es\/wp-json\/wp\/v2\/users\/2"}],"replies":[{"embeddable":true,"href":"https:\/\/www.europesays.com\/es\/wp-json\/wp\/v2\/comments?post=103478"}],"version-history":[{"count":0,"href":"https:\/\/www.europesays.com\/es\/wp-json\/wp\/v2\/posts\/103478\/revisions"}],"wp:featuredmedia":[{"embeddable":true,"href":"https:\/\/www.europesays.com\/es\/wp-json\/wp\/v2\/media\/103479"}],"wp:attachment":[{"href":"https:\/\/www.europesays.com\/es\/wp-json\/wp\/v2\/media?parent=103478"}],"wp:term":[{"taxonomy":"category","embeddable":true,"href":"https:\/\/www.europesays.com\/es\/wp-json\/wp\/v2\/categories?post=103478"},{"taxonomy":"post_tag","embeddable":true,"href":"https:\/\/www.europesays.com\/es\/wp-json\/wp\/v2\/tags?post=103478"}],"curies":[{"name":"wp","href":"https:\/\/api.w.org\/{rel}","templated":true}]}}