{"id":103504,"date":"2025-09-09T14:18:07","date_gmt":"2025-09-09T14:18:07","guid":{"rendered":"https:\/\/www.europesays.com\/es\/103504\/"},"modified":"2025-09-09T14:18:07","modified_gmt":"2025-09-09T14:18:07","slug":"no-estoy-retirado-entreno-para-estar-en-la-casa-blanca","status":"publish","type":"post","link":"https:\/\/www.europesays.com\/es\/103504\/","title":{"rendered":"No estoy retirado, entreno para estar en la Casa Blanca"},"content":{"rendered":"<p data-gtm-element-container=\"modulo-texto-link\" class=\"paragraph\">Nadie entiende ya a <strong>Jon Jones<\/strong>. El americano anunci\u00f3 su retiro de las artes marciales mixtas el pasado 22 de junio, despu\u00e9s de abandonar las negociaciones para enfrentar a <strong>Tom Aspinall<\/strong> en su nueva defensa del t\u00edtulo del peso pesado. Tras abandonar el deporte, la UFC dio al ingl\u00e9s el cintur\u00f3n indiscutido, y cerr\u00f3 el primer combate del nuevo monarca ante <strong>Cyril Gane. <\/strong>Ni rastro hab\u00eda ya de Bones. Sin embargo, despu\u00e9s de que Dana White oficializara las negociaciones para llevar al conglomerado a la Casa Blanca, el estadounidense ha cambiado de opini\u00f3n: <strong>est\u00e1 activo, en el plan antidopaje de la corporaci\u00f3n y en busca de pelea.<\/strong><\/p>\n<blockquote class=\"twitter-tweet\" data-lang=\"es\"><p>\n<a href=\"https:\/\/twitter.com\/ChampRDS\/status\/1964868494262190505?ref_src=twsrc%5Etfw%7Ctwcamp%5Etweetembed%7Ctwterm%5E1964868494262190505%7Ctwgr%5E28fef226e87cc0fbd1dca96bcc0302e35db19bd5%7Ctwcon%5Es1_&amp;ref_url=https:\/\/www.mmafighting.com\/ufc\/402964\/jon-jones-states-i-am-not-retired-still-training-for-ufc-white-house\" rel=\"nofollow noopener\" target=\"_blank\">\n<\/p><\/blockquote>\n<p data-gtm-element-container=\"modulo-texto-link\" class=\"paragraph\">\u00ab<strong>No estoy retirado<\/strong>, estoy entrenando activamente 5 d\u00edas a la semana y estoy en el Plan Antidopaje de la UFC&#8230; <strong>Estoy entrenando para el evento de la Casa Blanca, estar\u00e9 listo para el evento<\/strong>&#8230; Pero en \u00faltima instancia, la decisi\u00f3n final depende del jefe (Dana White)\u00bb, manifest\u00f3 Bones, en una de sus intervenciones con la prensa en la alfombra roja de los Premios VMA.<\/p>\n<p data-gtm-element-container=\"modulo-texto-link\" class=\"paragraph\">Dana White <strong>descart\u00f3, casi al completo, la presencia de Jon Jones en la velada de la UFC en la Casa Blanca. <\/strong>El CEO de la compa\u00f1\u00eda fue contundente con la prensa, en un postulado que dio la vuelta al mundo:\u00a0\u00abNo he hablado con \u00e9l y no apostar\u00eda nada por \u00e9l. <strong>Las probabilidades de que Jon Jones est\u00e9 en la cartelera de la Casa Blanca son de una entre mil millones<\/strong>\u00ab, apunt\u00f3 White, muy contundente. \u00ab\u00bfQu\u00e9 har\u00e1 \u00e9l en los pr\u00f3ximos dos meses o tres para que yo pueda confiar realmente? Ya dije que no conf\u00edo en \u00e9l&#8230;\u00bb, a\u00f1adi\u00f3 el m\u00e1ximo mandatario de la promotora reina de las MMA.<\/p>\n<p data-gtm-element-container=\"modulo-texto-link\" class=\"paragraph\">La desconfianza del CEO de la UFC reside en las complicadas negociaciones que entabl\u00f3 con Jon Jones para cerrar su pelea con Tom Aspinall.<strong> La compa\u00f1\u00eda ofreci\u00f3 a Bones cantidades exuberantes de dinero<\/strong>, desembolsos jam\u00e1s vislumbrados dentro del conglomerado de MMA m\u00e1s grande del planeta, para despu\u00e9s rechazar un enfrentamiento con el ingl\u00e9s y dejar tirados a los matchmakers de la corporaci\u00f3n. As\u00ed, <strong>Honey Badger hered\u00f3 el t\u00edtulo vacante del peso pesado <\/strong>despu\u00e9s de la retirada moment\u00e1nea de la leyenda de la disciplina.<\/p>\n<p>    Lee tambi\u00e9n<\/p>\n<p data-gtm-element-container=\"modulo-texto-link\" class=\"paragraph\">Jon Jones, sin embargo, decidi\u00f3 reposar toda responsabilidad sobre Dana White en el asunto de su presencia en la velada de la Casa Blanca, pese a las contundentes palabras del CEO en el pasado: \u00ab<strong>La verdad es que no s\u00e9 mi situaci\u00f3n. Ahora mismo est\u00e1 un poco fuera de mi control.<\/strong> Estoy entrenando para el evento, estar\u00e9 listo para el evento, ese es mi objetivo, esa es mi intenci\u00f3n, pero como digo, al final la decisi\u00f3n est\u00e1 en manos del jefe\u00bb, zanj\u00f3.<\/p>\n<p><script async src=\"https:\/\/platform.twitter.com\/widgets.js\" charset=\"utf-8\"><\/script><\/p>\n","protected":false},"excerpt":{"rendered":"Nadie entiende ya a Jon Jones. El americano anunci\u00f3 su retiro de las artes marciales mixtas el pasado&hellip;\n","protected":false},"author":2,"featured_media":103505,"comment_status":"","ping_status":"","sticky":false,"template":"","format":"standard","meta":{"footnotes":""},"categories":[276],"tags":[168,25,24,23,167,343],"class_list":{"0":"post-103504","1":"post","2":"type-post","3":"status-publish","4":"format-standard","5":"has-post-thumbnail","7":"category-ufc","8":"tag-deportes","9":"tag-es","10":"tag-espana","11":"tag-spain","12":"tag-sports","13":"tag-ufc"},"share_on_mastodon":{"url":"","error":""},"_links":{"self":[{"href":"https:\/\/www.europesays.com\/es\/wp-json\/wp\/v2\/posts\/103504","targetHints":{"allow":["GET"]}}],"collection":[{"href":"https:\/\/www.europesays.com\/es\/wp-json\/wp\/v2\/posts"}],"about":[{"href":"https:\/\/www.europesays.com\/es\/wp-json\/wp\/v2\/types\/post"}],"author":[{"embeddable":true,"href":"https:\/\/www.europesays.com\/es\/wp-json\/wp\/v2\/users\/2"}],"replies":[{"embeddable":true,"href":"https:\/\/www.europesays.com\/es\/wp-json\/wp\/v2\/comments?post=103504"}],"version-history":[{"count":0,"href":"https:\/\/www.europesays.com\/es\/wp-json\/wp\/v2\/posts\/103504\/revisions"}],"wp:featuredmedia":[{"embeddable":true,"href":"https:\/\/www.europesays.com\/es\/wp-json\/wp\/v2\/media\/103505"}],"wp:attachment":[{"href":"https:\/\/www.europesays.com\/es\/wp-json\/wp\/v2\/media?parent=103504"}],"wp:term":[{"taxonomy":"category","embeddable":true,"href":"https:\/\/www.europesays.com\/es\/wp-json\/wp\/v2\/categories?post=103504"},{"taxonomy":"post_tag","embeddable":true,"href":"https:\/\/www.europesays.com\/es\/wp-json\/wp\/v2\/tags?post=103504"}],"curies":[{"name":"wp","href":"https:\/\/api.w.org\/{rel}","templated":true}]}}