{"id":103508,"date":"2025-09-09T14:21:11","date_gmt":"2025-09-09T14:21:11","guid":{"rendered":"https:\/\/www.europesays.com\/es\/103508\/"},"modified":"2025-09-09T14:21:11","modified_gmt":"2025-09-09T14:21:11","slug":"hasta-2019-no-tuve-potenciometro-ni-nutricionista","status":"publish","type":"post","link":"https:\/\/www.europesays.com\/es\/103508\/","title":{"rendered":"Hasta 2019 no tuve potenci\u00f3metro ni nutricionista"},"content":{"rendered":"<p data-mrf-recirculation=\"Links P\u00e1rrafos\" class=\"ue-c-article__paragraph paragraph ue-c-article--first-letter-highlighted\">La Vuelta a Espa\u00f1a 2025 ha mostrado un <strong>Movistar<\/strong> diferente. Sin Enric Mas en la pugna por la general, el conjunto telef\u00f3nico ha tenido que reinventarse y buscar triunfos parciales en un terreno que siempre resulta ingrato: el de las escapadas y los sprints reducidos. En esa misi\u00f3n ha aparecido la figura de Orluis Aular (Venezuela, 1996), que se ha quedado varias veces a las puertas de la gloria. <strong>\u201cEstamos contentos, aunque no hemos conseguido todav\u00eda la victoria. Hemos estado muy cerca de lograrlo y eso nos da motivaci\u00f3n para seguir luchando\u201d, asegura a MARCA<\/strong> el ciclista de Nirgua, que ya es pieza clave en la estructura azul.<\/p>\n<p data-mrf-recirculation=\"Links P\u00e1rrafos\" class=\"ue-c-article__paragraph paragraph\"><strong>Cerca del golpe<\/strong><\/p>\n<p data-mrf-recirculation=\"Links P\u00e1rrafos\" class=\"ue-c-article__paragraph paragraph\">El velocista sudamericano roz\u00f3 el triunfo frente a Mads Pedersen, en una de las jornadas marcadas en rojo por el equipo.<strong> \u201cSab\u00edamos que \u00e9l era el m\u00e1ximo favorito y donde estuviera \u00e9l ten\u00eda que estar yo. Al final hice segundo y se demostr\u00f3 que Pedersen estaba un punto por encima. Me queda ese sabor amargo, pero tambi\u00e9n la convicci\u00f3n de que estamos al m\u00e1ximo nivel\u201d,<\/strong> relata. Aular destaca adem\u00e1s el esfuerzo colectivo: \u201c\u00c9ramos menos tras las bajas de Arcas y Pablo Castrillo, pero mis compa\u00f1eros se dejaron todo. Romo, por ejemplo, tir\u00f3 para neutralizar fugas y me ayud\u00f3 much\u00edsimo\u201d.<\/p>\n<p data-mrf-recirculation=\"Links P\u00e1rrafos\" class=\"ue-c-article__paragraph paragraph\"><strong>El calendario de oportunidades<\/strong><\/p>\n<p data-mrf-recirculation=\"Links P\u00e1rrafos\" class=\"ue-c-article__paragraph paragraph\">En plena tercera semana, el venezolano mantiene la fe en que todav\u00eda queda hueco para levantar los brazos: \u201cLa etapa del viernes se adapta a mis condiciones. He levantado el pie en los d\u00edas duros para mentalizarme en ese objetivo. Estamos corriendo cada d\u00eda como si fuera una cl\u00e1sica, y hay que estar preparados cuando llega la oportunidad\u201d.<\/p>\n<p data-mrf-recirculation=\"Links P\u00e1rrafos\" class=\"ue-c-article__paragraph paragraph\">En ese contexto, Aular tambi\u00e9n se preocupa por la salud de su compa\u00f1ero Javi Romo, que sufri\u00f3 una ca\u00edda tras un incidente con un manifestante: \u201cEst\u00e1 golpeado, con quemaduras del asfalto, pero es un chico duro. Por suerte no tiene fracturas y esperamos que pueda estar de nuevo en carrera\u201d.<\/p>\n<p data-mrf-recirculation=\"Links P\u00e1rrafos\" class=\"ue-c-article__paragraph paragraph\"><strong>Presi\u00f3n y mirada larga<\/strong><\/p>\n<p data-mrf-recirculation=\"Links P\u00e1rrafos\" class=\"ue-c-article__paragraph paragraph\">La falta de un l\u00edder para la general ha cambiado el escenario del equipo en la Vuelta. \u201cSiempre hay presi\u00f3n, la gente nos exige una victoria s\u00ed o s\u00ed. Es distinto sin Enric, pero estamos mentalizados. No es imposible. Si seguimos con esta din\u00e1mica, podemos conseguirlo\u201d, confiesa. Y a\u00f1ade un matiz: \u201cEstamos en la m\u00e1xima categor\u00eda, y ganar nunca es f\u00e1cil\u201d.<\/p>\n<p data-mrf-recirculation=\"Links P\u00e1rrafos\" class=\"ue-c-article__paragraph paragraph\">De cara al cierre de temporada, el venezolano se muestra ambicioso: \u201cCreo que hemos hecho un buen a\u00f1o, con victorias, aunque siempre queremos m\u00e1s. Despu\u00e9s de la Vuelta vienen cl\u00e1sicas importantes y quiero terminar con un buen pie. <strong>Todo este calendario tan cargado me va a fortalecer mucho para el pr\u00f3ximo a\u00f1o\u201d.<\/strong><\/p>\n<p data-mrf-recirculation=\"Links P\u00e1rrafos\" class=\"ue-c-article__paragraph paragraph\"><strong>Sue\u00f1o Tour<\/strong><\/p>\n<p data-mrf-recirculation=\"Links P\u00e1rrafos\" class=\"ue-c-article__paragraph paragraph\">Aular ha renovado contrato con Movistar y se ve con galones de futuro. El objetivo est\u00e1 claro: debutar en el Tour de Francia. \u201c<strong>Todo ciclista quiere estar ah\u00ed, y yo soy uno de ellos. Este a\u00f1o he demostrado que puedo estar luchando al m\u00e1ximo nivel.<\/strong> Ojal\u00e1 sea en 2026, y si no, seguir\u00e9 enfocado en hacer un gran calendario. Quiero estar en ese ocho del Tour\u201d, confiesa.<\/p>\n<p data-mrf-recirculation=\"Links P\u00e1rrafos\" class=\"ue-c-article__paragraph paragraph\"><strong>El largo camino<\/strong><\/p>\n<p data-mrf-recirculation=\"Links P\u00e1rrafos\" class=\"ue-c-article__paragraph paragraph\">Su trayectoria no ha sido f\u00e1cil. Antes de llegar al WorldTour, Aular tuvo que recorrer medio planeta. <strong>\u201cCorr\u00ed en M\u00e9xico, en Jap\u00f3n, en Espa\u00f1a\u2026 hasta 2019 no tuve potenci\u00f3metro ni nutricionista. Ahora los j\u00f3venes empiezan con todo eso desde cadetes y por eso rinden tan pronto. A m\u00ed me cost\u00f3 m\u00e1s, pero cada a\u00f1o voy dando un salto de calidad\u201d, <\/strong>explica. El recuerdo de su infancia en Venezuela todav\u00eda le acompa\u00f1a: \u201cDe ni\u00f1o jugaba al f\u00fatbol y al b\u00e9isbol. Un primo me anim\u00f3 a la bici y mi padre, al principio incr\u00e9dulo, termin\u00f3 apoy\u00e1ndome. Desde entonces me mentalic\u00e9 en ser profesional\u201d.<\/p>\n<p data-mrf-recirculation=\"Links P\u00e1rrafos\" class=\"ue-c-article__paragraph paragraph\">Aquel sue\u00f1o de ni\u00f1o ya es una realidad. Hoy, a los 28 a\u00f1os, Aular es el referente venezolano del pelot\u00f3n mundial y uno de los hombres m\u00e1s fiables de un Movistar que busca su sitio. \u201cQuiero seguir creciendo. Cada paso, cada carrera dura, me hace mejor. Este es solo el comienzo\u201d, sentencia.<\/p>\n","protected":false},"excerpt":{"rendered":"La Vuelta a Espa\u00f1a 2025 ha mostrado un Movistar diferente. Sin Enric Mas en la pugna por la&hellip;\n","protected":false},"author":2,"featured_media":103509,"comment_status":"","ping_status":"","sticky":false,"template":"","format":"standard","meta":{"footnotes":""},"categories":[273],"tags":[313,312,168,25,24,23,167],"class_list":{"0":"post-103508","1":"post","2":"type-post","3":"status-publish","4":"format-standard","5":"has-post-thumbnail","7":"category-ciclismo","8":"tag-ciclismo","9":"tag-cycling","10":"tag-deportes","11":"tag-es","12":"tag-espana","13":"tag-spain","14":"tag-sports"},"share_on_mastodon":{"url":"","error":""},"_links":{"self":[{"href":"https:\/\/www.europesays.com\/es\/wp-json\/wp\/v2\/posts\/103508","targetHints":{"allow":["GET"]}}],"collection":[{"href":"https:\/\/www.europesays.com\/es\/wp-json\/wp\/v2\/posts"}],"about":[{"href":"https:\/\/www.europesays.com\/es\/wp-json\/wp\/v2\/types\/post"}],"author":[{"embeddable":true,"href":"https:\/\/www.europesays.com\/es\/wp-json\/wp\/v2\/users\/2"}],"replies":[{"embeddable":true,"href":"https:\/\/www.europesays.com\/es\/wp-json\/wp\/v2\/comments?post=103508"}],"version-history":[{"count":0,"href":"https:\/\/www.europesays.com\/es\/wp-json\/wp\/v2\/posts\/103508\/revisions"}],"wp:featuredmedia":[{"embeddable":true,"href":"https:\/\/www.europesays.com\/es\/wp-json\/wp\/v2\/media\/103509"}],"wp:attachment":[{"href":"https:\/\/www.europesays.com\/es\/wp-json\/wp\/v2\/media?parent=103508"}],"wp:term":[{"taxonomy":"category","embeddable":true,"href":"https:\/\/www.europesays.com\/es\/wp-json\/wp\/v2\/categories?post=103508"},{"taxonomy":"post_tag","embeddable":true,"href":"https:\/\/www.europesays.com\/es\/wp-json\/wp\/v2\/tags?post=103508"}],"curies":[{"name":"wp","href":"https:\/\/api.w.org\/{rel}","templated":true}]}}