{"id":103516,"date":"2025-09-09T14:26:10","date_gmt":"2025-09-09T14:26:10","guid":{"rendered":"https:\/\/www.europesays.com\/es\/103516\/"},"modified":"2025-09-09T14:26:10","modified_gmt":"2025-09-09T14:26:10","slug":"intentamos-desarrollar-proyectos-que-se-amoldan-al-momento-en-el-que-vivimos","status":"publish","type":"post","link":"https:\/\/www.europesays.com\/es\/103516\/","title":{"rendered":"Intentamos desarrollar proyectos que se amoldan al momento en el que vivimos"},"content":{"rendered":"<p class=\"paragraph\" id=\"paragraph_1\">Como dijo el arquitecto Le Corbusier: \u00abLa casa debe ser el estuche de la vida, la m\u00e1quina de felicidad\u00bb.<\/p>\n<p class=\"paragraph\" id=\"paragraph_2\">En este episodio de <a href=\"https:\/\/www.elespanol.com\/mujer\/protagonistas\/20250715\/doctora-electa-navarrete-da-igual-adelgaces-rapido-siempre-medico-detras\/1003743846148_0.html?utm_cmp_rs=linksinline\" rel=\"nofollow noopener\" target=\"_blank\">&#8216;En Marcha con Nuria March&#8217;<\/a> desgranamos el motor de la vida de la reconocida interiorista <strong>Bel\u00e9n Domecq Zurita, fundadora del estudio Grupo Cosmic<\/strong>, la cual junto a Nuria March, relata su trayectoria de m\u00e1s de 25 a\u00f1os en el mundo del dise\u00f1o de interiores.<\/p>\n<p class=\"paragraph\" id=\"paragraph_3\">Nuria y Domecq no solo comparten plano, ambas mantienen una gran amistad desde hace a\u00f1os, hecho que hace que la empresaria no solo la admire personalmente, <strong>sino tambi\u00e9n de forma profesional.<\/strong><\/p>\n<p><img loading=\"lazy\" decoding=\"async\" alt=\"Montaje de Ana Garc\u00eda y un sal\u00f3n.\" height=\"180\" src=\"https:\/\/www.europesays.com\/es\/wp-content\/uploads\/2025\/09\/1003743871346_257714078_320x180.jpg\" width=\"320\" data-lazy-status=\"processed\" data-lazy-info=\"remove loading item 1\"\/><\/p>\n<p class=\"paragraph\" id=\"paragraph_4\">Comienza este episodio present\u00e1ndola como \u00abuna de las interioristas m\u00e1s reconocidas de Espa\u00f1a\u00bb, destacando que ha sido incluida desde 2021 hasta 2024 en \u00abla prestigiosa lista AD que re\u00fane a los mejores dise\u00f1adores del mundo\u00bb.<\/p>\n<p class=\"paragraph\" id=\"paragraph_5\">\u00bfC\u00f3mo ha llegado hasta aqu\u00ed? \u00bfCu\u00e1l ha sido su evoluci\u00f3n profesional? Bel\u00e9n Domecq afirma: \u00abDespu\u00e9s de 25 a\u00f1os puedo decir que llevamos un tiempo en el mercado, ha sido dif\u00edcil, hemos tenido que luchar mucho, <strong>pero estoy muy satisfecha<\/strong>\u00ab.<\/p>\n<p class=\"paragraph\" id=\"paragraph_6\">La fundadora del Grupo Cosmic, se\u00f1ala que su estudio lo conforma \u00abun equipo muy s\u00f3lido con unos proyectos de primera categor\u00eda\u00bb, adem\u00e1s de estar especializados en <strong>proyectos residenciales de alto nivel.<\/strong><\/p>\n<p><img decoding=\"async\" alt=\"La interiorista Bel\u00e9n Domecq es la invitada de la semana.\" data-imgm=\"true\" height=\"180\" loading=\"lazy\"  src=\"https:\/\/www.europesays.com\/es\/wp-content\/uploads\/2025\/09\/1003743915267_258520547_1024x576.jpg\"  width=\"320\"\/><\/p>\n<p>                                                            La interiorista Bel\u00e9n Domecq es la invitada de la semana.<\/p>\n<p class=\"paragraph\" id=\"paragraph_7\">Estos minutos de conversaci\u00f3n sirven a la interiorista para poder puntualizar algunos conceptos del sector y enfatiza: \u00abPuedes llamar como quieras, no por su terminolog\u00eda deja de ser una cosa u otra. Lo que s\u00ed es verdad es que los profesionales como yo\u2026 <strong>tienen una carrera que avala su trabajo<\/strong>\u00ab.<\/p>\n<p class=\"paragraph\" id=\"paragraph_8\">Asimismo, Bel\u00e9n reflexiona acerca de la frivolizaci\u00f3n que ha sufrido su sector: \u00abDe pronto anticuarios o fot\u00f3grafos decid\u00edan que porque ten\u00edan buen gusto pod\u00edan convertirse en decoradores\u00bb.<\/p>\n<p class=\"paragraph\" id=\"paragraph_9\">\u00bfEl trabajo del interiorista va m\u00e1s all\u00e1 de la est\u00e9tica? Domecq enfatiza: \u00abNosotros trabajamos en equipo con arquitectos y damos apoyo al equipo de arquitectura para completar ese trabajo de interior, donde abarcamos todos esos planos t\u00e9cnicos de instalaciones, climatizaci\u00f3n, distribuci\u00f3n, revestimientos\u00bb.<\/p>\n<p class=\"paragraph\" id=\"paragraph_10\">En cuanto a la est\u00e9tica, la interiorista es una profesional distinguida por una caracter\u00edstica est\u00e9tica \u00abserena\u00bb, con un enfoque basado en conseguir que los hogares <strong>sean un refugio para quienes los habitan<\/strong>.<\/p>\n<p class=\"paragraph\" id=\"paragraph_11\">Bel\u00e9n comenta: \u00abEl interior de la vivienda nos produce, en una vida tan estresante que llevamos, la calma que necesitamos\u00bb.<\/p>\n<p class=\"paragraph\" id=\"paragraph_12\">Tambi\u00e9n realiza una contraposici\u00f3n entre continente y contenido, y cuenta c\u00f3mo su trabajo se adapta a la actualidad, evitando el salto generacional entre \u00e9pocas: \u00abIntentamos desarrollar proyectos que se amoldan al momento en el que vivimos\u00bb, cuenta.<\/p>\n<p class=\"paragraph\" id=\"paragraph_13\">Despu\u00e9s de m\u00e1s de dos d\u00e9cadas al servicio del interiorismo, Bel\u00e9n profundiza en an\u00e9cdotas profesionales.<\/p>\n<p class=\"paragraph\" id=\"paragraph_14\">Entre ellas, lo que supuso dise\u00f1ar la casa de un famoso futbolista del Real Madrid: \u00abHace 15 a\u00f1os, tuvimos que hacer una tabiquer\u00eda muy especial para poder dormir con ox\u00edgeno y todo ese cuarto estaba perfectamente cerrado para que \u00e9l pudiera dormir\u2026 Eso le recuperaba despu\u00e9s de los grandes partidos de una manera mucho m\u00e1s eficaz. Entonces fue fant\u00e1stico, fue una experiencia, porque en aquella \u00e9poca no exist\u00eda nada de esto\u00bb.<\/p>\n<p class=\"paragraph\" id=\"paragraph_15\">En este punto, <a href=\"https:\/\/www.elespanol.com\/mujer\/protagonistas\/20250701\/fernando-vega-anos-despues-paraplejia-disfruton-echo-sexo-andar\/1003743826913_0.html?utm_cmp_rs=linksinline\" rel=\"nofollow noopener\" target=\"_blank\">Nuria March<\/a> pregunta a la interiorista c\u00f3mo conjuga colecciones de arte en el dise\u00f1o de interiores, a lo que Domecq dice: <strong>\u00abLos grandes clientes suelen venir acompa\u00f1ados de grandes colecciones\u00bb.<\/strong><\/p>\n<p><img decoding=\"async\" alt=\"Manuel Espejo y Nuria March\" height=\"180\" loading=\"lazy\" width=\"320\" data-lazy-status=\"processed\" id=\"1c24f8b6ad\" src=\"https:\/\/www.elespanol.com\/mujer\/protagonistas\/20250909\/interiorista-belen-domecq-intentamos-desarrollar-proyectos-amoldan-momento-vivimos\/[\" https:=\"\" data-lazy-info=\"changed src\"\/><\/p>\n<p class=\"paragraph\" id=\"paragraph_16\">\u00abTenemos muy en cuenta la iluminaci\u00f3n para ello y desde siempre hay un departamento que es b\u00e1sico, que es esa colecci\u00f3n y hay que darle su sitio para que se vea perfectamente la importancia que requiere\u00bb, a\u00f1ade.<\/p>\n<p class=\"paragraph\" id=\"paragraph_17\">\u00bfC\u00f3mo es su mirada acerca de las tendencias actuales? \u00abNo creemos que esas inversiones deban estar unidas a las modas y a las tendencias. Es mucho m\u00e1s inteligente una inversi\u00f3n sosegada, neutral\u00bb.<\/p>\n<p class=\"paragraph\" id=\"paragraph_18\">Finalmente, destaca que los clientes que llegan a su estudio \u00abya conocen un poco nuestra trayectoria\u2026 <strong>esperan un poco de nosotros<\/strong>\u00bb y a\u00f1ade: \u00abla verdad es que a d\u00f3nde voy lo que me gusta es aprender. Veo, observo, digiero y lo intento interiorizar para mi trabajo\u00bb.<\/p>\n<p>Escucha En Marcha con Nuria March en tu plataforma favorita<\/p>\n<p data-mrf-recirculation=\"links-parrafos\"><a cmp-ltrk=\"links-parrafos\" cmp-ltrk-idx=\"2\" data-mrf-link=\"https:\/\/open.spotify.com\/show\/7lVzmfQtYp9e7w7YPIxAB3\" href=\"https:\/\/open.spotify.com\/show\/7lVzmfQtYp9e7w7YPIxAB3\" mrfobservableid=\"8ab56712-9585-4db5-888d-4baae7d446ff\" rel=\"nofollow noopener\" target=\"_blank\">Spotify<\/a> | <a cmp-ltrk=\"links-parrafos\" cmp-ltrk-idx=\"3\" data-mrf-link=\"https:\/\/www.ivoox.com\/podcast-arreglate-nos-vamos_sq_f11999953_1.html\" href=\"https:\/\/www.ivoox.com\/podcast-arreglate-nos-vamos_sq_f11999953_1.html\" mrfobservableid=\"aced335d-bf1b-4812-be21-9bd999b61a50\" rel=\"nofollow noopener\" target=\"_blank\">Ivoox<\/a> | <a cmp-ltrk=\"links-parrafos\" cmp-ltrk-idx=\"4\" data-mrf-link=\"https:\/\/podcasts.apple.com\/us\/podcast\/arr%C3%A9glate-que-nos-vamos\/id1690588356\" href=\"https:\/\/podcasts.apple.com\/us\/podcast\/arr%C3%A9glate-que-nos-vamos\/id1690588356\" mrfobservableid=\"70c03c62-291c-4bb3-9209-3eafd93296a0\" rel=\"nofollow noopener\" target=\"_blank\">Apple<\/a> | <a cmp-ltrk=\"links-parrafos\" cmp-ltrk-idx=\"5\" data-mrf-link=\"https:\/\/podcasts.google.com\/feed\/aHR0cHM6Ly93d3cuc3ByZWFrZXIuY29tL3Nob3cvNTg2NTI0Ni9lcGlzb2Rlcy9mZWVk?hl=es\" href=\"https:\/\/podcasts.google.com\/feed\/aHR0cHM6Ly93d3cuc3ByZWFrZXIuY29tL3Nob3cvNTg2NTI0Ni9lcGlzb2Rlcy9mZWVk?hl=es\" mrfobservableid=\"27bbf0f5-7d36-4a7d-97ba-6185337b0c2b\" rel=\"nofollow noopener\" target=\"_blank\">Google<\/a> | <a cmp-ltrk=\"links-parrafos\" cmp-ltrk-idx=\"6\" data-mrf-link=\"https:\/\/www.spreaker.com\/show\/arreglate-que-nos-vamos\" href=\"https:\/\/www.spreaker.com\/show\/arreglate-que-nos-vamos\" mrfobservableid=\"22d480a3-1278-446e-b252-1bb696bed5a2\" rel=\"nofollow noopener\" target=\"_blank\">Spreaker<\/a> | <a cmp-ltrk=\"links-parrafos\" cmp-ltrk-idx=\"7\" data-mrf-link=\"https:\/\/music.amazon.es\/podcasts\/8bed8929-d0bc-4d07-8bd4-cdf85377eb20\/arr%C3%A9glate-que-nos-vamos\" href=\"https:\/\/music.amazon.es\/podcasts\/8bed8929-d0bc-4d07-8bd4-cdf85377eb20\/arr%C3%A9glate-que-nos-vamos\" mrfobservableid=\"6563109a-4f19-4de9-a933-c9ee8a75bcfc\" rel=\"nofollow noopener\" target=\"_blank\">Amazon<\/a><\/p>\n","protected":false},"excerpt":{"rendered":"Como dijo el arquitecto Le Corbusier: \u00abLa casa debe ser el estuche de la vida, la m\u00e1quina de&hellip;\n","protected":false},"author":2,"featured_media":103517,"comment_status":"","ping_status":"","sticky":false,"template":"","format":"standard","meta":{"footnotes":""},"categories":[173],"tags":[229,233,231,230,8372,232,234,146,147,25,24,2461,4044,6874,23],"class_list":{"0":"post-103516","1":"post","2":"type-post","3":"status-publish","4":"format-standard","5":"has-post-thumbnail","7":"category-arte-y-diseno","8":"tag-arte","9":"tag-arte-y-diseno","10":"tag-arts","11":"tag-arts-and-design","12":"tag-decoracion","13":"tag-design","14":"tag-diseno","15":"tag-entertainment","16":"tag-entretenimiento","17":"tag-es","18":"tag-espana","19":"tag-mujer","20":"tag-mujeres","21":"tag-protagonistas","22":"tag-spain"},"share_on_mastodon":{"url":"","error":""},"_links":{"self":[{"href":"https:\/\/www.europesays.com\/es\/wp-json\/wp\/v2\/posts\/103516","targetHints":{"allow":["GET"]}}],"collection":[{"href":"https:\/\/www.europesays.com\/es\/wp-json\/wp\/v2\/posts"}],"about":[{"href":"https:\/\/www.europesays.com\/es\/wp-json\/wp\/v2\/types\/post"}],"author":[{"embeddable":true,"href":"https:\/\/www.europesays.com\/es\/wp-json\/wp\/v2\/users\/2"}],"replies":[{"embeddable":true,"href":"https:\/\/www.europesays.com\/es\/wp-json\/wp\/v2\/comments?post=103516"}],"version-history":[{"count":0,"href":"https:\/\/www.europesays.com\/es\/wp-json\/wp\/v2\/posts\/103516\/revisions"}],"wp:featuredmedia":[{"embeddable":true,"href":"https:\/\/www.europesays.com\/es\/wp-json\/wp\/v2\/media\/103517"}],"wp:attachment":[{"href":"https:\/\/www.europesays.com\/es\/wp-json\/wp\/v2\/media?parent=103516"}],"wp:term":[{"taxonomy":"category","embeddable":true,"href":"https:\/\/www.europesays.com\/es\/wp-json\/wp\/v2\/categories?post=103516"},{"taxonomy":"post_tag","embeddable":true,"href":"https:\/\/www.europesays.com\/es\/wp-json\/wp\/v2\/tags?post=103516"}],"curies":[{"name":"wp","href":"https:\/\/api.w.org\/{rel}","templated":true}]}}