{"id":103568,"date":"2025-09-09T14:55:07","date_gmt":"2025-09-09T14:55:07","guid":{"rendered":"https:\/\/www.europesays.com\/es\/103568\/"},"modified":"2025-09-09T14:55:07","modified_gmt":"2025-09-09T14:55:07","slug":"la-ciencia-confirma-que-el-cerrebro-ahorra-capas-y-ha-llegado-el-momento-de-prepararnos-para-el-envejecimiento","status":"publish","type":"post","link":"https:\/\/www.europesays.com\/es\/103568\/","title":{"rendered":"La ciencia confirma que el cerrebro \u00abahorra\u00bb capas y ha llegado el momento de prepararnos para el envejecimiento"},"content":{"rendered":"<p>Una nueva investigaci\u00f3n liderada por el <b>Centro Alem\u00e1n de Enfermedades Neurodegenerativas (DZNE)<\/b>, la <b>Universidad de Magdeburgo<\/b> y el <b>Instituto Hertie de Investigaci\u00f3n Cl\u00ednica del Cerebro<\/b> ha revelado que la corteza cerebral envejece de manera mucho menos uniforme de lo que se cre\u00eda. El estudio, publicado en la prestigiosa revista Nature Neuroscience, demuestra que la corteza se reduce con la edad, pero lo hace por capas, siendo las m\u00e1s resistentes aquellas que se utilizan con mayor intensidad.<\/p>\n<p>Hasta ahora, se asum\u00eda que el volumen cerebral se reduc\u00eda con la edad debido a la p\u00e9rdida de neuronas y que esto implicaba una funcionalidad menor. \u00abSin embargo, se sabe poco sobre c\u00f3mo envejece realmente la corteza\u00bb, explica la profesora <b>Esther K\u00fchn<\/b>, neurocient\u00edfica del DZNE. Por ello, los investigadores utilizaron esc\u00e1neres cerebrales de alta resoluci\u00f3n para mapear el \u00e1rea de la corteza cerebral responsable del sentido del tacto en 60 hombres y mujeres de entre 21 y 80 a\u00f1os.<\/p>\n<p>La resistencia de las capas m\u00e1s estimuladas<\/p>\n<p>El estudio descubri\u00f3 que, a pesar de que la corteza cerebral se vuelve m\u00e1s delgada en general, <b>algunas de sus capas se mantienen estables o incluso se vuelven m\u00e1s gruesas con la edad<\/b>. Esta notable resistencia al envejecimiento se atribuye a un mayor uso, ya que estas capas est\u00e1n m\u00e1s expuestas a est\u00edmulos externos. \u00abPresumiblemente, porque est\u00e1n especialmente solicitadas y, por lo tanto, conservan su funcionalidad\u00bb, detalla K\u00fchn. Este hallazgo es una clara evidencia de la <b>neuroplasticidad<\/b> o la capacidad de adaptaci\u00f3n del cerebro, incluso en personas mayores.<\/p>\n<p>En contraste, las capas m\u00e1s profundas de la corteza mostraron una degeneraci\u00f3n m\u00e1s notable y eran m\u00e1s delgadas en los participantes mayores que en los m\u00e1s j\u00f3venes. Los autores del estudio consideran que esto se debe a que los circuitos neuronales en estas \u00e1reas se estimulan en menor medida, especialmente en la edad adulta.<\/p>\n<p>La investigadora concluye que<b> estos hallazgos refuerzan la idea de que podemos beneficiar a nuestro cerebro con una estimulaci\u00f3n adecuada<\/b>. \u00abCreo que es una idea optimista que podamos influir en nuestro proceso de envejecimiento hasta cierto punto\u00bb, afirma K\u00fchn.<\/p>\n<p>WhatsApp<a href=\"https:\/\/api.whatsapp.com\/send?text=https:\/\/www.eleconomista.es\/actualidad\/noticias\/13536782\/09\/25\/la-ciencia-confirma-que-ha-llegado-el-momento-de-prepararnos-para-el-envejecimiento-del-cerebro-podemos-influir-hasta-cierto-punto-2.html?utm_source%3Dwhatsapp%26utm_medium%3Dshare_button&amp;id=1648118629957_whatsapp\" target=\"_blank\" data-action=\"share\/whatsapp\/share\" aria-label=\"Compartir en Whatsapp\" rel=\"nofollow noopener\"><\/a>Facebook<a id=\"fb-share\" href=\"#\" target=\"_blank\" rel=\"noopener noreferrer\" aria-label=\"Compartir en Facebook\"><\/a>Twitter<a href=\"https:\/\/twitter.com\/share?text=La+ciencia+confirma+que+el+cerrebro+%22ahorra%22+capas+y+ha+llegado+el+momento+de+prepararnos+para+el+envejecimiento&amp;url=https:\/\/www.eleconomista.es\/actualidad\/noticias\/13536782\/09\/25\/la-ciencia-confirma-que-ha-llegado-el-momento-de-prepararnos-para-el-envejecimiento-del-cerebro-podemos-influir-hasta-cierto-punto-2.html&amp;via=elEconomistaes&amp;id=1648118839245_twitter\" target=\"_blank\" aria-label=\"Compartir en Twitter\" rel=\"nofollow noopener\"><\/a>Linkedin<a href=\"https:\/\/linkedin.com\/share?text=https:\/\/www.eleconomista.es\/actualidad\/noticias\/13536782\/09\/25\/la-ciencia-confirma-que-ha-llegado-el-momento-de-prepararnos-para-el-envejecimiento-del-cerebro-podemos-influir-hasta-cierto-punto-2.html&amp;via=elEconomistaes\" target=\"_blank\" aria-label=\"Compartir en linkedin\" rel=\"nofollow noopener\"><\/a>Beloud<a href=\"https:\/\/beloud.com\/share?text=La+ciencia+confirma+que+el+cerrebro+%22ahorra%22+capas+y+ha+llegado+el+momento+de+prepararnos+para+el+envejecimiento&amp;url=https:\/\/www.eleconomista.es\/actualidad\/noticias\/13536782\/09\/25\/la-ciencia-confirma-que-ha-llegado-el-momento-de-prepararnos-para-el-envejecimiento-del-cerebro-podemos-influir-hasta-cierto-punto-2.html&amp;via=elEconomistaes&amp;id=1648118839245_beloud\" target=\"_blank\" aria-label=\"Compartir en beloud\" rel=\"nofollow noopener\"><\/a>Bluesky<a href=\"https:\/\/bsky.app\/intent\/compose?text=https:\/\/bsky.app\/intent\/compose?text=https:\/\/www.eleconomista.es\/actualidad\/noticias\/13536782\/09\/25\/la-ciencia-confirma-que-ha-llegado-el-momento-de-prepararnos-para-el-envejecimiento-del-cerebro-podemos-influir-hasta-cierto-punto-2.html&amp;url=https:\/\/www.eleconomista.es\/actualidad\/noticias\/13536782\/09\/25\/la-ciencia-confirma-que-ha-llegado-el-momento-de-prepararnos-para-el-envejecimiento-del-cerebro-podemos-influir-hasta-cierto-punto-2.html&amp;via=elEconomistaes&amp;id=1648118839245_bluesky\" target=\"_blank\" aria-label=\"Compartir en bluesky\" rel=\"nofollow noopener\"><\/a><\/p>\n<p><script async src=\"https:\/\/platform.twitter.com\/widgets.js\" charset=\"utf-8\"><\/script><\/p>\n","protected":false},"excerpt":{"rendered":"Una nueva investigaci\u00f3n liderada por el Centro Alem\u00e1n de Enfermedades Neurodegenerativas (DZNE), la Universidad de Magdeburgo y el&hellip;\n","protected":false},"author":2,"featured_media":103569,"comment_status":"","ping_status":"","sticky":false,"template":"","format":"standard","meta":{"footnotes":""},"categories":[92],"tags":[517,25,24,165,166,23],"class_list":{"0":"post-103568","1":"post","2":"type-post","3":"status-publish","4":"format-standard","5":"has-post-thumbnail","7":"category-salud","8":"tag-actualidad","9":"tag-es","10":"tag-espana","11":"tag-health","12":"tag-salud","13":"tag-spain"},"share_on_mastodon":{"url":"","error":""},"_links":{"self":[{"href":"https:\/\/www.europesays.com\/es\/wp-json\/wp\/v2\/posts\/103568","targetHints":{"allow":["GET"]}}],"collection":[{"href":"https:\/\/www.europesays.com\/es\/wp-json\/wp\/v2\/posts"}],"about":[{"href":"https:\/\/www.europesays.com\/es\/wp-json\/wp\/v2\/types\/post"}],"author":[{"embeddable":true,"href":"https:\/\/www.europesays.com\/es\/wp-json\/wp\/v2\/users\/2"}],"replies":[{"embeddable":true,"href":"https:\/\/www.europesays.com\/es\/wp-json\/wp\/v2\/comments?post=103568"}],"version-history":[{"count":0,"href":"https:\/\/www.europesays.com\/es\/wp-json\/wp\/v2\/posts\/103568\/revisions"}],"wp:featuredmedia":[{"embeddable":true,"href":"https:\/\/www.europesays.com\/es\/wp-json\/wp\/v2\/media\/103569"}],"wp:attachment":[{"href":"https:\/\/www.europesays.com\/es\/wp-json\/wp\/v2\/media?parent=103568"}],"wp:term":[{"taxonomy":"category","embeddable":true,"href":"https:\/\/www.europesays.com\/es\/wp-json\/wp\/v2\/categories?post=103568"},{"taxonomy":"post_tag","embeddable":true,"href":"https:\/\/www.europesays.com\/es\/wp-json\/wp\/v2\/tags?post=103568"}],"curies":[{"name":"wp","href":"https:\/\/api.w.org\/{rel}","templated":true}]}}