{"id":103615,"date":"2025-09-09T15:22:09","date_gmt":"2025-09-09T15:22:09","guid":{"rendered":"https:\/\/www.europesays.com\/es\/103615\/"},"modified":"2025-09-09T15:22:09","modified_gmt":"2025-09-09T15:22:09","slug":"bayrou-primer-ministro-de-francia-presenta-su-dimision-internacional","status":"publish","type":"post","link":"https:\/\/www.europesays.com\/es\/103615\/","title":{"rendered":"Bayrou, primer ministro de Francia, presenta su dimisi\u00f3n | Internacional"},"content":{"rendered":"<p>El primer ministro centrista de Francia, Fran\u00e7ois Bayrou, ha presentado oficialmente su dimisi\u00f3n esta ma\u00f1ana en el palacio del El\u00edseo, despu\u00e9s de <a href=\"https:\/\/cadenaser.com\/nacional\/2025\/09\/08\/bayrou-advierte-sobre-la-amenaza-que-representa-la-deuda-publica-para-francia-en-su-ultimo-alegato-ante-la-asamblea-nacional-cadena-ser\/\" target=\"_blank\" rel=\"nofollow noopener\" title=\"https:\/\/cadenaser.com\/nacional\/2025\/09\/08\/bayrou-advierte-sobre-la-amenaza-que-representa-la-deuda-publica-para-francia-en-su-ultimo-alegato-ante-la-asamblea-nacional-cadena-ser\/\">perder el lunes la cuesti\u00f3n de confianza<\/a> que \u00e9l mismo present\u00f3 ante la Asamblea Nacional francesa. <\/p>\n<p>Tanto la izquierda como <a href=\"https:\/\/cadenaser.com\/nacional\/2025\/09\/01\/le-pen-da-por-finiquitado-el-gobierno-de-bayrou-y-prepara-a-su-partido-para-unas-elecciones-en-francia-cadena-ser\/\" target=\"_blank\" rel=\"nofollow noopener\" title=\"https:\/\/cadenaser.com\/nacional\/2025\/09\/01\/le-pen-da-por-finiquitado-el-gobierno-de-bayrou-y-prepara-a-su-partido-para-unas-elecciones-en-francia-cadena-ser\/\">la ultraderecha<\/a> votaron en contra de la continuidad de Bayrou, cuyo Gobierno estaba sostenido por una d\u00e9bil aritm\u00e9tica parlamentaria, que termin\u00f3 por derrumbarse cuando el premier present\u00f3 su proyecto de presupuestos, unas cuentas con amplios recortes sociales para salvar la delicada situaci\u00f3n financiera de Francia. <\/p>\n<p><img decoding=\"async\" src=\"https:\/\/www.europesays.com\/es\/wp-content\/uploads\/2025\/09\/I3EATWKI6BI5PNYKXV7HFSTVXY.jpg\" alt=\"Resultado de la votaci\u00f3n en la Asamblea Nacional francesa. \" width=\"4\" height=\"3\"  loading=\"lazy\"\/><\/p>\n<p>Resultado de la votaci\u00f3n en la Asamblea Nacional francesa.  \/ YOAN VALAT<\/p>\n<p>Ampliar<img decoding=\"async\" src=\"https:\/\/www.europesays.com\/es\/wp-content\/uploads\/2025\/09\/1757431329_627_I3EATWKI6BI5PNYKXV7HFSTVXY.jpg\" alt=\"Resultado de la votaci\u00f3n en la Asamblea Nacional francesa. \" width=\"4\" height=\"3\" loading=\"lazy\"\/><\/p>\n<p>Resultado de la votaci\u00f3n en la Asamblea Nacional francesa.  \/ YOAN VALAT<\/p>\n<p>Cerrar<\/p>\n<p>Ocho meses despu\u00e9s de su llegada, Bayrou se despide del Ejecutivo -el cuarto en caer desde que Macron inici\u00f3 su segunda legislatura como presidente de la Rep\u00fablica, en 2022-. El presidente franc\u00e9s, Emmanuel Macron, descarta convocar elecciones y, a pesar de la debilidad parlamentaria, en el El\u00edseo dicen que nombrar\u00e1 a un nuevo primer ministro \u00aben los pr\u00f3ximos d\u00edas\u00bb.<\/p>\n","protected":false},"excerpt":{"rendered":"El primer ministro centrista de Francia, Fran\u00e7ois Bayrou, ha presentado oficialmente su dimisi\u00f3n esta ma\u00f1ana en el palacio&hellip;\n","protected":false},"author":2,"featured_media":103616,"comment_status":"","ping_status":"","sticky":false,"template":"","format":"standard","meta":{"footnotes":""},"categories":[42],"tags":[17,18,36210,13,14,11,61,62,63,64,19,20,9,10,15,16,28415,88,12,21,22,65,66,67],"class_list":{"0":"post-103615","1":"post","2":"type-post","3":"status-publish","4":"format-standard","5":"has-post-thumbnail","7":"category-internacional","8":"tag-breaking-news","9":"tag-breakingnews","10":"tag-confidence-vote","11":"tag-featured-news","12":"tag-featurednews","13":"tag-headlines","14":"tag-internacional","15":"tag-international","16":"tag-international-news","17":"tag-internationalnews","18":"tag-latest-news","19":"tag-latestnews","20":"tag-news","21":"tag-noticias","22":"tag-noticias-destacadas","23":"tag-noticiasdestacadas","24":"tag-parliament","25":"tag-politics","26":"tag-titulares","27":"tag-ultimas-noticias","28":"tag-ultimasnoticias","29":"tag-world","30":"tag-world-news","31":"tag-worldnews"},"share_on_mastodon":{"url":"","error":""},"_links":{"self":[{"href":"https:\/\/www.europesays.com\/es\/wp-json\/wp\/v2\/posts\/103615","targetHints":{"allow":["GET"]}}],"collection":[{"href":"https:\/\/www.europesays.com\/es\/wp-json\/wp\/v2\/posts"}],"about":[{"href":"https:\/\/www.europesays.com\/es\/wp-json\/wp\/v2\/types\/post"}],"author":[{"embeddable":true,"href":"https:\/\/www.europesays.com\/es\/wp-json\/wp\/v2\/users\/2"}],"replies":[{"embeddable":true,"href":"https:\/\/www.europesays.com\/es\/wp-json\/wp\/v2\/comments?post=103615"}],"version-history":[{"count":0,"href":"https:\/\/www.europesays.com\/es\/wp-json\/wp\/v2\/posts\/103615\/revisions"}],"wp:featuredmedia":[{"embeddable":true,"href":"https:\/\/www.europesays.com\/es\/wp-json\/wp\/v2\/media\/103616"}],"wp:attachment":[{"href":"https:\/\/www.europesays.com\/es\/wp-json\/wp\/v2\/media?parent=103615"}],"wp:term":[{"taxonomy":"category","embeddable":true,"href":"https:\/\/www.europesays.com\/es\/wp-json\/wp\/v2\/categories?post=103615"},{"taxonomy":"post_tag","embeddable":true,"href":"https:\/\/www.europesays.com\/es\/wp-json\/wp\/v2\/tags?post=103615"}],"curies":[{"name":"wp","href":"https:\/\/api.w.org\/{rel}","templated":true}]}}