{"id":103617,"date":"2025-09-09T15:23:09","date_gmt":"2025-09-09T15:23:09","guid":{"rendered":"https:\/\/www.europesays.com\/es\/103617\/"},"modified":"2025-09-09T15:23:09","modified_gmt":"2025-09-09T15:23:09","slug":"muere-un-hombre-al-caerse-en-un-pozo-mientras-recogia-aceituna-en-utrera","status":"publish","type":"post","link":"https:\/\/www.europesays.com\/es\/103617\/","title":{"rendered":"Muere un hombre al caerse en un pozo mientras recog\u00eda aceituna en Utrera"},"content":{"rendered":"<p>El asunto se investiga como accidente laboral y agrava el a\u00f1o negro de Sevilla en siniestralidad en los tajos\n<\/p>\n<p><img fetchpriority=\"high\" class=\"voc-img\" src=\"https:\/\/www.europesays.com\/es\/wp-content\/uploads\/2025\/09\/foto-recogiendo-aceituna-kmrH-U701513987520HVE-1200x840@diario_abc.jpeg\" loading=\"eager\" decoding=\"async\" alt=\"Foto de archivo de unos trabajadores de la aceituna\" width=\"1200\" height=\"835\"\/><\/p>\n<p>Foto de archivo de unos trabajadores de la aceituna    EFE  <\/p>\n<p><img decoding=\"async\" class=\"voc-author__img\" src=\"https:\/\/www.europesays.com\/es\/wp-content\/uploads\/2025\/08\/autor-7314-foto-1.jpeg\" alt=\"Fernando Barroso Vargas\"\/><\/p>\n<p>09\/09\/2025<br \/>\n<br \/><strong><br \/>\nActualizado a las 16:12h.<br \/>\n<\/strong><\/p>\n<p class=\"voc-p\" style=\"\">Contin\u00faa la sangr\u00eda de accidentes mortales en la provincia de Sevilla, que vive un aut\u00e9ntico <strong>a\u00f1o negro en materia de siniestralidad laboral<\/strong>. Esta vez ha sido en la localidad de Utrera, donde ha fallecido un trabajador agr\u00edcola.<\/p>\n<p class=\"voc-p\" style=\"\">Seg\u00fan han informado la Guardia Civil y el servicio unificado de emergencias 112 de Andaluc\u00eda, el accidente ha ocurrido poco antes de las 11,45 horas en una explotaci\u00f3n agr\u00edcola del paraje conocido como La Jornada, en el C<strong>amino de las Perdigueras de Utrera<\/strong>.<\/p>\n<p class=\"voc-p\" style=\"\">All\u00ed, un hombre que trabajaba recogiendo aceitunas ha ca\u00eddo al interior de un pozo, en circunstancias que no han trascendido. Una vez dada la voz de alarma, fueron movilizadas dotaciones del 061, la <strong>Guardia Civil<\/strong> y de los bomberos de la provincia.<\/p>\n<p class=\"voc-p\" style=\"\">Fueron los <strong>bomberos<\/strong>, precisamente, quienes recuperaron del interior del pozo, que conten\u00eda agua, el cuerpo ya sin vida del trabajador, siendo el asunto investigado por la Guardia Civil como accidente laboral. <\/p>\n<p class=\"voc-p\" style=\"\">Ante ello, el asunto ha sido notificado a la <strong>Inspecci\u00f3n Provincial de Trabajo<\/strong>, as\u00ed como al Centro de Prevenci\u00f3n de Riesgos Laborales, para que inicien las correspondientes actuaciones. <\/p>\n<p class=\"voc-p\" style=\"\">Este accidente laboral ha elevado a pr\u00e1cticamente la treintena el n\u00famero de <strong>v\u00edctimas mortales en los tajos sevillanos<\/strong> durante lo transcurrido de 2025, dato ya muy superior a los 21 fallecidos de todo el a\u00f1o pasado y los 25 de 2023, cuando a\u00fan restan m\u00e1s de tres meses y medio para finalizar el actual ejercicio. <\/p>\n<p>Reportar un error<\/p>\n","protected":false},"excerpt":{"rendered":"El asunto se investiga como accidente laboral y agrava el a\u00f1o negro de Sevilla en siniestralidad en los&hellip;\n","protected":false},"author":2,"featured_media":103618,"comment_status":"","ping_status":"","sticky":false,"template":"","format":"standard","meta":{"footnotes":""},"categories":[8],"tags":[26345,17,18,34854,25,24,13,14,11,366,19,20,8938,9,10,15,16,36211,36212,23,12,21,22,11441],"class_list":{"0":"post-103617","1":"post","2":"type-post","3":"status-publish","4":"format-standard","5":"has-post-thumbnail","7":"category-espana","8":"tag-aceituna","9":"tag-breaking-news","10":"tag-breakingnews","11":"tag-caerse","12":"tag-es","13":"tag-espana","14":"tag-featured-news","15":"tag-featurednews","16":"tag-headlines","17":"tag-hombre","18":"tag-latest-news","19":"tag-latestnews","20":"tag-muere","21":"tag-news","22":"tag-noticias","23":"tag-noticias-destacadas","24":"tag-noticiasdestacadas","25":"tag-pozo","26":"tag-recogia","27":"tag-spain","28":"tag-titulares","29":"tag-ultimas-noticias","30":"tag-ultimasnoticias","31":"tag-utrera"},"share_on_mastodon":{"url":"","error":""},"_links":{"self":[{"href":"https:\/\/www.europesays.com\/es\/wp-json\/wp\/v2\/posts\/103617","targetHints":{"allow":["GET"]}}],"collection":[{"href":"https:\/\/www.europesays.com\/es\/wp-json\/wp\/v2\/posts"}],"about":[{"href":"https:\/\/www.europesays.com\/es\/wp-json\/wp\/v2\/types\/post"}],"author":[{"embeddable":true,"href":"https:\/\/www.europesays.com\/es\/wp-json\/wp\/v2\/users\/2"}],"replies":[{"embeddable":true,"href":"https:\/\/www.europesays.com\/es\/wp-json\/wp\/v2\/comments?post=103617"}],"version-history":[{"count":0,"href":"https:\/\/www.europesays.com\/es\/wp-json\/wp\/v2\/posts\/103617\/revisions"}],"wp:featuredmedia":[{"embeddable":true,"href":"https:\/\/www.europesays.com\/es\/wp-json\/wp\/v2\/media\/103618"}],"wp:attachment":[{"href":"https:\/\/www.europesays.com\/es\/wp-json\/wp\/v2\/media?parent=103617"}],"wp:term":[{"taxonomy":"category","embeddable":true,"href":"https:\/\/www.europesays.com\/es\/wp-json\/wp\/v2\/categories?post=103617"},{"taxonomy":"post_tag","embeddable":true,"href":"https:\/\/www.europesays.com\/es\/wp-json\/wp\/v2\/tags?post=103617"}],"curies":[{"name":"wp","href":"https:\/\/api.w.org\/{rel}","templated":true}]}}