{"id":103625,"date":"2025-09-09T15:35:07","date_gmt":"2025-09-09T15:35:07","guid":{"rendered":"https:\/\/www.europesays.com\/es\/103625\/"},"modified":"2025-09-09T15:35:07","modified_gmt":"2025-09-09T15:35:07","slug":"javier-romo-el-ciclista-que-se-vio-implicado-en-el-incidente-con-un-manifestante-en-o-corgo-abandona-la-vuelta-a-consecuencia-de-la-caida","status":"publish","type":"post","link":"https:\/\/www.europesays.com\/es\/103625\/","title":{"rendered":"Javier Romo, el ciclista\u00a0que\u00a0se vio implicado en el incidente con un manifestante en O Corgo, abandona La Vuelta a consecuencia de la ca\u00edda"},"content":{"rendered":"<p>\t\t\t\t\t\tEl corredor manchego\u00a0de Movistar trat\u00f3 de seguir en la carrera tras el percance sufrido en el marco de las protestas pro-Palestina, pero se acab\u00f3 retirando en la etapa Poio-Mos<br \/>\n\t\t\t\t\t\t\t\t\t\t\t\t<strong>09 sep 2025<\/strong> . Actualizado a las 17:34 h.\t\t\t\t\t\t<\/p>\n<p class=\"first-paragraph txt\"><strong>El pasado domingo el ciclista de Movistar se ve\u00eda\u00a0implicado en una ca\u00edda<\/strong> camino de Monforte de Lemos, tras el intento de un manifestante\u00a0 de llegar hasta la calzada y la irrupci\u00f3n de un policia en la carretera para controlar al espont\u00e1neo.<\/p>\n<p class=\"txt\"><strong>Intent\u00f3 continuar<\/strong> en la carrera tomando la salida esta ma\u00f1ana en Poio, pero a 85 kil\u00f3metros de la meta de Mos <strong>no pudo continuar debido a las lesiones causadas y puso punto y final a su participaci\u00f3n en La Vuelta 2025<\/strong>.<\/p>\n<p class=\"txt\">El espa\u00f1ol\u00a0<strong>rompi\u00f3 su silencio tras la jornada de descanso<\/strong> para manifestar sus sensaciones de aquel incidente.\u00a0\u00abAyer no pude disfrutar del d\u00eda de descanso. Llev\u00e1bamos seis d\u00edas esper\u00e1ndolo y ni siquiera pude salir a dar un paseo\u00bb, coment\u00f3 el corredor manchego.<\/p>\n<p class=\"txt\"><strong>Preguntado por los rumores que indicaban que agredi\u00f3 al activista propalestino, Romo desminti\u00f3 tal extremo<\/strong>.\u00a0\u00abNo s\u00e9 de d\u00f3nde ha salido lo de la pelea. Si hay un v\u00eddeo, mu\u00e9stramelo. Yo no he pegado a nadie\u00bb, ret\u00f3 al periodista que le formul\u00f3 la pregunta.<\/p>\n<p class=\"txt\">Romo <strong>lanz\u00f3 un mensaje sobre los valores que destaca del <a href=\"https:\/\/www.lavozdegalicia.es\/temas\/ciclismo\" rel=\"nofollow noopener\" target=\"_blank\">ciclismo<\/a><\/strong>.\u00a0\u00abAl final yo estoy haciendo mi trabajo. Creo que estamos ofreciendo un espect\u00e1culo deportivo, que es lo que deber\u00eda mostrarse. Somos corredores que entrenamos cada d\u00eda, llevamos una vida espartana y somos un ejemplo para los j\u00f3venes. Y, sin embargo, se est\u00e1 mostrando otra cosa\u00bb, coment\u00f3.<\/p>\n<p class=\"txt\">\u00abMi primera reacci\u00f3n cuando me tiran a 50 por hora es la de cualquier persona. <strong>Creo que se pod\u00eda haber provocado una tragedia mucho mayor<\/strong>. Por suerte solo tengo golpes, no peque\u00f1os, pero pude coger la segunda bici y volver al pelot\u00f3n a hacer mi trabajo\u00bb, concluy\u00f3.<\/p>\n<p>&#13;<br \/>\n\tArchivado en:&#13;<br \/>\n\t\t\t\t\t<a href=\"https:\/\/www.lavozdegalicia.es\/temas\/vuelta-a-espana\/\" target=\"_blank\" class=\"mg-l\" rel=\"nofollow noopener\">Vuelta a Espa\u00f1a<\/a>&#13;<br \/>\n\t\t\t\t\t<a href=\"https:\/\/www.lavozdegalicia.es\/temas\/ciclismo\/\" target=\"_blank\" class=\"mg-l\" rel=\"nofollow noopener\">Ciclismo<\/a>&#13;<br \/>\n\t&#13;<\/p>\n","protected":false},"excerpt":{"rendered":"El corredor manchego\u00a0de Movistar trat\u00f3 de seguir en la carrera tras el percance sufrido en el marco de&hellip;\n","protected":false},"author":2,"featured_media":103626,"comment_status":"","ping_status":"","sticky":false,"template":"","format":"standard","meta":{"footnotes":""},"categories":[273],"tags":[313,312,168,25,24,23,167,5411],"class_list":{"0":"post-103625","1":"post","2":"type-post","3":"status-publish","4":"format-standard","5":"has-post-thumbnail","7":"category-ciclismo","8":"tag-ciclismo","9":"tag-cycling","10":"tag-deportes","11":"tag-es","12":"tag-espana","13":"tag-spain","14":"tag-sports","15":"tag-vuelta-a-espana"},"share_on_mastodon":{"url":"","error":""},"_links":{"self":[{"href":"https:\/\/www.europesays.com\/es\/wp-json\/wp\/v2\/posts\/103625","targetHints":{"allow":["GET"]}}],"collection":[{"href":"https:\/\/www.europesays.com\/es\/wp-json\/wp\/v2\/posts"}],"about":[{"href":"https:\/\/www.europesays.com\/es\/wp-json\/wp\/v2\/types\/post"}],"author":[{"embeddable":true,"href":"https:\/\/www.europesays.com\/es\/wp-json\/wp\/v2\/users\/2"}],"replies":[{"embeddable":true,"href":"https:\/\/www.europesays.com\/es\/wp-json\/wp\/v2\/comments?post=103625"}],"version-history":[{"count":0,"href":"https:\/\/www.europesays.com\/es\/wp-json\/wp\/v2\/posts\/103625\/revisions"}],"wp:featuredmedia":[{"embeddable":true,"href":"https:\/\/www.europesays.com\/es\/wp-json\/wp\/v2\/media\/103626"}],"wp:attachment":[{"href":"https:\/\/www.europesays.com\/es\/wp-json\/wp\/v2\/media?parent=103625"}],"wp:term":[{"taxonomy":"category","embeddable":true,"href":"https:\/\/www.europesays.com\/es\/wp-json\/wp\/v2\/categories?post=103625"},{"taxonomy":"post_tag","embeddable":true,"href":"https:\/\/www.europesays.com\/es\/wp-json\/wp\/v2\/tags?post=103625"}],"curies":[{"name":"wp","href":"https:\/\/api.w.org\/{rel}","templated":true}]}}