{"id":103637,"date":"2025-09-09T15:41:10","date_gmt":"2025-09-09T15:41:10","guid":{"rendered":"https:\/\/www.europesays.com\/es\/103637\/"},"modified":"2025-09-09T15:41:10","modified_gmt":"2025-09-09T15:41:10","slug":"presentacion-del-libro-encuentra-tu-pasion-de-carlos-murua","status":"publish","type":"post","link":"https:\/\/www.europesays.com\/es\/103637\/","title":{"rendered":"Presentaci\u00f3n del libro \u00abENCUENTRA TU PASI\u00d3N\u00bb, de Carlos Mur\u00faa."},"content":{"rendered":"<p><strong>Evento presentaci\u00f3n, pr\u00f3ximo s\u00e1bado 13 de septiembre, a las 17.30 horas<\/strong>, <strong>en el Instituto Saravia, ubicado en\u00a0<\/strong><a href=\"https:\/\/share.google\/pE5SR0dv2N9eCPTPb\" rel=\"nofollow noopener\" target=\"_blank\"><strong>Boulogne Sur Mer 80, General Pacheco<\/strong><\/a><strong>, la entrada ser\u00e1 libre y gratuita.<\/strong><\/p>\n<p><img loading=\"lazy\" decoding=\"async\" width=\"800\" height=\"600\" src=\"https:\/\/www.europesays.com\/es\/wp-content\/uploads\/2025\/09\/libro-encontra-tu-pasion-foto-portada.jpg\" alt=\"\" class=\"wp-image-191693\"  \/><\/p>\n<p>Durante la charla, el autor abordar\u00e1 uno de los desaf\u00edos m\u00e1s urgentes de la sociedad actual: la falta de motivaci\u00f3n y prop\u00f3sito en la vida cotidiana. Seg\u00fan Murua,\u00a0<strong>\u201ccuando una persona descubre su verdadera pasi\u00f3n, hay un antes y un despu\u00e9s: deja de sobrevivir y comienza a vivir plenamente\u201d.<\/strong><\/p>\n<p>La mayor parte de nuestra vida la pasamos trabajando. Sin embargo, estudios revelan que\u00a0<strong>8 de cada 10 personas no disfrutan lo que hacen.<\/strong>\u00a0Viven atrapadas en la rutina, frustradas, estresadas, muchas veces hasta enfermas.<\/p>\n<p>\u00bfPor qu\u00e9? Porque nunca nos ense\u00f1aron a descubrir nuestra\u00a0<strong>pasi\u00f3n y prop\u00f3sito de vida<\/strong>, aquello que conecta con nuestros dones y talentos naturales y que nos da energ\u00eda, motivaci\u00f3n y sentido.<\/p>\n<p>En su nuevo libro, Carlos Mur\u00faa, comparte herramientas y reflexiones que han transformado la vida de miles de j\u00f3venes y adultos.<\/p>\n<p><strong>Encuentra tu Pasi\u00f3n no es solo un libro<\/strong>: es una invitaci\u00f3n a iniciar una b\u00fasqueda apasionante, a descubrir que a\u00fan est\u00e1s a tiempo de desplegar tu verdadero potencial y darle un giro a tu historia.<\/p>\n<p>Porque encontrar para qu\u00e9 estamos en esta tierra marca un antes y un despu\u00e9s.<\/p>\n<p><strong>Y quiz\u00e1s\u2026 el cambio que busc\u00e1s hace tanto tiempo est\u00e9 en descubrir tu pasi\u00f3n.<\/strong><\/p>\n<p><a href=\"https:\/\/www.eltalarnoticias.com.ar\/wp-content\/uploads\/2025\/09\/libro-encontra-tu-pasion-foto-perfil-chica.jpg\" rel=\"nofollow noopener\" target=\"_blank\"><img decoding=\"async\" src=\"https:\/\/www.europesays.com\/es\/wp-content\/uploads\/2025\/09\/libro-encontra-tu-pasion-foto-perfil-chica-300x225.jpg\" alt=\"\" class=\"wp-image-24545\"\/><\/a><\/p>\n<p>Sobre el autor:<br \/><strong>Carlos Murua<\/strong><\/p>\n<p>Coaching Ontologico \/ Mentoreo en Desarrollo Personal \/ Coordinaci\u00f3n de Grupos Terapeuticos<\/p>\n<p>Con m\u00e1s de 30 a\u00f1os de trayectoria acompa\u00f1ando en Argentina y latinoamerica a j\u00f3venes y adultos en la b\u00fasqueda de su vocaci\u00f3n y prop\u00f3sito de vida, Murua ha dedicado gran parte de su carrera a despertar en las personas el deseo de vivir con sentido. Su trabajo tambi\u00e9n ha estado orientado a padres que desean guiar a sus hijos hacia un camino de plenitud y realizaci\u00f3n.<\/p>\n<p><strong>Ernesto Garc\u00eda.<\/strong><\/p>\n<p>Cr\u00e9dito:<\/p>\n","protected":false},"excerpt":{"rendered":"Evento presentaci\u00f3n, pr\u00f3ximo s\u00e1bado 13 de septiembre, a las 17.30 horas, en el Instituto Saravia, ubicado en\u00a0Boulogne Sur&hellip;\n","protected":false},"author":2,"featured_media":103638,"comment_status":"","ping_status":"","sticky":false,"template":"","format":"standard","meta":{"footnotes":""},"categories":[172],"tags":[224,415,3569,146,147,25,24,36213,36214,1496,225,36215,13511,23],"class_list":{"0":"post-103637","1":"post","2":"type-post","3":"status-publish","4":"format-standard","5":"has-post-thumbnail","7":"category-libros","8":"tag-books","9":"tag-carlos","10":"tag-encuentra","11":"tag-entertainment","12":"tag-entretenimiento","13":"tag-es","14":"tag-espana","15":"tag-la-5-pata","16":"tag-la-quinta-pata","17":"tag-libro","18":"tag-libros","19":"tag-murua","20":"tag-pasion","21":"tag-spain"},"share_on_mastodon":{"url":"","error":""},"_links":{"self":[{"href":"https:\/\/www.europesays.com\/es\/wp-json\/wp\/v2\/posts\/103637","targetHints":{"allow":["GET"]}}],"collection":[{"href":"https:\/\/www.europesays.com\/es\/wp-json\/wp\/v2\/posts"}],"about":[{"href":"https:\/\/www.europesays.com\/es\/wp-json\/wp\/v2\/types\/post"}],"author":[{"embeddable":true,"href":"https:\/\/www.europesays.com\/es\/wp-json\/wp\/v2\/users\/2"}],"replies":[{"embeddable":true,"href":"https:\/\/www.europesays.com\/es\/wp-json\/wp\/v2\/comments?post=103637"}],"version-history":[{"count":0,"href":"https:\/\/www.europesays.com\/es\/wp-json\/wp\/v2\/posts\/103637\/revisions"}],"wp:featuredmedia":[{"embeddable":true,"href":"https:\/\/www.europesays.com\/es\/wp-json\/wp\/v2\/media\/103638"}],"wp:attachment":[{"href":"https:\/\/www.europesays.com\/es\/wp-json\/wp\/v2\/media?parent=103637"}],"wp:term":[{"taxonomy":"category","embeddable":true,"href":"https:\/\/www.europesays.com\/es\/wp-json\/wp\/v2\/categories?post=103637"},{"taxonomy":"post_tag","embeddable":true,"href":"https:\/\/www.europesays.com\/es\/wp-json\/wp\/v2\/tags?post=103637"}],"curies":[{"name":"wp","href":"https:\/\/api.w.org\/{rel}","templated":true}]}}