{"id":103639,"date":"2025-09-09T15:42:05","date_gmt":"2025-09-09T15:42:05","guid":{"rendered":"https:\/\/www.europesays.com\/es\/103639\/"},"modified":"2025-09-09T15:42:05","modified_gmt":"2025-09-09T15:42:05","slug":"masi-rodriguez-explica-por-que-no-estara-en-ot-2025-y-lo-desvincula-de-masterchef-no-lo-habria-rechazado","status":"publish","type":"post","link":"https:\/\/www.europesays.com\/es\/103639\/","title":{"rendered":"Masi Rodr\u00edguez explica por qu\u00e9 no estar\u00e1 en &#8216;OT 2025&#8217; y lo desvincula de &#8216;MasterChef&#8217;: \u00abNo lo habr\u00eda rechazado\u00bb"},"content":{"rendered":"<p class=\"article-text\">\n        <strong>Operaci\u00f3n Triunfo<\/strong> vuelve el pr\u00f3ximo <strong>lunes 15 de septiembre<\/strong> a <strong>Prime Video<\/strong> con <strong>OT 2025<\/strong>, una nueva edici\u00f3n del talent show que llega con fichajes y tambi\u00e9n con alguna baja sensible. Es el caso de <strong>Masi Rodr\u00edguez<\/strong>, que en 2023 present\u00f3 las <strong>posgalas <\/strong>cada lunes y que este a\u00f1o <strong>no contin\u00faa por motivos <\/strong>que hasta ahora no hab\u00edan trascendido.\n    <\/p>\n<p>    <a href=\"https:\/\/www.eldiario.es\/noticias\/ot-2025-anuncia-fecha-estreno-confirma-numero-galas-prime-video-deja-duda-posgalas_1_12496496.html\" data-mrf-recirculation=\"saber-mas\" data-dl-event=\"saber-mas\" rel=\"nofollow noopener\" target=\"_blank\"><\/p>\n<p class=\"know-more__title\">&#8216;OT 2025&#8217; anuncia su fecha de estreno, confirma el n\u00famero de galas en Prime Video y deja en duda las posgalas<\/p>\n<p>            <img decoding=\"async\" class=\"lazy\" loading=\"lazy\" data-src=\"https:\/\/static.eldiario.es\/clip\/2b197726-b182-4814-8f41-258d7b0cc4aa_16-9-aspect-ratio_default_0.jpg\" src=\"data:image\/svg+xml,%3Csvg xmlns=\" http:=\"\" viewbox=\"0 0 880 495\" alt=\"'OT 2025' anuncia su fecha de estreno, confirma el n\u00famero de galas en Prime Video y deja en duda las posgalas\"\/><\/p>\n<p>                        <\/a><\/p>\n<p class=\"article-text\">\n        La actriz y presentadora, a la que actualmente vemos concursando en <strong>MasterChef Celebrity<\/strong>, era una de las caras protagonistas junto a <strong>Chenoa <\/strong>en la pasada edici\u00f3n. Con ella compart\u00eda plat\u00f3 cada vez que hab\u00eda que anunciar al <strong>concursante &#8216;n\u00f3mada&#8217; favorito <\/strong>de la semana y <strong>le cog\u00eda relevo a la conclusi\u00f3n de las galas principales<\/strong> con un programa que sustitu\u00eda al cl\u00e1sico Chat.\n    <\/p>\n<p class=\"article-text\">\n        Para el nuevo OT 2025, Prime Video anunci\u00f3 a <strong>Miriam Rodr\u00edguez<\/strong> como fichaje para conducir formatos asociados a las galas, sin mayor explicaci\u00f3n sobre la ausencia de Masi y la cancelaci\u00f3n de las posgalas. Algo a lo que ahora tenemos respuesta de la propia presentadora, que durante la presentaci\u00f3n de MasterChef en el <strong>FesTVal de Vitoria<\/strong> fue preguntada por los medios, entre ellos <a href=\"https:\/\/www.eldiario.es\/vertele\/\" target=\"_blank\" data-mrf-recirculation=\"links-noticia\" class=\"link\" rel=\"nofollow noopener\">verTele<\/a>, sobre su baja de Operaci\u00f3n Triunfo.\n    <\/p>\n<p>    Masi: \u201cNo habr\u00eda rechazado en la vida OT\u201d<\/p>\n<p class=\"article-text\">\n        Cuestionada sobre si rechaz\u00f3 estar en la nueva edici\u00f3n por incompatibilidad con el programa de cocina de RTVE, Masi quiso dejar claro que \u201c<strong>no habr\u00eda rechazado en la vida <\/strong><strong>OT<\/strong>\u201d porque es su programa favorito \u201cy siempre lo ser\u00e1\u201d. <strong>\u201cLas cosas cambian de unos a\u00f1os a otros, han apostado por Miriam y por hacer otro formato<\/strong>. Creo que no va a haber posgala, no estoy segura o quiz\u00e1s no lo deber\u00eda decir. Simplemente no se me ha comunicado\u201d, afirm\u00f3, esclareciendo que no es voluntad suya dejar el formato musical y que ha sido decisi\u00f3n de Prime Video prescindir de las posgalas y con ellas, de su presentadora.\n    <\/p>\n<p>            <img decoding=\"async\" class=\"lazy\" loading=\"lazy\" data-src=\"https:\/\/static.eldiario.es\/clip\/63d2149f-49b5-4875-922e-74b4685b9e50_16-9-discover-aspect-ratio_default_0.jpg\" src=\"data:image\/svg+xml,%3Csvg xmlns=\" http:=\"\" viewbox=\"0 0 1200 675\" alt=\"Masi Rodr\u00edguez en las entrevistas de 'MasterChef Celebrity' en el FesTVal 2025\"\/><\/p>\n<p class=\"article-text\">\n        De hecho, Masi confirm\u00f3 que no hab\u00eda problemas por parte de la cadena y productora de MasterChef a que pudiese compaginar su papel en el talent de pago con la emisi\u00f3n de su participaci\u00f3n en RTVE. En definitiva, que<strong> no hab\u00eda ning\u00fan tipo de impedimento profesional<\/strong> para su continuidad en OT: \u201cHa coincidido con esto y mucha gente piensa que no estoy este a\u00f1o en Operaci\u00f3n Triunfo porque estoy en MasterChef. Pero nada que ver. <strong>A <\/strong><strong>MasterChef <\/strong><strong>le parec\u00eda bien que estuviera en antena tambi\u00e9n con Prime Video,<\/strong> no hab\u00eda problema con ello.\n    <\/p>\n<p class=\"article-text\">\n        \u201cCon el equipo de Operaci\u00f3n Triunfo <strong>me llevo genial, hablamos y nos tenemos much\u00edsimo amor<\/strong>, pero de un a\u00f1o a otro van cambiando las cosas\u201d, zanj\u00f3, mostr\u00e1ndose abierta a regresar si en alg\u00fan momento quieren contar con ella: \u201c<strong>No descarto volver<\/strong>. Si a m\u00ed me dicen de volver, yo vuelvo siempre a OT\u201d.\n    <\/p>\n<p>    <a href=\"https:\/\/www.eldiario.es\/vertele\/noticias\/masterchef-celebrity-10-provoco-eliminacion-vista-famosos-confesando-necesidad-tv_1_12587538.html\" data-mrf-recirculation=\"saber-mas-abajo\" data-dl-event=\"saber-mas-abajo\" rel=\"nofollow noopener\" target=\"_blank\"><\/p>\n<p class=\"know-more__title\">&#8216;MasterChef Celebrity 10&#8217; provoc\u00f3 una eliminaci\u00f3n nunca antes vista con famosos confesando su necesidad de TV\n<\/p>\n<p>            <img decoding=\"async\" class=\"lazy\" loading=\"lazy\" data-src=\"https:\/\/static.eldiario.es\/clip\/a4a6496d-fd7a-49ef-bb86-b9de56af9073_16-9-aspect-ratio_default_0.jpg\" src=\"data:image\/svg+xml,%3Csvg xmlns=\" http:=\"\" viewbox=\"0 0 880 495\" alt=\"'MasterChef Celebrity 10' provoc\u00f3 una eliminaci\u00f3n nunca antes vista con famosos confesando su necesidad de TV\"\/><\/p>\n<p>                        <\/a><\/p>\n<p class=\"article-text\">\n        Sobre su participaci\u00f3n en MasterChef, donde ya lleva dos emisiones, la concursante admiti\u00f3 que no ten\u00eda pensado participar y que todo ha sido \u201cuna sorpresa\u201d: \u201c<strong>No pretend\u00eda ir a <\/strong><strong>MasterChef<\/strong><strong>, nunca lo hab\u00eda pensado<\/strong>. No me llama la atenci\u00f3n cocinar, y fue una sorpresa. Me gustan los retos, ten\u00eda un vac\u00edo entre proyectos, y pens\u00e9 que seg\u00fan me sintiese en el casting decidir\u00eda. Estuve un mes antes del programa con un profesor que me ayud\u00f3 un mont\u00f3n y me ense\u00f1\u00f3 a cocinar cosas caseras\u201d.\n    <\/p>\n","protected":false},"excerpt":{"rendered":"Operaci\u00f3n Triunfo vuelve el pr\u00f3ximo lunes 15 de septiembre a Prime Video con OT 2025, una nueva edici\u00f3n&hellip;\n","protected":false},"author":2,"featured_media":103640,"comment_status":"","ping_status":"","sticky":false,"template":"","format":"standard","meta":{"footnotes":""},"categories":[171],"tags":[45,29332,146,147,25,24,11969,5134,36217,36216,15297,689,221,11563,416,23,214],"class_list":{"0":"post-103639","1":"post","2":"type-post","3":"status-publish","4":"format-standard","5":"has-post-thumbnail","7":"category-tv","8":"tag-45","9":"tag-desvincula","10":"tag-entertainment","11":"tag-entretenimiento","12":"tag-es","13":"tag-espana","14":"tag-estara","15":"tag-explica","16":"tag-habria","17":"tag-masi","18":"tag-masterchef","19":"tag-no","20":"tag-ot","21":"tag-rechazado","22":"tag-rodriguez","23":"tag-spain","24":"tag-tv"},"share_on_mastodon":{"url":"","error":""},"_links":{"self":[{"href":"https:\/\/www.europesays.com\/es\/wp-json\/wp\/v2\/posts\/103639","targetHints":{"allow":["GET"]}}],"collection":[{"href":"https:\/\/www.europesays.com\/es\/wp-json\/wp\/v2\/posts"}],"about":[{"href":"https:\/\/www.europesays.com\/es\/wp-json\/wp\/v2\/types\/post"}],"author":[{"embeddable":true,"href":"https:\/\/www.europesays.com\/es\/wp-json\/wp\/v2\/users\/2"}],"replies":[{"embeddable":true,"href":"https:\/\/www.europesays.com\/es\/wp-json\/wp\/v2\/comments?post=103639"}],"version-history":[{"count":0,"href":"https:\/\/www.europesays.com\/es\/wp-json\/wp\/v2\/posts\/103639\/revisions"}],"wp:featuredmedia":[{"embeddable":true,"href":"https:\/\/www.europesays.com\/es\/wp-json\/wp\/v2\/media\/103640"}],"wp:attachment":[{"href":"https:\/\/www.europesays.com\/es\/wp-json\/wp\/v2\/media?parent=103639"}],"wp:term":[{"taxonomy":"category","embeddable":true,"href":"https:\/\/www.europesays.com\/es\/wp-json\/wp\/v2\/categories?post=103639"},{"taxonomy":"post_tag","embeddable":true,"href":"https:\/\/www.europesays.com\/es\/wp-json\/wp\/v2\/tags?post=103639"}],"curies":[{"name":"wp","href":"https:\/\/api.w.org\/{rel}","templated":true}]}}