{"id":103647,"date":"2025-09-09T15:46:08","date_gmt":"2025-09-09T15:46:08","guid":{"rendered":"https:\/\/www.europesays.com\/es\/103647\/"},"modified":"2025-09-09T15:46:08","modified_gmt":"2025-09-09T15:46:08","slug":"investigadores-descubren-como-la-quimioterapia-impacta-en-los-ritmos-circadianos-de-las-personas","status":"publish","type":"post","link":"https:\/\/www.europesays.com\/es\/103647\/","title":{"rendered":"Investigadores descubren c\u00f3mo la quimioterapia impacta en los ritmos circadianos de las personas"},"content":{"rendered":"<p>Durante y despu\u00e9s de la quimioterapia, casi la mitad de los pacientes con c\u00e1ncer sufren alteraciones del ritmo circadiano, <b>lo que agrava los efectos secundarios del tratamiento<\/b>, seg\u00fan ha estudiado un trabajo de la Universidad Estatal de Ohio (<b>Estados Unidos<\/b>).<\/p>\n<p>En profundidad<\/p>\n<p>Sus resultados se recogen en un art\u00edculo de &#8216;<b>eNeuro<\/b>&#8216;. Dado que el principal marcapasos del cuerpo se encuentra en el cerebro, este hallazgo sugiere que quiz\u00e1s los tratamientos quimioterap\u00e9uticos se dirijan al cerebro para alterar los ritmos circadianos. Sin embargo, las investigaciones <b>demuestran que los tratamientos contra el c\u00e1ncer no penetran bien en el cerebro<\/b>.<\/p>\n<p>As\u00ed, para esclarecer esta discrepancia, investigadores dirigidos por Leah Pyter en la Universidad Estatal de Ohio exploraron si el paclitaxel,<b> un tratamiento frecuente contra el c\u00e1ncer de mama, altera el reloj biol\u00f3gico cerebral y altera los ritmos circadianos<\/b>.<\/p>\n<p>Para ello, los investigadores utilizaron un r\u00e9gimen de tratamiento con paclitaxel <b>en ratones y midieron los cambios moleculares y conductuales relacionados con el funcionamiento del reloj biol\u00f3gico<\/b>. Examinaron solo ratones hembra porque el c\u00e1ncer de mama afecta principalmente a las mujeres. La expresi\u00f3n de genes relacionados con el ritmo circadiano en el reloj biol\u00f3gico primario no fluctu\u00f3 a lo largo del d\u00eda en los ratones tratados, lo cual fue irregular.<\/p>\n<p>M\u00e1s detalles<\/p>\n<p>Dado que la luz es la se\u00f1al m\u00e1s importante para la funci\u00f3n marcapasos de esta regi\u00f3n cerebral, los investigadores evaluaron c\u00f3mo diferentes desaf\u00edos de luz influ\u00edan en las adaptaciones conductuales mediadas por el reloj biol\u00f3gico. Los ratones sometidos a quimioterapia no se adaptaron tan bien a estos desaf\u00edos. Por lo tanto, el paclitaxel puede alterar las salidas del ritmo molecular y conductual de esta regi\u00f3n cerebral marcapasos. La primera autora, Zoe Tapp, comenta: \u00ab<b>La idea de que la parte principal del reloj circadiano en el cerebro no sea el objetivo directo del paclitaxel, pero que a\u00fan se vea afectada por el tratamiento fue nueva e interesante de ver<\/b>\u00ab.<\/p>\n<p>Al hablar sobre las posibles implicaciones cl\u00ednicas de este trabajo, Pyter concluye: \u00abVincular de forma m\u00e1s s\u00f3lida la alteraci\u00f3n del ritmo circadiano de la que se quejan los pacientes con los efectos secundarios de la quimioterapia que afectan su calidad de vida podr\u00eda ser un siguiente paso importante.<b> Es posible que proporcionar a los pacientes con c\u00e1ncer informaci\u00f3n clara sobre el d\u00eda y la noche, as\u00ed como el mantenimiento adecuado del ritmo circadiano, pueda reducir los efectos secundarios durante el tratamiento<\/b>\u00ab.<\/p>\n<p>A tener en cuenta<\/p>\n<p>Sin embargo, concluye, \u00ab<b>para que esto suceda, ser\u00eda necesario demostrar que las v\u00edas cerebrales del ritmo circadiano se ven afectadas por la quimioterapia<\/b>\u00ab.<\/p>\n<p>WhatsApp<a href=\"https:\/\/api.whatsapp.com\/send?text=https:\/\/www.eleconomista.es\/salud-bienestar\/enfermedades\/noticias\/13536073\/09\/25\/investigadores-descubren-como-la-quimioterapia-impacta-en-los-ritmos-circadianos-de-las-personas.html?utm_source%3Dwhatsapp%26utm_medium%3Dshare_button&amp;id=1648118629957_whatsapp\" target=\"_blank\" data-action=\"share\/whatsapp\/share\" aria-label=\"Compartir en Whatsapp\" rel=\"nofollow noopener\"><\/a>Facebook<a id=\"fb-share\" href=\"#\" target=\"_blank\" rel=\"noopener noreferrer\" aria-label=\"Compartir en Facebook\"><\/a>Twitter<a href=\"https:\/\/twitter.com\/share?text=Investigadores+descubren+c%C3%B3mo+la+quimioterapia+impacta+en+los+ritmos+circadianos+de+las+personas&amp;url=https:\/\/www.eleconomista.es\/salud-bienestar\/enfermedades\/noticias\/13536073\/09\/25\/investigadores-descubren-como-la-quimioterapia-impacta-en-los-ritmos-circadianos-de-las-personas.html&amp;via=elEconomistaes&amp;id=1648118839245_twitter\" target=\"_blank\" aria-label=\"Compartir en Twitter\" rel=\"nofollow noopener\"><\/a>Linkedin<a href=\"https:\/\/linkedin.com\/share?text=https:\/\/www.eleconomista.es\/salud-bienestar\/enfermedades\/noticias\/13536073\/09\/25\/investigadores-descubren-como-la-quimioterapia-impacta-en-los-ritmos-circadianos-de-las-personas.html&amp;via=elEconomistaes\" target=\"_blank\" aria-label=\"Compartir en linkedin\" rel=\"nofollow noopener\"><\/a>Beloud<a href=\"https:\/\/beloud.com\/share?text=Investigadores+descubren+c%C3%B3mo+la+quimioterapia+impacta+en+los+ritmos+circadianos+de+las+personas&amp;url=https:\/\/www.eleconomista.es\/salud-bienestar\/enfermedades\/noticias\/13536073\/09\/25\/investigadores-descubren-como-la-quimioterapia-impacta-en-los-ritmos-circadianos-de-las-personas.html&amp;via=elEconomistaes&amp;id=1648118839245_beloud\" target=\"_blank\" aria-label=\"Compartir en beloud\" rel=\"nofollow noopener\"><\/a>Bluesky<a href=\"https:\/\/bsky.app\/intent\/compose?text=https:\/\/bsky.app\/intent\/compose?text=https:\/\/www.eleconomista.es\/salud-bienestar\/enfermedades\/noticias\/13536073\/09\/25\/investigadores-descubren-como-la-quimioterapia-impacta-en-los-ritmos-circadianos-de-las-personas.html&amp;url=https:\/\/www.eleconomista.es\/salud-bienestar\/enfermedades\/noticias\/13536073\/09\/25\/investigadores-descubren-como-la-quimioterapia-impacta-en-los-ritmos-circadianos-de-las-personas.html&amp;via=elEconomistaes&amp;id=1648118839245_bluesky\" target=\"_blank\" aria-label=\"Compartir en bluesky\" rel=\"nofollow noopener\"><\/a><\/p>\n<p><script async src=\"https:\/\/platform.twitter.com\/widgets.js\" charset=\"utf-8\"><\/script><\/p>\n","protected":false},"excerpt":{"rendered":"Durante y despu\u00e9s de la quimioterapia, casi la mitad de los pacientes con c\u00e1ncer sufren alteraciones del ritmo&hellip;\n","protected":false},"author":2,"featured_media":103648,"comment_status":"","ping_status":"","sticky":false,"template":"","format":"standard","meta":{"footnotes":""},"categories":[92],"tags":[25,24,165,166,4134,23],"class_list":{"0":"post-103647","1":"post","2":"type-post","3":"status-publish","4":"format-standard","5":"has-post-thumbnail","7":"category-salud","8":"tag-es","9":"tag-espana","10":"tag-health","11":"tag-salud","12":"tag-salud-bienestar","13":"tag-spain"},"share_on_mastodon":{"url":"","error":""},"_links":{"self":[{"href":"https:\/\/www.europesays.com\/es\/wp-json\/wp\/v2\/posts\/103647","targetHints":{"allow":["GET"]}}],"collection":[{"href":"https:\/\/www.europesays.com\/es\/wp-json\/wp\/v2\/posts"}],"about":[{"href":"https:\/\/www.europesays.com\/es\/wp-json\/wp\/v2\/types\/post"}],"author":[{"embeddable":true,"href":"https:\/\/www.europesays.com\/es\/wp-json\/wp\/v2\/users\/2"}],"replies":[{"embeddable":true,"href":"https:\/\/www.europesays.com\/es\/wp-json\/wp\/v2\/comments?post=103647"}],"version-history":[{"count":0,"href":"https:\/\/www.europesays.com\/es\/wp-json\/wp\/v2\/posts\/103647\/revisions"}],"wp:featuredmedia":[{"embeddable":true,"href":"https:\/\/www.europesays.com\/es\/wp-json\/wp\/v2\/media\/103648"}],"wp:attachment":[{"href":"https:\/\/www.europesays.com\/es\/wp-json\/wp\/v2\/media?parent=103647"}],"wp:term":[{"taxonomy":"category","embeddable":true,"href":"https:\/\/www.europesays.com\/es\/wp-json\/wp\/v2\/categories?post=103647"},{"taxonomy":"post_tag","embeddable":true,"href":"https:\/\/www.europesays.com\/es\/wp-json\/wp\/v2\/tags?post=103647"}],"curies":[{"name":"wp","href":"https:\/\/api.w.org\/{rel}","templated":true}]}}