{"id":103651,"date":"2025-09-09T15:48:11","date_gmt":"2025-09-09T15:48:11","guid":{"rendered":"https:\/\/www.europesays.com\/es\/103651\/"},"modified":"2025-09-09T15:48:11","modified_gmt":"2025-09-09T15:48:11","slug":"el-origen-del-cometa-3i-atlas-que-se-acerca-a-la-orbita-de-marte","status":"publish","type":"post","link":"https:\/\/www.europesays.com\/es\/103651\/","title":{"rendered":"el origen del cometa 3I\/Atlas que se acerca a la \u00f3rbita de Marte"},"content":{"rendered":"<p data-gtm-element-container=\"modulo-texto-link\" class=\"paragraph\">Un equipo de astr\u00f3nomos del <strong>Observatorio ATLAS, en Chile,<\/strong> ha detectado un objeto en el especio exterior: se le ha llamado <strong>3I\/Atlas<\/strong>, un cometa que se abre paso hacia nuestro planeta vecino, <strong>Marte<\/strong>. Sigue una trayectoria muy r\u00e1pida que ha fascinado a los cient\u00edficos, no tanto por su velocidad sino por su origen.<\/p>\n<p data-gtm-element-container=\"modulo-texto-link\" class=\"paragraph\">Este visitante interestelar fue descubierto el <strong>1 de julio de 2025 <\/strong>por la <strong>red de telescopios ATLAS <\/strong>(Asteroid Terrestrial-impact Last Alest System), localizado en <strong>R\u00edo Hurtado, Chile.<\/strong> Las primeras observaciones fueron enviadas al <strong>Minor Planet Cente<\/strong>r y, gracias a unas im\u00e1genes de archivo recopiladas desde el 14 de junio, se confirm\u00f3 su <strong>naturaleza ex\u00f3gena.<\/strong><\/p>\n<p>Lo que sabemos de 3I\/Atlas<\/p>\n<p data-gtm-element-container=\"modulo-texto-link\" class=\"paragraph\">Hasta el momento, los investigadores han distinguido al cometa de otros objetos celestes por su t<strong>rayectoria hiperb\u00f3lica <\/strong>y su <strong>velocidad elevada<\/strong>, algo que solo se puede explicar si viene de fuera del sistema solar. Esto lo convierte en el tercer objeto interestelar documentado, tras &#8216;<strong>Oumuamua<\/strong>&#8216; (2017) y &#8216;<strong>2I\/Borisov<\/strong>&#8216; (2019).<\/p>\n<p data-gtm-element-container=\"modulo-texto-link\" class=\"paragraph\">Los datos analizados explican que se dirige hasta su <strong>perihelio<\/strong>, es decir, el punto m\u00e1s cercano al Sol. Llegar\u00e1 el <strong>29 o 30 de octubre<\/strong> de 2025, situ\u00e1ndose dentro de la \u00f3rbita de Marte, a aproximadamente <strong>1,4 unidades astron\u00f3micas del Sol<\/strong>. De hecho, en ese punto, estar\u00e1 a <strong>30 millones de kil\u00f3metros de Marte.<\/strong><\/p>\n<p>                <img loading=\"lazy\" decoding=\"async\" data-full-src=\"https:\/\/www.mundodeportivo.com\/uploads\/2024\/12\/13\/675c9ba43797e.png\" alt=\"\u00bfPrueba de vida en Marte?\" width=\"449\" height=\"253\" src=\"https:\/\/www.europesays.com\/es\/wp-content\/uploads\/2025\/09\/675c9ba43797e.png\" class=\"lazy\"\/><\/p>\n<p class=\"caption-title \">Imagen de Marte<\/p>\n<p>                    Pixabay<\/p>\n<p data-gtm-element-container=\"modulo-texto-link\" class=\"paragraph\">Desde la Tierra lo que se puede observar es una <strong>coma difusa y una cola tenue<\/strong>, signos t\u00edpicos de un cometa, lo que ha permitido clasificarlo como asteroide. Adem\u00e1s, el <strong>telescopio Hubble <\/strong>ha captado im\u00e1genes in\u00e9ditas detallando la forma de l\u00e1grima de su n\u00facleo helado, cuyas dimensiones se situar\u00edan entre unos <strong>320 metros y 5,6 kil\u00f3metros.\u00a0<\/strong><\/p>\n<p data-gtm-element-container=\"modulo-texto-link\" class=\"paragraph\">Pero hay m\u00e1s sorpresas: el <strong>Telescopio Espacial James Webb <\/strong>ha revelado que su coma est\u00e1 integrada por<strong> di\u00f3xido de carbono<\/strong> (CO2), con uno de los mayores valores de mezcla di\u00f3xido-hidr\u00f3geno, m\u00e1s elevado que se ha detectado jam\u00e1s. Esto indica que tiene un origen muy fr\u00edo.\u00a0<\/p>\n<p>    Lee tambi\u00e9n<\/p>\n<p data-gtm-element-container=\"modulo-texto-link\" class=\"paragraph\">Para complementar las observaciones, tambi\u00e9n se detect\u00f3 una <strong>polarizaci\u00f3n negativa extrema,<\/strong> un concepto para definir c\u00f3mo la luz del Sol rebota en el polvo que lo rodea. Esto, aplicado a los cometas, suele ser bastante <strong>in\u00e9dito<\/strong>, por lo que podr\u00eda indicar una composici\u00f3n o estructura particular.\u00a0<\/p>\n<p data-gtm-element-container=\"modulo-texto-link\" class=\"paragraph\">Todo ello convierta a 3I\/Atlas en una <strong>joya cient\u00edfica<\/strong>: un viajero antiguo, posiblemente con m\u00e1s de<strong> 7.000 millones de a\u00f1os<\/strong>, que emprendi\u00f3 un viaje desde el disco grueso gal\u00e1ctico rumbo a nuestro sistema solar y ahora atrae la atenci\u00f3n mundial.<\/p>\n","protected":false},"excerpt":{"rendered":"Un equipo de astr\u00f3nomos del Observatorio ATLAS, en Chile, ha detectado un objeto en el especio exterior: se&hellip;\n","protected":false},"author":2,"featured_media":103652,"comment_status":"","ping_status":"","sticky":false,"template":"","format":"standard","meta":{"footnotes":""},"categories":[81],"tags":[119,123,124,25,24,117,121,122,23,118,120],"class_list":{"0":"post-103651","1":"post","2":"type-post","3":"status-publish","4":"format-standard","5":"has-post-thumbnail","7":"category-ciencia-y-tecnologia","8":"tag-ciencia","9":"tag-ciencia-y-tecnologia","10":"tag-cienciaytecnologia","11":"tag-es","12":"tag-espana","13":"tag-science","14":"tag-science-and-technology","15":"tag-scienceandtechnology","16":"tag-spain","17":"tag-technology","18":"tag-tecnologia"},"share_on_mastodon":{"url":"","error":""},"_links":{"self":[{"href":"https:\/\/www.europesays.com\/es\/wp-json\/wp\/v2\/posts\/103651","targetHints":{"allow":["GET"]}}],"collection":[{"href":"https:\/\/www.europesays.com\/es\/wp-json\/wp\/v2\/posts"}],"about":[{"href":"https:\/\/www.europesays.com\/es\/wp-json\/wp\/v2\/types\/post"}],"author":[{"embeddable":true,"href":"https:\/\/www.europesays.com\/es\/wp-json\/wp\/v2\/users\/2"}],"replies":[{"embeddable":true,"href":"https:\/\/www.europesays.com\/es\/wp-json\/wp\/v2\/comments?post=103651"}],"version-history":[{"count":0,"href":"https:\/\/www.europesays.com\/es\/wp-json\/wp\/v2\/posts\/103651\/revisions"}],"wp:featuredmedia":[{"embeddable":true,"href":"https:\/\/www.europesays.com\/es\/wp-json\/wp\/v2\/media\/103652"}],"wp:attachment":[{"href":"https:\/\/www.europesays.com\/es\/wp-json\/wp\/v2\/media?parent=103651"}],"wp:term":[{"taxonomy":"category","embeddable":true,"href":"https:\/\/www.europesays.com\/es\/wp-json\/wp\/v2\/categories?post=103651"},{"taxonomy":"post_tag","embeddable":true,"href":"https:\/\/www.europesays.com\/es\/wp-json\/wp\/v2\/tags?post=103651"}],"curies":[{"name":"wp","href":"https:\/\/api.w.org\/{rel}","templated":true}]}}