{"id":103655,"date":"2025-09-09T15:50:04","date_gmt":"2025-09-09T15:50:04","guid":{"rendered":"https:\/\/www.europesays.com\/es\/103655\/"},"modified":"2025-09-09T15:50:04","modified_gmt":"2025-09-09T15:50:04","slug":"israel-intenta-eliminar-a-la-cupula-de-hamas-en-qatar-cuando-negociaba-la-ultima-propuesta-de-trump","status":"publish","type":"post","link":"https:\/\/www.europesays.com\/es\/103655\/","title":{"rendered":"Israel intenta eliminar a la c\u00fapula de Ham\u00e1s en Qatar cuando negociaba la \u00faltima propuesta de Trump"},"content":{"rendered":"<p style=\"\">Israel extiende su pulso contra Ham\u00e1s a Qatar, donde ha lanzado un \u00abataque preciso\u00bb contra la c\u00fapula pol\u00edtica del grupo en el exilio. El Ej\u00e9rcito ha confirmado una operaci\u00f3n contra unos l\u00edderes islamistas a quienes acusa de \u00abdirigir las operaciones terroristas, ser directamente responsables de  &#8230; la brutal masacre del 7 de octubre y manejar la guerra contra Israel\u00bb desde su cuartel general en Doha.<\/p>\n<p class=\"voc-p\" style=\"\">Los dos grandes l\u00edderes alcanzados en el ataque fueron <strong>Khalil Al Khaya<\/strong> y <strong>Zafer Jabarin<\/strong>, responsables del equipo negociador, que estar\u00edan discutiendo la \u00faltima propuesta enviada por <strong>Donald Trump<\/strong> para alcanzar un acuerdo integral en Gaza, recogi\u00f3 la prensa \u00e1rabe.<\/p>\n<p class=\"voc-p\" style=\"\">Fuentes de seguridad citadas por &#8216;The Jerusalem Post&#8217; indicaron que la operaci\u00f3n <strong>contaba con la luz verde de Estados Unidos<\/strong>. \u00abAtacamos a los l\u00edderes de Ham\u00e1s en Qatar, incluyendo a Khalil Al Hayya y Jabari. Estamos a la espera de los resultados del ataque. Existe consenso entre los l\u00edderes pol\u00edticos y de seguridad\u00bb, apuntaron las mismas fuentes. <\/p>\n<p class=\"voc-p\" style=\"\">Las autoridades de Qatar denunciaron el \u00abcobarde\u00bb ataque israel\u00ed y dijeron que se trata de una \u00abviolaci\u00f3n flagrante de la ley internacional\u00bb.<\/p>\n<p class=\"voc-p\" style=\"\">En los dos \u00faltimos a\u00f1os Israel ha logrado asesinar a l\u00edderes de Ham\u00e1s en el extranjero como <a href=\"https:\/\/www.abc.es\/internacional\/muere-ismael-haniyeh-lider-hamas-radicalizado-intifada-20240731104027-nt.html\" title=\"www.abc.es\" data-voc-vtm-id=\"in-text-traffic\" data-mrf-link=\"www.abc.es\" rel=\"nofollow noopener\" target=\"_blank\">Ismael Haniye<\/a>, en Ir\u00e1n, o<strong> Saleh Al Arouri<\/strong>, en L\u00edbano, pero es la primera vez que intenta un asesinato en Qatar.<\/p>\n<p class=\"voc-p\" style=\"\">El peque\u00f1o reino, que en el pasado tambi\u00e9n acogi\u00f3 la oficina de los talibanes, se hab\u00eda convertido en el punto de contacto y negociaci\u00f3n con los islamistas y fue clave para las dos treguas anteriores.<\/p>\n","protected":false},"excerpt":{"rendered":"Israel extiende su pulso contra Ham\u00e1s a Qatar, donde ha lanzado un \u00abataque preciso\u00bb contra la c\u00fapula pol\u00edtica&hellip;\n","protected":false},"author":2,"featured_media":103656,"comment_status":"","ping_status":"","sticky":false,"template":"","format":"standard","meta":{"footnotes":""},"categories":[42],"tags":[17,18,36220,36219,33292,13,14,11,61,62,63,64,19,20,9,10,15,16,20989,12,21,22,11304,65,66,67],"class_list":{"0":"post-103655","1":"post","2":"type-post","3":"status-publish","4":"format-standard","5":"has-post-thumbnail","7":"category-internacional","8":"tag-breaking-news","9":"tag-breakingnews","10":"tag-doha","11":"tag-escuchan","12":"tag-explosiones","13":"tag-featured-news","14":"tag-featurednews","15":"tag-headlines","16":"tag-internacional","17":"tag-international","18":"tag-international-news","19":"tag-internationalnews","20":"tag-latest-news","21":"tag-latestnews","22":"tag-news","23":"tag-noticias","24":"tag-noticias-destacadas","25":"tag-noticiasdestacadas","26":"tag-qatar","27":"tag-titulares","28":"tag-ultimas-noticias","29":"tag-ultimasnoticias","30":"tag-varias","31":"tag-world","32":"tag-world-news","33":"tag-worldnews"},"share_on_mastodon":{"url":"","error":""},"_links":{"self":[{"href":"https:\/\/www.europesays.com\/es\/wp-json\/wp\/v2\/posts\/103655","targetHints":{"allow":["GET"]}}],"collection":[{"href":"https:\/\/www.europesays.com\/es\/wp-json\/wp\/v2\/posts"}],"about":[{"href":"https:\/\/www.europesays.com\/es\/wp-json\/wp\/v2\/types\/post"}],"author":[{"embeddable":true,"href":"https:\/\/www.europesays.com\/es\/wp-json\/wp\/v2\/users\/2"}],"replies":[{"embeddable":true,"href":"https:\/\/www.europesays.com\/es\/wp-json\/wp\/v2\/comments?post=103655"}],"version-history":[{"count":0,"href":"https:\/\/www.europesays.com\/es\/wp-json\/wp\/v2\/posts\/103655\/revisions"}],"wp:featuredmedia":[{"embeddable":true,"href":"https:\/\/www.europesays.com\/es\/wp-json\/wp\/v2\/media\/103656"}],"wp:attachment":[{"href":"https:\/\/www.europesays.com\/es\/wp-json\/wp\/v2\/media?parent=103655"}],"wp:term":[{"taxonomy":"category","embeddable":true,"href":"https:\/\/www.europesays.com\/es\/wp-json\/wp\/v2\/categories?post=103655"},{"taxonomy":"post_tag","embeddable":true,"href":"https:\/\/www.europesays.com\/es\/wp-json\/wp\/v2\/tags?post=103655"}],"curies":[{"name":"wp","href":"https:\/\/api.w.org\/{rel}","templated":true}]}}