{"id":103659,"date":"2025-09-09T15:58:35","date_gmt":"2025-09-09T15:58:35","guid":{"rendered":"https:\/\/www.europesays.com\/es\/103659\/"},"modified":"2025-09-09T15:58:35","modified_gmt":"2025-09-09T15:58:35","slug":"la-ilusion-de-la-salle-con-sus-nuevas-zamarras","status":"publish","type":"post","link":"https:\/\/www.europesays.com\/es\/103659\/","title":{"rendered":"La ilusi\u00f3n de La Salle con sus nuevas zamarras"},"content":{"rendered":"<p>\t\t\tEn la noche de este lunes tuvo lugar la presentaci\u00f3n de las equipaciones de la temporada 2025-26del Silbon Cordopl\u00e1s La Salle, en un acto celebrado precisamente en el bar del primero de sus patrocinadores. Apenas unos d\u00edas del estreno de la competici\u00f3n en el Grupo F de la Primera Nacional Masculina.<\/p>\n<p>\u00abLas camisetas hacen un gui\u00f1o a nuestra ciudad y nuestra identidad con la inclusi\u00f3n de los<\/p>\n<p style=\"text-align:center\"> Para seguir leyendo suscr\u00edbete<\/p>\n<p style=\"text-align:center\"> \u00bfYa est\u00e1s suscrito? <a href=\"https:\/\/cordobadeporte.com\/iniciar-sesion\/\" style=\"color:#72b142;text-decoration:underline\" rel=\"nofollow noopener\" target=\"_blank\">Inicia sesi\u00f3n<\/a><\/p>\n<p>Opciones de suscripci\u00f3nMensual 2025<\/p>\n<p style=\"text-align:center\">3,25\u20ac<br \/>&#13;<br \/>\n3,95\u20ac<br \/>&#13;<br \/>\nAl mes<br \/>&#13;<br \/>\nPago recurrente<\/p>\n<p><strong>3,25 \u20ac cada 1 mes (peri\u00f3dica)<\/strong><\/p>\n<p>Cuatrimestral 2025<\/p>\n<p style=\"text-align:center\">12,25\u20ac<br \/>&#13;<br \/>\n12,95\u20ac<br \/>&#13;<br \/>\nCada 4 meses<br \/>&#13;<br \/>\nPago recurrente<\/p>\n<p><strong>12,25 \u20ac cada 4 meses (peri\u00f3dica)<\/strong><\/p>\n<p>Anual 2025<\/p>\n<p style=\"text-align:center\">31,99\u20ac<br \/>&#13;<br \/>\n34,95\u20ac<br \/>&#13;<br \/>\nAl a\u00f1o<br \/>&#13;<br \/>\nPago recurrente<\/p>\n<p><strong>31,99 \u20ac cada 1 a\u00f1o (peri\u00f3dica)<\/strong><\/p>\n<p style=\"text-align:center;font-size:0.8em;font-weight:400\">PROMOCI\u00d3N V\u00c1LIDA HASTA EL 1 DE ENERO DE 2026<\/p>\n<p><a href=\"http:\/\/ads.cordobadeporte.com\/www\/delivery\/ck.php?n=a67dc791&amp;cb=INSERT_RANDOM_NUMBER_HERE\" target=\"_blank\" rel=\"nofollow noopener\"><img decoding=\"async\" src=\"https:\/\/www.europesays.com\/es\/wp-content\/uploads\/2025\/09\/1757433514_671_avw\" border=\"0\" alt=\"\"\/><\/a><\/p>\n<p><a href=\"http:\/\/ads.cordobadeporte.com\/www\/delivery\/ck.php?n=ad1a0db8&amp;cb=INSERT_RANDOM_NUMBER_HERE\" target=\"_blank\" rel=\"nofollow noopener\"><img decoding=\"async\" src=\"https:\/\/www.europesays.com\/es\/wp-content\/uploads\/2025\/09\/1757433515_229_avw\" border=\"0\" alt=\"\"\/><\/a><\/p>\n","protected":false},"excerpt":{"rendered":"En la noche de este lunes tuvo lugar la presentaci\u00f3n de las equipaciones de la temporada 2025-26del Silbon&hellip;\n","protected":false},"author":2,"featured_media":103660,"comment_status":"","ping_status":"","sticky":false,"template":"","format":"standard","meta":{"footnotes":""},"categories":[278],"tags":[376,10871,168,15821,25,24,375,13302,36221,5743,36222,1417,36223,23,167],"class_list":{"0":"post-103659","1":"post","2":"type-post","3":"status-publish","4":"format-standard","5":"has-post-thumbnail","7":"category-balonmano","8":"tag-balonmano","9":"tag-camisetas","10":"tag-deportes","11":"tag-equipaciones","12":"tag-es","13":"tag-espana","14":"tag-handball","15":"tag-home9","16":"tag-imdeco","17":"tag-la-salle","18":"tag-marian-aguilar","19":"tag-primera-nacional","20":"tag-silbon","21":"tag-spain","22":"tag-sports"},"share_on_mastodon":{"url":"","error":""},"_links":{"self":[{"href":"https:\/\/www.europesays.com\/es\/wp-json\/wp\/v2\/posts\/103659","targetHints":{"allow":["GET"]}}],"collection":[{"href":"https:\/\/www.europesays.com\/es\/wp-json\/wp\/v2\/posts"}],"about":[{"href":"https:\/\/www.europesays.com\/es\/wp-json\/wp\/v2\/types\/post"}],"author":[{"embeddable":true,"href":"https:\/\/www.europesays.com\/es\/wp-json\/wp\/v2\/users\/2"}],"replies":[{"embeddable":true,"href":"https:\/\/www.europesays.com\/es\/wp-json\/wp\/v2\/comments?post=103659"}],"version-history":[{"count":0,"href":"https:\/\/www.europesays.com\/es\/wp-json\/wp\/v2\/posts\/103659\/revisions"}],"wp:featuredmedia":[{"embeddable":true,"href":"https:\/\/www.europesays.com\/es\/wp-json\/wp\/v2\/media\/103660"}],"wp:attachment":[{"href":"https:\/\/www.europesays.com\/es\/wp-json\/wp\/v2\/media?parent=103659"}],"wp:term":[{"taxonomy":"category","embeddable":true,"href":"https:\/\/www.europesays.com\/es\/wp-json\/wp\/v2\/categories?post=103659"},{"taxonomy":"post_tag","embeddable":true,"href":"https:\/\/www.europesays.com\/es\/wp-json\/wp\/v2\/tags?post=103659"}],"curies":[{"name":"wp","href":"https:\/\/api.w.org\/{rel}","templated":true}]}}