{"id":103673,"date":"2025-09-09T16:08:08","date_gmt":"2025-09-09T16:08:08","guid":{"rendered":"https:\/\/www.europesays.com\/es\/103673\/"},"modified":"2025-09-09T16:08:08","modified_gmt":"2025-09-09T16:08:08","slug":"puertollano-a-la-venta-en-el-museo-garcia-rodero-los-cuadros-no-premiados-en-el-ii-certamen-de-pintura-rapida","status":"publish","type":"post","link":"https:\/\/www.europesays.com\/es\/103673\/","title":{"rendered":"Puertollano:\u00a0A la venta en el Museo Garc\u00eda Rodero los cuadros no premiados en el II Certamen de Pintura R\u00e1pida"},"content":{"rendered":"<p>En el Museo Cristina Garc\u00eda Rodero se exponen hasta el 26 de septiembre los trabajos pict\u00f3ricos presentados al II Certamen de pintura r\u00e1pida \u201cSal\u00f3n de Arte Ciudad de Puertollano\u201d, celebrado el pasado s\u00e1bado dentro de la programaci\u00f3n de fiestas patronales.<\/p>\n<p><img fetchpriority=\"high\" decoding=\"async\" width=\"1320\" height=\"990\" data-id=\"899779\" src=\"https:\/\/www.europesays.com\/es\/wp-content\/uploads\/2025\/09\/expopintura-3-1320x990-1.jpg\" alt=\"\" class=\"wp-image-899779\"  \/><\/p>\n<p><img loading=\"lazy\" decoding=\"async\" width=\"1320\" height=\"990\" data-id=\"899780\" src=\"https:\/\/www.europesays.com\/es\/wp-content\/uploads\/2025\/09\/expopintura-2a-1320x990-1.jpg\" alt=\"\" class=\"wp-image-899780\"  \/><\/p>\n<p><img loading=\"lazy\" decoding=\"async\" width=\"1320\" height=\"990\" data-id=\"899778\" src=\"https:\/\/www.europesays.com\/es\/wp-content\/uploads\/2025\/09\/expopintura-2-1320x990-1.jpg\" alt=\"\" class=\"wp-image-899778\"  \/><\/p>\n<p><img loading=\"lazy\" decoding=\"async\" width=\"1200\" height=\"900\" data-id=\"899781\" src=\"https:\/\/www.europesays.com\/es\/wp-content\/uploads\/2025\/09\/expopintura-1.jpg\" alt=\"\" class=\"wp-image-899781\"  \/><\/p>\n<p>Se pueden ver las obras ganadoras de Miguel \u00c1ngel Medina Plaza, de la fachada de la Casa de Ba\u00f1o y de Emiliano Vozmediano L\u00f3pez, de la portada de la parroquia de Nuestra Se\u00f1ora de la Asunci\u00f3n.<\/p>\n<p>Un certamen que han repartido 11.800 euros entre cinco premios nacionales e internacionales, otros cinco locales y cuatro acc\u00e9sits, gracias a las aportaciones del Ayuntamiento de Puertollano y de diversas empresas con adquisici\u00f3n de las obras galardonadas.<\/p>\n<p>Las obras no premiadas se encuentran a la venta en el Museo en las que se pueden ver diversos espacios y edificios de Puertollano.<\/p>\n","protected":false},"excerpt":{"rendered":"En el Museo Cristina Garc\u00eda Rodero se exponen hasta el 26 de septiembre los trabajos pict\u00f3ricos presentados al&hellip;\n","protected":false},"author":2,"featured_media":103674,"comment_status":"","ping_status":"","sticky":false,"template":"","format":"standard","meta":{"footnotes":""},"categories":[173],"tags":[229,233,231,230,232,234,146,147,25,24,23],"class_list":{"0":"post-103673","1":"post","2":"type-post","3":"status-publish","4":"format-standard","5":"has-post-thumbnail","7":"category-arte-y-diseno","8":"tag-arte","9":"tag-arte-y-diseno","10":"tag-arts","11":"tag-arts-and-design","12":"tag-design","13":"tag-diseno","14":"tag-entertainment","15":"tag-entretenimiento","16":"tag-es","17":"tag-espana","18":"tag-spain"},"share_on_mastodon":{"url":"","error":""},"_links":{"self":[{"href":"https:\/\/www.europesays.com\/es\/wp-json\/wp\/v2\/posts\/103673","targetHints":{"allow":["GET"]}}],"collection":[{"href":"https:\/\/www.europesays.com\/es\/wp-json\/wp\/v2\/posts"}],"about":[{"href":"https:\/\/www.europesays.com\/es\/wp-json\/wp\/v2\/types\/post"}],"author":[{"embeddable":true,"href":"https:\/\/www.europesays.com\/es\/wp-json\/wp\/v2\/users\/2"}],"replies":[{"embeddable":true,"href":"https:\/\/www.europesays.com\/es\/wp-json\/wp\/v2\/comments?post=103673"}],"version-history":[{"count":0,"href":"https:\/\/www.europesays.com\/es\/wp-json\/wp\/v2\/posts\/103673\/revisions"}],"wp:featuredmedia":[{"embeddable":true,"href":"https:\/\/www.europesays.com\/es\/wp-json\/wp\/v2\/media\/103674"}],"wp:attachment":[{"href":"https:\/\/www.europesays.com\/es\/wp-json\/wp\/v2\/media?parent=103673"}],"wp:term":[{"taxonomy":"category","embeddable":true,"href":"https:\/\/www.europesays.com\/es\/wp-json\/wp\/v2\/categories?post=103673"},{"taxonomy":"post_tag","embeddable":true,"href":"https:\/\/www.europesays.com\/es\/wp-json\/wp\/v2\/tags?post=103673"}],"curies":[{"name":"wp","href":"https:\/\/api.w.org\/{rel}","templated":true}]}}