{"id":103691,"date":"2025-09-09T16:17:11","date_gmt":"2025-09-09T16:17:11","guid":{"rendered":"https:\/\/www.europesays.com\/es\/103691\/"},"modified":"2025-09-09T16:17:11","modified_gmt":"2025-09-09T16:17:11","slug":"un-modelo-clave-para-flotas","status":"publish","type":"post","link":"https:\/\/www.europesays.com\/es\/103691\/","title":{"rendered":"un modelo clave para flotas"},"content":{"rendered":"<p data-start=\"380\" data-end=\"770\">El fabricante de autom\u00f3viles Renault ha desvelado la sexta generaci\u00f3n del Clio, un modelo estrat\u00e9gico para el mercado espa\u00f1ol de flotas y renting, donde hist\u00f3ricamente se ha situado entre los veh\u00edculos m\u00e1s demandados.<\/p>\n<p data-start=\"380\" data-end=\"770\"><img loading=\"lazy\" decoding=\"async\" class=\"alignnone size-full wp-image-544024\" src=\"https:\/\/www.europesays.com\/es\/wp-content\/uploads\/2025\/09\/renault-clio-2025-9.jpg\" alt=\"\" width=\"1200\" height=\"849\"  \/><\/p>\n<p data-start=\"380\" data-end=\"770\">Con un dise\u00f1o revisado, motorizaciones optimizadas y un equipamiento tecnol\u00f3gico m\u00e1s completo, el nuevo Clio refuerza su posici\u00f3n en el segmento de los compactos urbanos, ha explicado la marca en una nota de prensa.<\/p>\n<p data-start=\"772\" data-end=\"1259\">Producido en la planta de Bursa (Turqu\u00eda), donde ya se han fabricado m\u00e1s de cinco millones de unidades, el nuevo Clio crece en dimensiones hasta 4,12 metros de longitud y 1,77 metros de anchura, con una batalla de 2,59 metros.<\/p>\n<p data-start=\"772\" data-end=\"1259\"><img loading=\"lazy\" decoding=\"async\" class=\"alignnone size-full wp-image-544023\" src=\"https:\/\/www.europesays.com\/es\/wp-content\/uploads\/2025\/09\/renault-clio-2025-8.jpg\" alt=\"\" width=\"1200\" height=\"693\"  \/><\/p>\n<p data-start=\"772\" data-end=\"1259\">El maletero del nuevo Clio alcanza 391 litros de capacidad, con un umbral de carga 40 mil\u00edmetros m\u00e1s bajo que en la generaci\u00f3n anterior, una caracter\u00edstica especialmente valorada en entornos corporativos por la facilidad de uso en operaciones de alta rotaci\u00f3n de veh\u00edculos.<\/p>\n<p data-start=\"1261\" data-end=\"1848\">La gran novedad t\u00e9cnica es la motorizaci\u00f3n h\u00edbrida full hybrid E-Tech de 160CV, que combina un motor de gasolina de 1,8 litros con dos motores el\u00e9ctricos y una bater\u00eda de 1,4 kWh, gestionados por una caja de cambios multimodo inteligente sin embrague. Esta configuraci\u00f3n permite una aceleraci\u00f3n de 0 a 100 km\/h en 8,3 segundos y un consumo homologado de 3,9 litros a los 100 km, con emisiones de 89 g\/km de CO\u2082.<\/p>\n<p data-start=\"1261\" data-end=\"1848\"><img loading=\"lazy\" decoding=\"async\" class=\"alignnone size-full wp-image-544020\" src=\"https:\/\/www.europesays.com\/es\/wp-content\/uploads\/2025\/09\/renault-clio-2025.jpg\" alt=\"\" width=\"1200\" height=\"745\"  \/><\/p>\n<p data-start=\"1261\" data-end=\"1848\">Renault ha se\u00f1alado que el sistema interno posibilita que el Clio circule hasta un 80% del tiempo en modo el\u00e9ctrico en entornos urbanos y ofrece una autonom\u00eda conjunta en carretera de hasta mil kil\u00f3metros.<\/p>\n<p data-start=\"1850\" data-end=\"2197\">La gama se completa con el motor TCe de 115CV, disponible con cambio manual o autom\u00e1tico EDC de doble embrague, y con una variante Eco-G de 120CV compatible con GLP, prevista para una fase posterior.<\/p>\n<p>Interior: reciclados, sostenibilidad<\/p>\n<p data-start=\"2199\" data-end=\"2700\">En el interior, Renault introduce materiales reciclados y un nuevo salpicadero con doble pantalla digital de hasta 10,1 pulgadas, acompa\u00f1ado del sistema multimedia OpenR Link con Google integrado.<\/p>\n<p data-start=\"2199\" data-end=\"2700\"><img loading=\"lazy\" decoding=\"async\" class=\"alignnone size-full wp-image-544025\" src=\"https:\/\/www.europesays.com\/es\/wp-content\/uploads\/2025\/09\/renault-clio-interior-2025.jpg\" alt=\"\" width=\"1200\" height=\"836\"  \/><\/p>\n<p data-start=\"2199\" data-end=\"2700\">Esta soluci\u00f3n, in\u00e9dita en el segmento seg\u00fan Renault, incluye de serie Google Maps, Google Assistant y acceso a aplicaciones a trav\u00e9s de Google Play. Tambi\u00e9n se ofrece cargador inal\u00e1mbrico para m\u00f3viles, conectividad inal\u00e1mbrica con Android Auto y Apple CarPlay y la posibilidad de actualizaciones remotas de software.<\/p>\n<p data-start=\"2702\" data-end=\"3180\">El nuevo Clio equipa 29 sistemas avanzados de asistencia a la conducci\u00f3n (ADAS), entre los que destacan el regulador de velocidad adaptativo inteligente, la alerta de salida segura de los ocupantes, el asistente de parada de emergencia y el frenado autom\u00e1tico en marcha atr\u00e1s.<\/p>\n<p data-start=\"2702\" data-end=\"3180\"><img loading=\"lazy\" decoding=\"async\" class=\"alignnone size-full wp-image-544022\" src=\"https:\/\/www.europesays.com\/es\/wp-content\/uploads\/2025\/09\/renault-clio-2025-6.jpg\" alt=\"\" width=\"1200\" height=\"1606\"  \/><\/p>\n<p data-start=\"2702\" data-end=\"3180\">A estos se suman funciones como el sistema Safety Score, que eval\u00faa la conducci\u00f3n con una puntuaci\u00f3n de 0 a 100, y el Safety Coach, que ofrece consejos personalizados para mejorar la seguridad.<\/p>\n<p data-start=\"3182\" data-end=\"3596\">La oferta comercial de este modelo se estructura en tres acabados: Evolution, Techno y esprit Alpine. Este \u00faltimo incorpora detalles en alc\u00e1ntara, llantas espec\u00edficas de 18 pulgadas y un paquete completo de ayudas a la conducci\u00f3n orientado a flotas premium.<\/p>\n<p data-start=\"3182\" data-end=\"3596\"><img loading=\"lazy\" decoding=\"async\" class=\"alignnone size-full wp-image-544021\" src=\"https:\/\/www.europesays.com\/es\/wp-content\/uploads\/2025\/09\/renault-clio-2025-4.jpg\" alt=\"\" width=\"1200\" height=\"759\"  \/><\/p>\n<p data-start=\"3182\" data-end=\"3596\">Entre los equipamientos de serie en toda la gama destacan el regulador de velocidad adaptativo, el frenado autom\u00e1tico de emergencia y la pantalla central de 10 pulgadas.<\/p>\n<p data-start=\"3598\" data-end=\"3965\">El Clio ha sido uno de los veh\u00edculos m\u00e1s vendidos de la marca desde su lanzamiento en 1990, con cerca de 17 millones de unidades matriculadas en 120 pa\u00edses y m\u00e1s de mil unidades producidas diariamente en Bursa.<\/p>\n<p data-start=\"3598\" data-end=\"3965\">El modelo fue el coche m\u00e1s vendido en el primer semestre de 2025 en Europa.<\/p>\n","protected":false},"excerpt":{"rendered":"El fabricante de autom\u00f3viles Renault ha desvelado la sexta generaci\u00f3n del Clio, un modelo estrat\u00e9gico para el mercado&hellip;\n","protected":false},"author":2,"featured_media":103692,"comment_status":"","ping_status":"","sticky":false,"template":"","format":"standard","meta":{"footnotes":""},"categories":[80],"tags":[82,95,94,25,24,25295,23],"class_list":{"0":"post-103691","1":"post","2":"type-post","3":"status-publish","4":"format-standard","5":"has-post-thumbnail","7":"category-economia","8":"tag-business","9":"tag-economia","10":"tag-economy","11":"tag-es","12":"tag-espana","13":"tag-novedad","14":"tag-spain"},"share_on_mastodon":{"url":"","error":""},"_links":{"self":[{"href":"https:\/\/www.europesays.com\/es\/wp-json\/wp\/v2\/posts\/103691","targetHints":{"allow":["GET"]}}],"collection":[{"href":"https:\/\/www.europesays.com\/es\/wp-json\/wp\/v2\/posts"}],"about":[{"href":"https:\/\/www.europesays.com\/es\/wp-json\/wp\/v2\/types\/post"}],"author":[{"embeddable":true,"href":"https:\/\/www.europesays.com\/es\/wp-json\/wp\/v2\/users\/2"}],"replies":[{"embeddable":true,"href":"https:\/\/www.europesays.com\/es\/wp-json\/wp\/v2\/comments?post=103691"}],"version-history":[{"count":0,"href":"https:\/\/www.europesays.com\/es\/wp-json\/wp\/v2\/posts\/103691\/revisions"}],"wp:featuredmedia":[{"embeddable":true,"href":"https:\/\/www.europesays.com\/es\/wp-json\/wp\/v2\/media\/103692"}],"wp:attachment":[{"href":"https:\/\/www.europesays.com\/es\/wp-json\/wp\/v2\/media?parent=103691"}],"wp:term":[{"taxonomy":"category","embeddable":true,"href":"https:\/\/www.europesays.com\/es\/wp-json\/wp\/v2\/categories?post=103691"},{"taxonomy":"post_tag","embeddable":true,"href":"https:\/\/www.europesays.com\/es\/wp-json\/wp\/v2\/tags?post=103691"}],"curies":[{"name":"wp","href":"https:\/\/api.w.org\/{rel}","templated":true}]}}