{"id":103693,"date":"2025-09-09T16:18:09","date_gmt":"2025-09-09T16:18:09","guid":{"rendered":"https:\/\/www.europesays.com\/es\/103693\/"},"modified":"2025-09-09T16:18:09","modified_gmt":"2025-09-09T16:18:09","slug":"netanyahu-ordena-la-evacuacion-de-la-ciudad-de-gaza","status":"publish","type":"post","link":"https:\/\/www.europesays.com\/es\/103693\/","title":{"rendered":"Netanyahu ordena la evacuaci\u00f3n de la ciudad de Gaza"},"content":{"rendered":"<p>Un periodista filma un ataque a\u00e9reo israel\u00ed sobre la Torre Mushtaha en el oeste de la Ciudad de Gaza, el 5 de septiembre de 2025. MOHAMMED SABER \/ EPA \/ EFE<\/p>\n<p>La ofensiva final sobre la ciudad de Gaza est\u00e1 en marcha. El Ejercito israel\u00ed ha emitido una <strong>orden de evacuaci\u00f3n<\/strong> que afecta a todos los habitantes de la capital de la Franja, alrededor de 1 mill\u00f3n de personas que ahora son obligadas a desplazarse hacia el sur. \u00abAprovechen esta oportunidad y escuchen atentamente. <strong>Est\u00e1n advertidos: v\u00e1yanse ahora<\/strong>\u00bb, dijo el primer ministro israel\u00ed, <strong>Benjam\u00edn Netanyahu<\/strong>, en un mensaje televisado.<\/p>\n<p>El mandatario hebreo asegur\u00f3 que en los pr\u00f3ximos dos d\u00edas proceder\u00e1n a derribar 50 grandes edificios de la ciudad de Gaza por medio de la fuerza a\u00e9rea. Esas \u00abtorres de la muerte\u00bb, como las llama Netanyahu, son el refugio de los milicianos de Ham\u00e1s, seg\u00fan el Gobierno israel\u00ed. Su bombardeo ser\u00e1 \u00abs\u00f3lo el principio\u00bb, dijo Netanyahu, de una operaci\u00f3n m\u00e1s importante: <strong>la entrada de \u00abtropas terrestres que se est\u00e1n reuniendo y organizando\u00bb para asaltar la ciudad<\/strong>. Esta ofensiva desbarata todos los esfuerzos de la comunidad internacional por conseguir un alto el fuego.<\/p>\n<p>El Ej\u00e9rcito israel\u00ed public\u00f3 en Internet un mapa para \u00abguiar\u00bb a los gazat\u00edes en su expulsi\u00f3n. Seg\u00fan este diagrama, los desplazados deben abandonar la ciudad a trav\u00e9s de la calle Al Rashid para enfilar el camino a la zona \u00abhumanitaria\u00bb de Al Mawasi. Este \u00e1rea, designada hace meses como \u00absegura\u00bb, ha recibido frecuentes ataques por parte de las fuerzas hebreas. A d\u00eda de hoy, all\u00ed se hacinan casi medio mill\u00f3n de refugiados palestinos. Naciones Unidas ya ha advertido de que los campamentos de Al Mawasi est\u00e1n superpoblados y son inseguros, y de que sus hospitales est\u00e1n colapsados y carecen de suministros.<\/p>\n<p>La situaci\u00f3n es tan desesperada que el mayor hospital de la capital se ha negado a seguir la orden de evacuaci\u00f3n. <strong>Mohammad Abu Salmia<\/strong>, director del hospital Shifa, asegur\u00f3 a EFE que \u00abla situaci\u00f3n ahora es extremadamente peligrosa\u00bb y que todos los hospitales de la urbe est\u00e1n no s\u00f3lo llenos, sino al 300% de su capacidad. \u00abNo se puede mover a los pacientes a ning\u00fan sitio de Gaza, tampoco al sur\u00bb, a\u00f1adi\u00f3.<\/p>\n<p>\u00abNos quedaremos con los pacientes, con los heridos, en el hospital, pero nuestras experiencias con la ocupaci\u00f3n [israel\u00ed] han sido terribles, por lo que <strong>pedimos una protecci\u00f3n internacional urgente<\/strong> para los hospitales, para el personal medico, y un corredor seguro para traer a los heridos al hospital\u00bb, afirm\u00f3 Abu Salmia.<\/p>\n<p>El bloqueo israel\u00ed de la ayuda humanitaria, adem\u00e1s, ha afectado a la llegada de tiendas de campa\u00f1a, por lo que muchos de los gazat\u00edes que pueden huir de la capital, en el hipot\u00e9tico caso de que hallaran un sitio en la saturada \u00e1rea de Al Mawasi, se ver\u00e1n obligados a vivir a la intemperie.<\/p>\n<p>Estas dram\u00e1ticas circunstancias no han movido un \u00e1pice la pretensi\u00f3n de Israel de arrasar la ciudad de Gaza. El ministro de Defensa, <strong>Israel Katz<\/strong>, inform\u00f3 de que ya han \u00abatacado y destruido\u00bb 30 edificios residenciales. Lo hizo, adem\u00e1s, recurriendo a la \u00e9pica en su cuenta de X: \u00abEl hurac\u00e1n azot\u00f3 ayer Gaza con una fuerza sin precedentes\u00bb.<\/p>\n<p><strong>Volker Turk<\/strong>, alto comisionado de la ONU para los Derechos Humanos, ha acusado a Israel de cometer \u00abun crimen de guerra tras otro\u00bb y se\u00f1ala que la escalada en la devastaci\u00f3n de Gaza est\u00e1 \u00abconmocionando la conciencia del mundo\u00bb.<\/p>\n<p>Lejos de darse por aludidos, los ministros de Netanyahu acusan de \u00abantisemita\u00bb a todo aquel que proteste contra la masacre. En esos mismos t\u00e9rminos se han referido, por ejemplo, a las medidas anunciadas ayer por el presidente espa\u00f1ol, <strong>Pedro S\u00e1nchez<\/strong>, como reacci\u00f3n del Gobierno ante el genocidio de Gaza. El ministro de Asuntos Exteriores israel\u00ed, <strong>Gideon Sa\u2019ar<\/strong>, acus\u00f3 a S\u00e1nchez de intentar tapar sus \u00abgraves esc\u00e1ndalos de corrupci\u00f3n\u00bb con \u00abcontinuos ataques antiisrael\u00edes y antisemitas\u00bb. El partido ultraderechista <strong>Vox <\/strong><a href=\"https:\/\/www.europapress.es\/nacional\/noticia-vox-acusa-sanchez-usar-politica-exterior-israel-cortina-humo-legitimar-hamas-20250909115704.html\" target=\"_blank\" rel=\"noreferrer noopener nofollow\">ha copiado el argumentario israel\u00ed<\/a> y a\u00f1ade, adem\u00e1s, que las medidas del Gobierno \u00ablegitiman\u00bb a la organizaci\u00f3n terrorista Ham\u00e1s, con quien \u2013conjeturan sin fundamento\u2013 est\u00e1 \u00abtendiendo puentes\u00bb.<\/p>\n","protected":false},"excerpt":{"rendered":"Un periodista filma un ataque a\u00e9reo israel\u00ed sobre la Torre Mushtaha en el oeste de la Ciudad de&hellip;\n","protected":false},"author":2,"featured_media":103694,"comment_status":"","ping_status":"","sticky":false,"template":"","format":"standard","meta":{"footnotes":""},"categories":[42],"tags":[13241,17,18,13,14,694,24556,11,61,62,63,64,74,19,20,9,10,15,16,76,12,21,22,65,66,67],"class_list":{"0":"post-103693","1":"post","2":"type-post","3":"status-publish","4":"format-standard","5":"has-post-thumbnail","7":"category-internacional","8":"tag-benjamin-netanyahu","9":"tag-breaking-news","10":"tag-breakingnews","11":"tag-featured-news","12":"tag-featurednews","13":"tag-gaza","14":"tag-genocidio-en-gaza","15":"tag-headlines","16":"tag-internacional","17":"tag-international","18":"tag-international-news","19":"tag-internationalnews","20":"tag-israel","21":"tag-latest-news","22":"tag-latestnews","23":"tag-news","24":"tag-noticias","25":"tag-noticias-destacadas","26":"tag-noticiasdestacadas","27":"tag-palestina","28":"tag-titulares","29":"tag-ultimas-noticias","30":"tag-ultimasnoticias","31":"tag-world","32":"tag-world-news","33":"tag-worldnews"},"share_on_mastodon":{"url":"","error":""},"_links":{"self":[{"href":"https:\/\/www.europesays.com\/es\/wp-json\/wp\/v2\/posts\/103693","targetHints":{"allow":["GET"]}}],"collection":[{"href":"https:\/\/www.europesays.com\/es\/wp-json\/wp\/v2\/posts"}],"about":[{"href":"https:\/\/www.europesays.com\/es\/wp-json\/wp\/v2\/types\/post"}],"author":[{"embeddable":true,"href":"https:\/\/www.europesays.com\/es\/wp-json\/wp\/v2\/users\/2"}],"replies":[{"embeddable":true,"href":"https:\/\/www.europesays.com\/es\/wp-json\/wp\/v2\/comments?post=103693"}],"version-history":[{"count":0,"href":"https:\/\/www.europesays.com\/es\/wp-json\/wp\/v2\/posts\/103693\/revisions"}],"wp:featuredmedia":[{"embeddable":true,"href":"https:\/\/www.europesays.com\/es\/wp-json\/wp\/v2\/media\/103694"}],"wp:attachment":[{"href":"https:\/\/www.europesays.com\/es\/wp-json\/wp\/v2\/media?parent=103693"}],"wp:term":[{"taxonomy":"category","embeddable":true,"href":"https:\/\/www.europesays.com\/es\/wp-json\/wp\/v2\/categories?post=103693"},{"taxonomy":"post_tag","embeddable":true,"href":"https:\/\/www.europesays.com\/es\/wp-json\/wp\/v2\/tags?post=103693"}],"curies":[{"name":"wp","href":"https:\/\/api.w.org\/{rel}","templated":true}]}}