{"id":103697,"date":"2025-09-09T16:27:04","date_gmt":"2025-09-09T16:27:04","guid":{"rendered":"https:\/\/www.europesays.com\/es\/103697\/"},"modified":"2025-09-09T16:27:04","modified_gmt":"2025-09-09T16:27:04","slug":"noventa-anos-de-bernado","status":"publish","type":"post","link":"https:\/\/www.europesays.com\/es\/103697\/","title":{"rendered":"Noventa a\u00f1os de Bernad\u00f3"},"content":{"rendered":"<p class=\"voc-pretitle\">\nlos martes toros\n<\/p>\n<p>Decir Bernad\u00f3 es decir buen toreo, es decir Barcelona, Madrid y M\u00e9xico<\/p>\n<p><img fetchpriority=\"high\" class=\"voc-img\" src=\"https:\/\/www.europesays.com\/es\/wp-content\/uploads\/2025\/09\/toros-RqlPqirlZHNUVDsmnJo6RvJ-1200x840@diario_abc.jpg\" loading=\"eager\" decoding=\"async\" alt=\"Joanqu\u00edn Bernad\u00f3\" width=\"1200\" height=\"840\"\/><\/p>\n<p>Joanqu\u00edn Bernad\u00f3    abc  <\/p>\n<p><img decoding=\"async\" class=\"voc-author__img\" src=\"https:\/\/www.europesays.com\/es\/wp-content\/uploads\/2025\/08\/autor-4921-foto-6.jpeg\" alt=\"\u00c1ngel Gonz\u00e1lez Abad\"\/><\/p>\n<p>09\/09\/2025<br \/>\n<br \/><strong><br \/>\nActualizado a las 18:10h.<br \/>\n<\/strong><\/p>\n<p class=\"voc-p\" style=\"\">El 12 de septiembre se cumplen noventa a\u00f1os del nacimiento en Santa Coloma del torero catal\u00e1n m\u00e1s importante de la historia, el de mayor proyecci\u00f3n internacional, el la naturalidad ante el toro. Joaqu\u00edn Bernad\u00f3 falleci\u00f3 hace tres a\u00f1os en la capital de Espa\u00f1a y con \u00e9l se fue una vida irrepetible, que arrastr\u00f3 a generaciones de aficionados. <\/p>\n<p class=\"voc-p\" style=\"\">Decir Bernad\u00f3 es decir buen toreo, es decir Barcelona, Madrid y M\u00e9xico. Irrumpi\u00f3 a mediados de los a\u00f1os cincuenta como novillero en la Monumental y compiti\u00f3 de t\u00fa a t\u00fa con el fen\u00f3meno social que signific\u00f3 Chamaco en aquellos a\u00f1os. Convenci\u00f3 a la c\u00e1tedra de Las Ventas en su presentaci\u00f3n como novillero en la temporada de 1955 y tom\u00f3 una alternativa de lujo en Castell\u00f3n al a\u00f1o siguiente de manos de Antonio Bienvenida y con Julio Aparicio como testigo.<\/p>\n<p class=\"voc-p\" style=\"\">A partir de ah\u00ed dej\u00f3 en los ruedos la impronta de su personalidad y de su calidad. En la Ciudad Condal tore\u00f3 doscientas cincuenta tardes, que se dice pronto, m\u00e1s de ciento cincuenta en ruedos mexicanos, en donde fue un \u00eddolo, casi setenta en Madrid\u2026 Una hoja de servicios mod\u00e9lica de quien vivi\u00f3 siempre por el toro y para el toro.<\/p>\n<p class=\"voc-p\" style=\"\">El 3 de septiembre de 1972 se anunci\u00f3 en la Monumental catalana frente a seis toros de Miura en un d\u00eda escrito con may\u00fasculas en los anales de la plaza. Tarde de salida a hombros, como tantas. Hubo tambi\u00e9n d\u00edas de dolor en su plaza con dos cornadas graves en las temporadas de 1962 y 1964, y de emoci\u00f3n en su primer adi\u00f3s el 24 de septiembre de 1983.<\/p>\n<p class=\"voc-p\" style=\"\">A\u00fan volvi\u00f3 a vestirse de luces cuatro a\u00f1os m\u00e1s tarde hasta su despedida definitiva en 1990 en el ruedo madrile\u00f1o. En la Escuela Taurina de Madrid imparti\u00f3 su honda filosof\u00eda taurina. Fue el mejor torero catal\u00e1n de la historia, un 12 de septiembre naci\u00f3 ahora hace noventa a\u00f1os.<\/p>\n<p>Reportar un error<\/p>\n","protected":false},"excerpt":{"rendered":"los martes toros Decir Bernad\u00f3 es decir buen toreo, es decir Barcelona, Madrid y M\u00e9xico Joanqu\u00edn Bernad\u00f3 abc&hellip;\n","protected":false},"author":2,"featured_media":103698,"comment_status":"","ping_status":"","sticky":false,"template":"","format":"standard","meta":{"footnotes":""},"categories":[277],"tags":[988,36226,373,168,25,24,34176,23,167,374],"class_list":{"0":"post-103697","1":"post","2":"type-post","3":"status-publish","4":"format-standard","5":"has-post-thumbnail","7":"category-toreo","8":"tag-anos","9":"tag-bernado","10":"tag-bullfighting","11":"tag-deportes","12":"tag-es","13":"tag-espana","14":"tag-noventa","15":"tag-spain","16":"tag-sports","17":"tag-toreo"},"share_on_mastodon":{"url":"","error":""},"_links":{"self":[{"href":"https:\/\/www.europesays.com\/es\/wp-json\/wp\/v2\/posts\/103697","targetHints":{"allow":["GET"]}}],"collection":[{"href":"https:\/\/www.europesays.com\/es\/wp-json\/wp\/v2\/posts"}],"about":[{"href":"https:\/\/www.europesays.com\/es\/wp-json\/wp\/v2\/types\/post"}],"author":[{"embeddable":true,"href":"https:\/\/www.europesays.com\/es\/wp-json\/wp\/v2\/users\/2"}],"replies":[{"embeddable":true,"href":"https:\/\/www.europesays.com\/es\/wp-json\/wp\/v2\/comments?post=103697"}],"version-history":[{"count":0,"href":"https:\/\/www.europesays.com\/es\/wp-json\/wp\/v2\/posts\/103697\/revisions"}],"wp:featuredmedia":[{"embeddable":true,"href":"https:\/\/www.europesays.com\/es\/wp-json\/wp\/v2\/media\/103698"}],"wp:attachment":[{"href":"https:\/\/www.europesays.com\/es\/wp-json\/wp\/v2\/media?parent=103697"}],"wp:term":[{"taxonomy":"category","embeddable":true,"href":"https:\/\/www.europesays.com\/es\/wp-json\/wp\/v2\/categories?post=103697"},{"taxonomy":"post_tag","embeddable":true,"href":"https:\/\/www.europesays.com\/es\/wp-json\/wp\/v2\/tags?post=103697"}],"curies":[{"name":"wp","href":"https:\/\/api.w.org\/{rel}","templated":true}]}}