{"id":103710,"date":"2025-09-09T16:36:12","date_gmt":"2025-09-09T16:36:12","guid":{"rendered":"https:\/\/www.europesays.com\/es\/103710\/"},"modified":"2025-09-09T16:36:12","modified_gmt":"2025-09-09T16:36:12","slug":"una-nina-dana-una-escultura-de-30-000-euros-al-trepar-por-ella-para-intentar-dibujar-sobre-un-cuadro-valorado-en-200-000-euros","status":"publish","type":"post","link":"https:\/\/www.europesays.com\/es\/103710\/","title":{"rendered":"Una ni\u00f1a da\u00f1a una escultura de 30.000 euros al trepar por ella para intentar dibujar sobre un cuadro valorado en 200.000 euros"},"content":{"rendered":"<p>Lo que pudo parecer una travesura infantil se complic\u00f3\u00a0\u2014aunque podr\u00eda haberlo hecho mucho m\u00e1s\u2014 cuando <b>una ni\u00f1a de cinco a\u00f1os acab\u00f3 da\u00f1ando una escultura de 30.000 euros<\/b> al trepar sobre ella para intentar sibujar sobre un cuadro valorado en unos 200.000 euros, seg\u00fan inform\u00f3 el medio el <a href=\"https:\/\/corrieredelveneto.corriere.it\/notizie\/venezia-mestre\/cronaca\/25_settembre_05\/jesolo-bambina-danneggia-una-scultura-in-oro-da-30-mila-euro-per-tentare-di-disegnare-sulla-preziosa-tela-bianca-di-enrico-3f24ac45-b0c5-47f4-a9ae-a8d291ec5xlk.shtml\" target=\"_blank\" rel=\"nofollow noopener\">Corriere del Veneto<\/a>.<\/p>\n<p>Los hechos ocurrieron el pasado 1 de septiembre, pero no trascendieron hasta d\u00edas despu\u00e9s, en la Galer\u00eda de Arte Orler de Jesolo, en el norte de Italia. La menor, de nacionalidad polaca, se escap\u00f3 del control de sus padres y, con un l\u00e1piz en la mano, se dirigi\u00f3 decidida a <b>dibujar sobre una\u00a0obra de Enrico Castellani, valorada en cerca de 200.000 euros<\/b>, y que representa un folio en blanco.\u00a0<\/p>\n<p>Esto es lo que debi\u00f3 animar a la imaginaci\u00f3n de la peque\u00f1a a dibujar sobre esta obra. Sin embargo, en su camino se encontr\u00f3 con un obst\u00e1culo que no dud\u00f3 en sortear. Para llegar hasta el cuadro <b>se subi\u00f3 a la escultura\u00a0Atenea Dorada, una ara\u00f1a de oro de 24 quilates<\/b> de Pecorelli. Una acci\u00f3n en la que acab\u00f3 rompiendo una de sus patas.<\/p>\n<p>El propietario de la galer\u00eda, Marco Orler, intervino r\u00e1pidamente y logr\u00f3 evitar da\u00f1os mayores:<b> el lienzo de Castellani result\u00f3 ileso<\/b>. Mientras, la pieza da\u00f1ada de la escultura fue reemplazada por otra similar. La familia acept\u00f3 pagar una compensaci\u00f3n econ\u00f3mica, pero la cuant\u00eda no ha sido revelada.<\/p>\n<p>El artista lament\u00f3 lo sucedido y se\u00f1al\u00f3 que el incidente pudo haber tenido consecuencias m\u00e1s graves, ya que junto a la escultura da\u00f1ada se encontraban otras obras de gran valor, entre ellas una pieza de Alighiero Boetti valorada en 295.000 euros, seg\u00fan han recogido los medio locales.\u00a0<\/p>\n","protected":false},"excerpt":{"rendered":"Lo que pudo parecer una travesura infantil se complic\u00f3\u00a0\u2014aunque podr\u00eda haberlo hecho mucho m\u00e1s\u2014 cuando una ni\u00f1a de&hellip;\n","protected":false},"author":2,"featured_media":103711,"comment_status":"","ping_status":"","sticky":false,"template":"","format":"standard","meta":{"footnotes":""},"categories":[173],"tags":[229,233,231,230,232,234,146,147,25,24,628,2932,23],"class_list":{"0":"post-103710","1":"post","2":"type-post","3":"status-publish","4":"format-standard","5":"has-post-thumbnail","7":"category-arte-y-diseno","8":"tag-arte","9":"tag-arte-y-diseno","10":"tag-arts","11":"tag-arts-and-design","12":"tag-design","13":"tag-diseno","14":"tag-entertainment","15":"tag-entretenimiento","16":"tag-es","17":"tag-espana","18":"tag-italia","19":"tag-ninos","20":"tag-spain"},"share_on_mastodon":{"url":"","error":""},"_links":{"self":[{"href":"https:\/\/www.europesays.com\/es\/wp-json\/wp\/v2\/posts\/103710","targetHints":{"allow":["GET"]}}],"collection":[{"href":"https:\/\/www.europesays.com\/es\/wp-json\/wp\/v2\/posts"}],"about":[{"href":"https:\/\/www.europesays.com\/es\/wp-json\/wp\/v2\/types\/post"}],"author":[{"embeddable":true,"href":"https:\/\/www.europesays.com\/es\/wp-json\/wp\/v2\/users\/2"}],"replies":[{"embeddable":true,"href":"https:\/\/www.europesays.com\/es\/wp-json\/wp\/v2\/comments?post=103710"}],"version-history":[{"count":0,"href":"https:\/\/www.europesays.com\/es\/wp-json\/wp\/v2\/posts\/103710\/revisions"}],"wp:featuredmedia":[{"embeddable":true,"href":"https:\/\/www.europesays.com\/es\/wp-json\/wp\/v2\/media\/103711"}],"wp:attachment":[{"href":"https:\/\/www.europesays.com\/es\/wp-json\/wp\/v2\/media?parent=103710"}],"wp:term":[{"taxonomy":"category","embeddable":true,"href":"https:\/\/www.europesays.com\/es\/wp-json\/wp\/v2\/categories?post=103710"},{"taxonomy":"post_tag","embeddable":true,"href":"https:\/\/www.europesays.com\/es\/wp-json\/wp\/v2\/tags?post=103710"}],"curies":[{"name":"wp","href":"https:\/\/api.w.org\/{rel}","templated":true}]}}