{"id":103714,"date":"2025-09-09T16:38:08","date_gmt":"2025-09-09T16:38:08","guid":{"rendered":"https:\/\/www.europesays.com\/es\/103714\/"},"modified":"2025-09-09T16:38:08","modified_gmt":"2025-09-09T16:38:08","slug":"todo-es-mentira-abalos-interviene-con-risto-mejide-y-cuestiona-la-entrevista-de-su-exmujer-en-telecinco-nunca-he-llevado-sobres","status":"publish","type":"post","link":"https:\/\/www.europesays.com\/es\/103714\/","title":{"rendered":"Todo es mentira: \u00c1balos interviene con Risto Mejide y cuestiona la entrevista de su exmujer en Telecinco: \u00abNunca he llevado sobres\u00bb"},"content":{"rendered":"<p class=\"article-text\">\n        <a href=\"https:\/\/www.eldiario.es\/vertele\/noticias\/telecinco-presenta-precio-santi-acosta-estrenara-temida-entrevista-ex-abalos_1_12571442.html\" data-mrf-recirculation=\"links-noticia\" class=\"link\" rel=\"nofollow noopener\" target=\"_blank\"><strong>Jos\u00e9 Luis \u00c1balos<\/strong><\/a>, exministro de Transportes, Movilidad y Agenda Urbana, ha intervenido este martes en <strong>Todo es mentira<\/strong> para reaccionar a la entrevista que <strong>Carolina Perles<\/strong>, su exmujer, conced\u00eda horas antes en <strong>Telecinco<\/strong>. Durante su programa de hoy, <strong>Risto Mejide<\/strong> ha permanecido atento a todas las puntualizaciones. Incluso se ha opuesto contundentemente a una de las declaraciones m\u00e1s sonadas: \u201c<strong>Yo nunca he llevado sobres<\/strong>\u201d.\n    <\/p>\n<p>    <a href=\"https:\/\/www.eldiario.es\/noticias\/precio-estreno-telecinco-carolina-pernes-estilo-rocio-carrasco-tinte-politico_1_12587535.html\" data-mrf-recirculation=\"saber-mas\" data-dl-event=\"saber-mas\" rel=\"nofollow noopener\" target=\"_blank\"><\/p>\n<p class=\"know-more__title\">&#8216;El precio de&#8230;&#8217; se estren\u00f3 en Telecinco con Carolina Perles al estilo Roc\u00edo Carrasco, pero con m\u00e1s tinte pol\u00edtico<\/p>\n<p>            <img decoding=\"async\" class=\"lazy\" loading=\"lazy\" data-src=\"https:\/\/static.eldiario.es\/clip\/9e96dd6c-b112-4dc3-a2f9-0fbc1242da37_16-9-aspect-ratio_default_0.jpg\" src=\"data:image\/svg+xml,%3Csvg xmlns=\" http:=\"\" viewbox=\"0 0 880 495\" alt=\"'El precio de...' se estren\u00f3 en Telecinco con Carolina Perles al estilo Roc\u00edo Carrasco, pero con m\u00e1s tinte pol\u00edtico\"\/><\/p>\n<p>                        <\/a><\/p>\n<p class=\"article-text\">\n        En primer lugar, Mejide ha querido conocer si \u00c1balos sintoniz\u00f3 con <a href=\"https:\/\/www.eldiario.es\/vertele\/noticias\/precio-estreno-telecinco-carolina-pernes-estilo-rocio-carrasco-tinte-politico_1_12587535.html\" data-mrf-recirculation=\"links-noticia\" class=\"link\" rel=\"nofollow noopener\" target=\"_blank\">El precio de\u2026<\/a> para conocer el testimonio al completo de su exesposa. \u201c<strong>No me quedaba otra, era excepcional la cuesti\u00f3n<\/strong>. [\u2026] Yo no ser\u00eda capaz de hablar de ninguna pareja que haya podido tener, menos a\u00fan de la madre de mis hijos\u201d, ha sentenciado frente a los espectadores de <strong>Cuatro<\/strong>.\n    <\/p>\n<p class=\"article-text\">\n        Mucho se ha especulado sobre las razones por las que Perles acept\u00f3 el encargo de Mediaset Espa\u00f1a, sin embargo, \u00c1balos se ha mostrado contundente: \u201cS\u00e9 los motivos. Es una <strong>oferta econ\u00f3mica muy sabrosa y tentadora<\/strong>. Es f\u00e1cil sucumbir a una propuesta de este tipo. <strong>Yo tambi\u00e9n fui invitado <\/strong>al programa para contar mi versi\u00f3n. Declin\u00e9 porque entiendo que hay un proceso en marcha en fase de instrucci\u00f3n\u201d.\n    <\/p>\n<p class=\"article-text\">\n        En segundo lugar, Jos\u00e9 Luis \u00c1balos ha querido aclarar que \u201cno se ha abierto la fase de juicio\u201d. \u201c<strong>Si hay algo que decir, hay que decirlo en el tribunal<\/strong>\u201d. Incluso ha mirado fijamente a c\u00e1mara para hacer una petici\u00f3n: procurar \u201cque se mantenga reservada la informaci\u00f3n\u201d y as\u00ed evitar que haya \u201cintoxicaci\u00f3n\u201d.\n    <\/p>\n<blockquote class=\"twitter-tweet\" data-lang=\"es\"><p><a href=\"https:\/\/twitter.com\/X\/status\/1965417094297645131?ref_src=twsrc%5Etfw\" rel=\"nofollow noopener\" target=\"_blank\"><\/p><\/blockquote>\n<p class=\"article-text\">\n        Mientras insist\u00eda en que Carolina Perles no hubiese concedido la entrevista \u201csi no hubiera tenido la oferta econ\u00f3mica\u201d, Mejide ha intervenido para conocer por qu\u00e9 ese testimonio se hab\u00eda calificado como \u201cel m\u00e1s temido\u201d para \u00c1balos. <strong>\u201cEso es una frase que le dan hecha para guionizar<\/strong> y presentar el documental\u201d, ha sentenciado a continuaci\u00f3n.\n    <\/p>\n<p>    Lo califica de \u201cguionizado, dirigido y con sesgo evidente\u201d<\/p>\n<p class=\"article-text\">\n        Partiendo de esta premisa, el exministro ha incidido en que la entrevista de su exmujer estaba contribuyendo a que se hiciese \u201c<strong>un juicio paralelo de libro<\/strong>\u201d. Es m\u00e1s, no ha encontrado impedimento a calificar dicha intervenci\u00f3n en televisi\u00f3n como algo <strong>\u201cguionizado, dirigido y con sesgo evidente\u201d<\/strong>. \u201cLo que no se ha abierto es un debate en torno a los juicios paralelos\u201d, ha continuado explicando, insistiendo en que hay que respetar derechos fundamentales como \u201c<strong>la presunci\u00f3n de inocencia<\/strong>\u201d.\n    <\/p>\n<p>    <a href=\"https:\/\/www.eldiario.es\/vertele\/audiencias-tv\/lunes-8-septiembre-2025-asi-comenzado-telecinco-curso-audiencias-estrenos-ana-rosa-el-tiempo-justo-el-precio-de_1_12588014.html\" data-mrf-recirculation=\"saber-mas-abajo\" data-dl-event=\"saber-mas-abajo\" rel=\"nofollow noopener\" target=\"_blank\"><\/p>\n<p class=\"know-more__title\">As\u00ed ha comenzado Telecinco su curso en audiencias con m\u00e1s Ana Rosa y los estrenos de &#8216;El tiempo justo&#8217; y &#8216;El precio de&#8217;\n<\/p>\n<p>            <img decoding=\"async\" class=\"lazy\" loading=\"lazy\" data-src=\"https:\/\/static.eldiario.es\/clip\/dbfe244a-f84c-4e5f-b4c1-dc6db40b580d_16-9-aspect-ratio_default_0.jpg\" src=\"data:image\/svg+xml,%3Csvg xmlns=\" http:=\"\" viewbox=\"0 0 880 495\" alt=\"As\u00ed ha comenzado Telecinco su curso en audiencias con m\u00e1s Ana Rosa y los estrenos de 'El tiempo justo' y 'El precio de'\"\/><\/p>\n<p>                        <\/a><\/p>\n<p class=\"article-text\">\n        En tercer lugar, el programa Todo es mentira ha puesto la lupa en una de las confesiones de Perles. Sobre \u201clos billetes en sobres\u201d a los que se hizo alusi\u00f3n en El precio de\u2026, \u00c1balos ha reaccionado tajante: \u201c<strong>Yo nunca he llevado sobres<\/strong>, porque, entre otras cosas, un ministro no lleva sobres. Es verdad que el sistema de pagos, gastos, funciona de dos formas\u201d. El exministro ha explicado esos procedimientos: \u201cEl ministro no tiene tarjeta de cr\u00e9dito, tampoco el secretario de organizaci\u00f3n del PSOE. Normalmente, uno adelanta el gasto y luego se te reembolsa. <strong>Cuando hay una previsi\u00f3n de gasto, se pide un adelanto y se justifica a posteriori<\/strong>. Nadie est\u00e1 obligado a anticipar de su dinero cualquier cantidad\u201d.\n    <\/p>\n<p>                                    <script async src=\"https:\/\/platform.twitter.com\/widgets.js\" charset=\"utf-8\"><\/script><\/p>\n","protected":false},"excerpt":{"rendered":"Jos\u00e9 Luis \u00c1balos, exministro de Transportes, Movilidad y Agenda Urbana, ha intervenido este martes en Todo es mentira&hellip;\n","protected":false},"author":2,"featured_media":103715,"comment_status":"","ping_status":"","sticky":false,"template":"","format":"standard","meta":{"footnotes":""},"categories":[171],"tags":[32397,36231,954,146,147,3141,25,24,36230,5610,36229,36232,36228,24468,23,692,214],"class_list":{"0":"post-103714","1":"post","2":"type-post","3":"status-publish","4":"format-standard","5":"has-post-thumbnail","7":"category-tv","8":"tag-abalos","9":"tag-carolina-perles","10":"tag-cuatro","11":"tag-entertainment","12":"tag-entretenimiento","13":"tag-entrevista","14":"tag-es","15":"tag-espana","16":"tag-exmujer-abalos","17":"tag-jose-luis-abalos","18":"tag-mejide","19":"tag-perles","20":"tag-risto","21":"tag-risto-mejide","22":"tag-spain","23":"tag-telecinco","24":"tag-tv"},"share_on_mastodon":{"url":"","error":""},"_links":{"self":[{"href":"https:\/\/www.europesays.com\/es\/wp-json\/wp\/v2\/posts\/103714","targetHints":{"allow":["GET"]}}],"collection":[{"href":"https:\/\/www.europesays.com\/es\/wp-json\/wp\/v2\/posts"}],"about":[{"href":"https:\/\/www.europesays.com\/es\/wp-json\/wp\/v2\/types\/post"}],"author":[{"embeddable":true,"href":"https:\/\/www.europesays.com\/es\/wp-json\/wp\/v2\/users\/2"}],"replies":[{"embeddable":true,"href":"https:\/\/www.europesays.com\/es\/wp-json\/wp\/v2\/comments?post=103714"}],"version-history":[{"count":0,"href":"https:\/\/www.europesays.com\/es\/wp-json\/wp\/v2\/posts\/103714\/revisions"}],"wp:featuredmedia":[{"embeddable":true,"href":"https:\/\/www.europesays.com\/es\/wp-json\/wp\/v2\/media\/103715"}],"wp:attachment":[{"href":"https:\/\/www.europesays.com\/es\/wp-json\/wp\/v2\/media?parent=103714"}],"wp:term":[{"taxonomy":"category","embeddable":true,"href":"https:\/\/www.europesays.com\/es\/wp-json\/wp\/v2\/categories?post=103714"},{"taxonomy":"post_tag","embeddable":true,"href":"https:\/\/www.europesays.com\/es\/wp-json\/wp\/v2\/tags?post=103714"}],"curies":[{"name":"wp","href":"https:\/\/api.w.org\/{rel}","templated":true}]}}